{"id":86907,"date":"2020-05-28T11:01:59","date_gmt":"2020-05-28T15:01:59","guid":{"rendered":"https:\/\/linitiative.ca\/International\/lidee-est-soufflee-par-aziz-tounsi-quand-les-masques-inspirent-les-artistes-peintres\/"},"modified":"2020-05-28T11:01:59","modified_gmt":"2020-05-28T15:01:59","slug":"lidee-est-soufflee-par-aziz-tounsi-quand-les-masques-inspirent-les-artistes-peintres","status":"publish","type":"post","link":"https:\/\/linitiative.ca\/International\/lidee-est-soufflee-par-aziz-tounsi-quand-les-masques-inspirent-les-artistes-peintres\/","title":{"rendered":"L\u2019id\u00e9e est souffl\u00e9e par Aziz Tounsi : Quand les masques inspirent les artistes-peintres"},"content":{"rendered":"<p><img decoding=\"async\" class=\"post_layout_5_img\" src=\"http:\/\/aujourdhui.ma\/wp-content\/uploads\/2020\/05\/Aziz-Tounsi-masques-inspirent-les-artistes-peintres.jpg\" alt=\"L&#x2019;id&#xE9;e est souffl&#xE9;e par Aziz Tounsi : Quand les masques inspirent les artistes-peintres\"\/><\/p>\n<p><span class=\"c7\"><strong>\u00abCe sont de vrais masques en tissu. Chacun en a choisi un qui lui convient et a essay\u00e9 d\u2019y faire preuve de cr\u00e9ativit\u00e9 et d\u2019aborder le sujet du Covid-19\u00bb.<\/strong><\/span><span id=\"more-346052\"\/><\/p>\n<p>In\u00e9dit. Les masques m\u00e9dicaux n\u2019ont pas \u00e9chapp\u00e9 \u00e0 l\u2019inspiration de l\u2019artiste-peintre Aziz Tounsi en ces temps de corona. Une belle id\u00e9e qu\u2019il immortalisera le temps de l\u2019exposition en ligne \u00abPeintures sur masques\u00bb avec une vingtaine de cr\u00e9ateurs marocains. Un \u00e9v\u00e9nement virtuel, pr\u00e9vu le 29 mai soir sur la page officielle du centre culturel Sala Al-Jadida qui sera \u00e9gay\u00e9e par ces \u0153uvres. \u00abCe sont de vrais masques en tissu. Chacun en a choisi un qui lui convient et a essay\u00e9 d\u2019y faire preuve de cr\u00e9ativit\u00e9 et d\u2019aborder le sujet du Covid-19.<\/p>\n<p>Le tout en portant ce masque\u00bb, pr\u00e9cise Aziz Tounsi \u00e9galement commissaire de l\u2019exposition en \u00e9tayant les insinuations de l\u2019exposition. \u00abC\u2019est pour dire que l\u2019artiste-peintre est conscient de toutes les mesures sanitaires destin\u00e9es \u00e0 se pr\u00e9munir tout en s\u2019engageant \u00e0 respecter les conditions pr\u00e9ventives. C\u2019est pour insinuer en m\u00eame temps que ces masques, qui sont un moyen de protection, ont fait l\u2019objet de la cr\u00e9ativit\u00e9 de cet artiste qui y a appos\u00e9 son dessin tout en essayant de livrer une copie d\u2019un produit artistique portant des messages\u00bb, d\u00e9taille M. Tounsi qui indique que le directeur du centre culturel est assez enthousiaste \u00e0 l\u2019id\u00e9e et l\u2019\u00e9v\u00e9nement. Ces objets sont, pour le commissaire, des \u0153uvres artistiques, extraordinaires et \u00e0 la hauteur, qui peuvent \u00eatre mises sur des superficies de tissu selon une dimension qui peut \u00e9galement faire l\u2019objet de la cr\u00e9ativit\u00e9 de l\u2019artiste. De quoi bien se souvenir du coronavirus.<\/p>\n<p>Cela \u00e9tant, le commissaire de l\u2019exposition ne manque pas d\u2019\u00e9num\u00e9rer les artistes-peintres participants. Il s\u2019agit de Hassan Echebough et Imane Essellami, de Casablanca, Abdelaziz El Alami de F\u00e8s, Mustapha Ghoumani et Hamza Tounsi de Sal\u00e9, Aziz Tounsi de Rabat, Mohamed Mikou de F\u00e8s, Abdellah Rami et Toufik Essyaihi de K\u00e9nitra, Mohamed Chouikh Ben Seffaj de T\u00e9touan, Hamid Boukhraz de K\u00e9nitra, Zhor El Maanani d\u2019El Jadida, Fatima El Akrad de Sal\u00e9, Mohamed El Allami de Kh\u00e9nifra, Mounir Benrkia de Tanger, Badr El Mesbahi de Larache, Noureddine El Haimeur de Beni Mellal, Othman Chemlani de Sal\u00e9, Khalid El Alouaji de Sala El Jadida, Khadija Rachad, Abdellah Bouzrik et Soufiane Ouerradi de Beni Mellal. Et ce n\u2019est pas tout. La cr\u00e9ativit\u00e9 d\u2019Aziz Tounsi ne se limite pas aux masques. \u00abDepuis le d\u00e9but du confinement, j\u2019ai commenc\u00e9 \u00e0 travailler sur une toile surr\u00e9aliste pour documenter le Covid-19\u00bb, confie-t-il.<\/p>\n<p>Auteur: Salima Guisser<br \/>\n<a href=\"https:\/\/aujourdhui.ma\/culture\/lidee-est-soufflee-par-aziz-tounsi-quand-les-masques-inspirent-les-artistes-peintres\">Cliquez ici pour lire l&rsquo;article depuis sa source.<\/a><\/p>\n","protected":false},"excerpt":{"rendered":"<p>\u00abCe sont de vrais masques en tissu. Chacun en a choisi un qui lui convient et a essay\u00e9 d\u2019y faire preuve de cr\u00e9ativit\u00e9 et d\u2019aborder le sujet du Covid-19\u00bb. In\u00e9dit. Les masques m\u00e9dicaux n\u2019ont pas \u00e9chapp\u00e9 \u00e0 l\u2019inspiration de l\u2019artiste-peintre Aziz Tounsi en ces temps de corona. Une belle id\u00e9e qu\u2019il immortalisera le temps de [&hellip;]<\/p>\n","protected":false},"author":1759,"featured_media":86908,"comment_status":"closed","ping_status":"closed","sticky":false,"template":"","format":"standard","meta":{"fifu_image_url":"","fifu_image_alt":"","footnotes":""},"categories":[73,54],"tags":[],"class_list":["post-86907","post","type-post","status-publish","format-standard","has-post-thumbnail","hentry","category-actualite","category-maroc"],"_links":{"self":[{"href":"https:\/\/linitiative.ca\/International\/wp-json\/wp\/v2\/posts\/86907","targetHints":{"allow":["GET"]}}],"collection":[{"href":"https:\/\/linitiative.ca\/International\/wp-json\/wp\/v2\/posts"}],"about":[{"href":"https:\/\/linitiative.ca\/International\/wp-json\/wp\/v2\/types\/post"}],"author":[{"embeddable":true,"href":"https:\/\/linitiative.ca\/International\/wp-json\/wp\/v2\/users\/1759"}],"replies":[{"embeddable":true,"href":"https:\/\/linitiative.ca\/International\/wp-json\/wp\/v2\/comments?post=86907"}],"version-history":[{"count":0,"href":"https:\/\/linitiative.ca\/International\/wp-json\/wp\/v2\/posts\/86907\/revisions"}],"wp:featuredmedia":[{"embeddable":true,"href":"https:\/\/linitiative.ca\/International\/wp-json\/"}],"wp:attachment":[{"href":"https:\/\/linitiative.ca\/International\/wp-json\/wp\/v2\/media?parent=86907"}],"wp:term":[{"taxonomy":"category","embeddable":true,"href":"https:\/\/linitiative.ca\/International\/wp-json\/wp\/v2\/categories?post=86907"},{"taxonomy":"post_tag","embeddable":true,"href":"https:\/\/linitiative.ca\/International\/wp-json\/wp\/v2\/tags?post=86907"}],"curies":[{"name":"wp","href":"https:\/\/api.w.org\/{rel}","templated":true}]}}