{"id":86910,"date":"2020-05-28T11:05:35","date_gmt":"2020-05-28T15:05:35","guid":{"rendered":"https:\/\/linitiative.ca\/International\/afghanistan-lechange-de-prisonniers-comme-premier-pas-vers-la-paix\/"},"modified":"2020-05-28T11:05:35","modified_gmt":"2020-05-28T15:05:35","slug":"afghanistan-lechange-de-prisonniers-comme-premier-pas-vers-la-paix","status":"publish","type":"post","link":"https:\/\/linitiative.ca\/International\/afghanistan-lechange-de-prisonniers-comme-premier-pas-vers-la-paix\/","title":{"rendered":"Afghanistan: L\u2019\u00e9change de prisonniers comme premier pas vers la paix?"},"content":{"rendered":"<p class=\"has-text-color c2\"><strong>Apr\u00e8s avoir multipli\u00e9 ces derni\u00e8res semaines leurs assauts contre les forces afghanes, les talibans ont surpris tout le monde en d\u00e9clarant, samedi dernier et de mani\u00e8re unilat\u00e9rale, un cessez-le-feu afin de permettre \u00e0 leurs concitoyens de c\u00e9l\u00e9brer l\u2019A\u00efd El Fitr \u00abdans la paix et le confort\u00bb.<\/strong><\/p>\n<p>Ayant favorablement accueilli ce r\u00e9pit et formul\u00e9 le souhait qu\u2019il puisse se prolonger de mani\u00e8re \u00e0 permettre le d\u00e9marrage des pourparlers n\u00e9cessaires au processus de paix, le gouvernement afghan a, d\u00e8s le lendemain et dans un geste de bonne volont\u00e9, lanc\u00e9 une proc\u00e9dure visant la lib\u00e9ration de 2000 prisonniers talibans.<\/p>\n<p>Aussi, ce mardi, le gouvernement afghan a annonc\u00e9, par l\u2019entremise du porte-parole de son Conseil de s\u00e9curit\u00e9, Javid Faisal, son intention de lib\u00e9rer, dans les prochains jours, quelques 900 prisonniers talibans en \u00e9change des 200 membres des \u00abforces de l\u2019administration de Kaboul\u00bb que les talibans d\u00e9tiennent. Aussi, un membre des talibans a signal\u00e9 l\u2019enti\u00e8re disposition des insurg\u00e9s de poursuivre la tr\u00eave \u00ab si le gouvernement acc\u00e9l\u00e8re la lib\u00e9ration des prisonniers\u00bb quand bien m\u00eame Zabihullah Mudjahid, le porte-parole officiel des talibans a d\u00e9clar\u00e9 n\u2019avoir \u00abaucune information\u00bb sur le sujet.<\/p>\n<p>Or, bien que les troupes am\u00e9ricaines aient commenc\u00e9 leur retrait conform\u00e9ment aux stipulations de l\u2019accord de Doha, force est de reconna\u00eetre que les talibans n\u2019ont pas d\u00e9pos\u00e9 les armes et qu\u2019en cons\u00e9quence, les violences inter-afghanes se sont poursuivies. Pour rappel, cet \u00e9change de prisonniers \u2013 jusqu\u2019\u00e0 5.000 talibans contre 1.000 membres des forces afghanes \u2013 est pr\u00e9vu par l\u2019accord sign\u00e9 le 29 f\u00e9vrier dernier \u00e0 Doha entre Washington et les Talibans qui bien que non encore ratifi\u00e9 par le gouvernement de Kaboul a permis avant m\u00eame le cessez-le-feu de samedi dernier, la lib\u00e9ration de pr\u00e8s de 1.000 d\u00e9tenus talibans en contrepartie de 300 membres des \u00abforces de l\u2019administration de Kaboul\u00bb d\u00e9tenus par les talibans.<\/p>\n<p>C\u2019est dans ce cadre que le 11 mars, le pr\u00e9sident afghan Ashraf Ghani avait publi\u00e9 un d\u00e9cret ordonnant la lib\u00e9ration de 5.000 talibans et que les insurg\u00e9s avaient consenti \u00e0 lib\u00e9rer 1.000 soldats afghans. Cet \u00e9change de prisonniers ayant \u00e9t\u00e9 report\u00e9 \u00e0 plusieurs reprises, ce n\u2019est que le 10 mai dernier que pr\u00e8s d\u2019un millier de combattants talibans et 200 soldats des forces gouvernementales ont \u00e9t\u00e9 lib\u00e9r\u00e9s par les deux parties.<\/p>\n<p>Aussi, s\u2019il reste vrai que l\u2019accord du 29 f\u00e9vrier n\u2019a pas de tr\u00e8s grandes chances d\u2019assurer \u00e0 l\u2019Afghanistan une paix d\u00e9finitive et durable, il n\u2019en demeure pas moins vrai qu\u2019il constitue, n\u00e9anmoins, une lueur d\u2019espoir d\u00e8s lors qu\u2019il a ouvert une br\u00e8che sur le chemin de la paix dans un pays ravag\u00e9 par quatre d\u00e9cennies de guerres et de destruction et permis aux protagonistes de se r\u00e9soudre \u00e0 enterrer la hache de guerre et \u00e0 dialoguer. Pour la suite, attendons pour voir\u2026<\/p>\n<p class=\"c3\"><strong>Nabil El Bousaadi<\/strong><\/p>\n<p>Auteur: M&rsquo;hammed rahal<br \/>\n<a href=\"http:\/\/albayane.press.ma\/afghanistan-lechange-de-prisonniers-comme-premier-pas-vers-la-paix.html\">Cliquez ici pour lire l&rsquo;article depuis sa source.<\/a><\/p>\n","protected":false},"excerpt":{"rendered":"<p>Apr\u00e8s avoir multipli\u00e9 ces derni\u00e8res semaines leurs assauts contre les forces afghanes, les talibans ont surpris tout le monde en d\u00e9clarant, samedi dernier et de mani\u00e8re unilat\u00e9rale, un cessez-le-feu afin de permettre \u00e0 leurs concitoyens de c\u00e9l\u00e9brer l\u2019A\u00efd El Fitr \u00abdans la paix et le confort\u00bb. Ayant favorablement accueilli ce r\u00e9pit et formul\u00e9 le souhait [&hellip;]<\/p>\n","protected":false},"author":1760,"featured_media":0,"comment_status":"closed","ping_status":"closed","sticky":false,"template":"","format":"standard","meta":{"fifu_image_url":"","fifu_image_alt":"","footnotes":""},"categories":[73,54],"tags":[],"class_list":["post-86910","post","type-post","status-publish","format-standard","hentry","category-actualite","category-maroc"],"_links":{"self":[{"href":"https:\/\/linitiative.ca\/International\/wp-json\/wp\/v2\/posts\/86910","targetHints":{"allow":["GET"]}}],"collection":[{"href":"https:\/\/linitiative.ca\/International\/wp-json\/wp\/v2\/posts"}],"about":[{"href":"https:\/\/linitiative.ca\/International\/wp-json\/wp\/v2\/types\/post"}],"author":[{"embeddable":true,"href":"https:\/\/linitiative.ca\/International\/wp-json\/wp\/v2\/users\/1760"}],"replies":[{"embeddable":true,"href":"https:\/\/linitiative.ca\/International\/wp-json\/wp\/v2\/comments?post=86910"}],"version-history":[{"count":0,"href":"https:\/\/linitiative.ca\/International\/wp-json\/wp\/v2\/posts\/86910\/revisions"}],"wp:attachment":[{"href":"https:\/\/linitiative.ca\/International\/wp-json\/wp\/v2\/media?parent=86910"}],"wp:term":[{"taxonomy":"category","embeddable":true,"href":"https:\/\/linitiative.ca\/International\/wp-json\/wp\/v2\/categories?post=86910"},{"taxonomy":"post_tag","embeddable":true,"href":"https:\/\/linitiative.ca\/International\/wp-json\/wp\/v2\/tags?post=86910"}],"curies":[{"name":"wp","href":"https:\/\/api.w.org\/{rel}","templated":true}]}}