{"id":86911,"date":"2020-05-28T11:22:28","date_gmt":"2020-05-28T15:22:28","guid":{"rendered":"https:\/\/linitiative.ca\/International\/nous-vous-aideront-a-affiner-le-protocole-si-cela-est-necessaire\/"},"modified":"2020-05-28T11:22:28","modified_gmt":"2020-05-28T15:22:28","slug":"nous-vous-aideront-a-affiner-le-protocole-si-cela-est-necessaire","status":"publish","type":"post","link":"https:\/\/linitiative.ca\/International\/nous-vous-aideront-a-affiner-le-protocole-si-cela-est-necessaire\/","title":{"rendered":"\u00abNous vous aideront \u00e0 affiner le protocole si cela est n\u00e9cessaire\u00bb"},"content":{"rendered":"<p class=\"has-text-color has-vivid-red-color c2\"><strong>Covid-Organics\u00a0: les efforts de Madagascar enfin reconnus par l\u2019OMS<\/strong><\/p>\n<p class=\"c3\"><strong>Romuald Djabioh<\/strong><\/p>\n<div class=\"wp-block-image\"><img loading=\"lazy\" decoding=\"async\" src=\"http:\/\/albayane.press.ma\/wp-content\/uploads\/M\u00e9daillon2.jpg\" alt=\"\" class=\"wp-image-89940\" width=\"212\" height=\"151\"\/><\/div>\n<p class=\"has-text-color has-vivid-cyan-blue-color c4\"><strong>Le directeur g\u00e9n\u00e9ral de l\u2019OMS Tedros Adhanon Ghebreyesus, s\u2019est entretenu derni\u00e8rement par visioconf\u00e9rence avec Andry Rajoelina, pr\u00e9sident de Madagascar. Plusieurs axes ont ponctu\u00e9 cet \u00e9change, entre autres, la signature de l\u2019accord de confidentialit\u00e9, l\u2019accompagnement de Madagascar dans le processus d\u2019\u00e9laboration d\u2019essais cliniques, l\u2019adoption d\u2019un accord de non-divulgation des deux m\u00e9dicaments injectables\u2026<\/strong><\/p>\n<p>Les deux protagonistes ont \u00e9chang\u00e9 sur des sujets d\u2019actualit\u00e9, \u00e0 savoir la signature d\u2019un accord de confidentialit\u00e9 en rapport avec la fabrication du Covid-Organics, comme voulu par Andry Rajoelina, l\u2019accompagnement de Madagascar dans le processus d\u2019observations cliniques qui s\u2019\u00e9tendra sur \u00a0tout le continent africain, l\u2019accord de la non-divulgation des deux m\u00e9dicaments injectables fabriqu\u00e9s par l\u2019Institut Malagasy de Recherches Appliqu\u00e9es.<\/p>\n<p>En effet de par un constat\u00a0: celui de la volont\u00e9 manifeste de la majorit\u00e9 des pays touch\u00e9s par la pand\u00e9mie et qui s\u2019efforcent tant bien que mal \u00e0 multiplier des actions fortes en vue de trouver l\u2019antidote qui sauvera le monde, Andry Rajoelina a fait savoir \u00e0 son interlocuteur, non seulement\u00a0 les ambitions de Madagascar mais aussi celles des autres nations. \u00a0\u00ab\u00a0Comme vous le savez docteur Tedros, tous les pays sont actuellement touch\u00e9s par cette pand\u00e9mie qu\u2019est Coronavirus. L\u2019objectif de chaque Etat est de vraiment limiter\u00a0 sa propagation et de faire le moins possible de victimes\u00a0\u00bb.<\/p>\n<p>Plusieurs protocoles ont \u00e9t\u00e9 \u00e9labor\u00e9s par les chercheurs et scientifiques de l\u2019Institut de Recherches Appliqu\u00e9es Malagasy pour faire face \u00e0 cette r\u00e9alit\u00e9. Selon ses propos, \u00abMadagascar a \u00e9labor\u00e9 un protocole de traitements, un protocole d\u2019observations cliniques et un protocole d\u2019essais cliniques \u00e9galement\u00bb. S\u2019agissant du premier protocole, a-t-il fait savoir, il consiste \u00e0 mettre sur pied\u00a0 un \u00a0traitement bith\u00e9rapie associant la chloroquine et l\u2019Azithromycine.\u00a0\u00abCe traitement certainement a permis de traiter et de gu\u00e9rir les premiers malades atteints du coronavirus \u00e0 Madagascar\u00bb, a-t-il ajout\u00e9.<\/p>\n<div class=\"wp-block-image\"><img loading=\"lazy\" decoding=\"async\" src=\"http:\/\/albayane.press.ma\/wp-content\/uploads\/m\u00e9daillon1.jpg\" alt=\"\" class=\"wp-image-89941\" width=\"231\" height=\"154\"\/><\/div>\n<p>Cependant, les effets n\u00e9fastes du produit \u00e9labor\u00e9 sur certains patients, ont\u00a0 permis aux diff\u00e9rents scientifiques et chercheurs travaillant \u00e0 l\u2019Institut de Recherches Appliqu\u00e9es de Malagasy d\u2019am\u00e9liorer leurs travaux et de trouver d\u2019autres alternatives. \u00abIl a pr\u00e9sent\u00e9 un risque potentiel de toxicit\u00e9 et qui a exig\u00e9 une plus grande\u00a0 surveillance clinique. C\u2019est pour cette raison que nous avons \u00e9tudi\u00e9s\u00a0 et cherch\u00e9s avec nos chercheurs comment trouver d\u2019autres voies et moyens pour faire face \u00e0 cette pand\u00e9mie\u00bb, a-t-il dit.<\/p>\n<p>Avec des propos on ne peut plus clairs, Andry Rajoelina a d\u00e9fendu une fois de plus avec brio, les travaux issus de Madagascar. \u00abNous avons mis le deuxi\u00e8me protocole d\u2019\u00e9tudes ou d\u2019observations cliniques sur la d\u00e9coction ou le Covid-Organics qui\u00a0 a \u00e9t\u00e9 \u00e9tabli par nos chercheurs. Et donc, nous avons utilis\u00e9 de l\u2019artemisia, ainsi que d\u2019autres plantes m\u00e9dicinales malagastes. C\u2019est notre m\u00e9decine traditionnelle qui est connue et reconnue pour ses effets. Actuellement, nous proposons un troisi\u00e8me protocole; un essai clinique associant deux m\u00e9dicaments injectables. Sur ce troisi\u00e8me protocole, nous avons travaill\u00e9 jour et nuit, \u00e9chang\u00e9 \u00e9galement avec des professeurs chercheurs dans l\u2019Oc\u00e9an indien, mais \u00e9galement avec des chercheurs et cliniciens aux Etats-Unis\u00bb, a-t-il \u00e9tay\u00e9 davantage.<\/p>\n<p>\u00abVous savez que cette maladie n\u2019a pas de fronti\u00e8res, et ce qui est important, c\u2019est que cette maladie renforce \u00e9galement les liens d\u2019amiti\u00e9 de recherches du monde entier. Et donc, on r\u00e9ponse de cette invitation de l\u2019OMS, nous acceptons de proposer le Covid-Organics ou le tambavy CVO et l\u2019association des deux m\u00e9dicaments injectables en tant que m\u00e9dicaments candidats dans le cadre de \u00absolidarity trial\u00bb sous r\u00e9serve de l\u2019adoption d\u2019un accord de non-divulgation de la formation du covid-Organics que nous proposons actuellement\u2026\u00bb,a-t-il expliqu\u00e9.<\/p>\n<p>Ainsi,\u00a0 apr\u00e8s avoir \u00e9cout\u00e9 avec attention Andry Rajoelina, Tedros Adhanon Ghebreyesus s\u2019est dit ravi du travail accompli tout en sollicitant une collaboration. Aussi, il a \u00e9galement ajout\u00e9 que l\u2019OMS respectera les clauses voulues par le pr\u00e9sident Andry Rajoelina et l\u2019accompagnera \u00a0\u00e0 affiner le protocole si possible. \u00abNous nous r\u00e9jouissons de cette opportunit\u00e9 de travailler avec vous et nous vous aiderons \u00e0 affiner le protocole si cela est n\u00e9cessaire, pour \u00e9galement travailler avec vous et les pays qui ont accept\u00e9 de collaborer avec vous\u00bb.<\/p>\n<p>\u00abNous signerons aussi l\u2019accord de confidentialit\u00e9 pour un mois comme vous l\u2019avez dit. Nous serons heureux de travailler avec vous sur ces sujets-l\u00e0. Nous serons heureux d\u2019\u00eatre vos partenaires dans tout cela\u00bb, a-t-il conclu.<\/p>\n<p>Auteur: M&rsquo;hammed rahal<br \/>\n<a href=\"http:\/\/albayane.press.ma\/nous-vous-aideront-a-affiner-le-protocole-si-cela-est-necessaire.html\">Cliquez ici pour lire l&rsquo;article depuis sa source.<\/a><\/p>\n","protected":false},"excerpt":{"rendered":"<p>Covid-Organics\u00a0: les efforts de Madagascar enfin reconnus par l\u2019OMS Romuald Djabioh Le directeur g\u00e9n\u00e9ral de l\u2019OMS Tedros Adhanon Ghebreyesus, s\u2019est entretenu derni\u00e8rement par visioconf\u00e9rence avec Andry Rajoelina, pr\u00e9sident de Madagascar. Plusieurs axes ont ponctu\u00e9 cet \u00e9change, entre autres, la signature de l\u2019accord de confidentialit\u00e9, l\u2019accompagnement de Madagascar dans le processus d\u2019\u00e9laboration d\u2019essais cliniques, l\u2019adoption d\u2019un [&hellip;]<\/p>\n","protected":false},"author":1760,"featured_media":86912,"comment_status":"closed","ping_status":"closed","sticky":false,"template":"","format":"standard","meta":{"fifu_image_url":"","fifu_image_alt":"","footnotes":""},"categories":[73,54],"tags":[],"class_list":["post-86911","post","type-post","status-publish","format-standard","has-post-thumbnail","hentry","category-actualite","category-maroc"],"_links":{"self":[{"href":"https:\/\/linitiative.ca\/International\/wp-json\/wp\/v2\/posts\/86911","targetHints":{"allow":["GET"]}}],"collection":[{"href":"https:\/\/linitiative.ca\/International\/wp-json\/wp\/v2\/posts"}],"about":[{"href":"https:\/\/linitiative.ca\/International\/wp-json\/wp\/v2\/types\/post"}],"author":[{"embeddable":true,"href":"https:\/\/linitiative.ca\/International\/wp-json\/wp\/v2\/users\/1760"}],"replies":[{"embeddable":true,"href":"https:\/\/linitiative.ca\/International\/wp-json\/wp\/v2\/comments?post=86911"}],"version-history":[{"count":0,"href":"https:\/\/linitiative.ca\/International\/wp-json\/wp\/v2\/posts\/86911\/revisions"}],"wp:featuredmedia":[{"embeddable":true,"href":"https:\/\/linitiative.ca\/International\/wp-json\/"}],"wp:attachment":[{"href":"https:\/\/linitiative.ca\/International\/wp-json\/wp\/v2\/media?parent=86911"}],"wp:term":[{"taxonomy":"category","embeddable":true,"href":"https:\/\/linitiative.ca\/International\/wp-json\/wp\/v2\/categories?post=86911"},{"taxonomy":"post_tag","embeddable":true,"href":"https:\/\/linitiative.ca\/International\/wp-json\/wp\/v2\/tags?post=86911"}],"curies":[{"name":"wp","href":"https:\/\/api.w.org\/{rel}","templated":true}]}}