{"id":86913,"date":"2020-05-28T11:28:47","date_gmt":"2020-05-28T15:28:47","guid":{"rendered":"https:\/\/linitiative.ca\/International\/protegeons-les-jeunes\/"},"modified":"2020-05-28T11:28:47","modified_gmt":"2020-05-28T15:28:47","slug":"protegeons-les-jeunes","status":"publish","type":"post","link":"https:\/\/linitiative.ca\/International\/protegeons-les-jeunes\/","title":{"rendered":"Prot\u00e9geons les jeunes"},"content":{"rendered":"<p class=\"has-text-color has-vivid-red-color c2\"><strong>Journ\u00e9e mondiale sans tabac 31 mai 2020<\/strong><\/p>\n<p class=\"c3\"><strong>Ouardirhi abdelaziz<\/strong><\/p>\n<p class=\"has-text-color c4\"><strong>La\u00a0journ\u00e9e mondiale sans tabac\u00a0est un moment qui a lieu chaque ann\u00e9e\u00a0: le 31<\/strong> <strong>mai depuis 1988. Elle est organis\u00e9e sous l\u2019\u00e9gide de l\u2019Organisation Mondiale de la Sant\u00e9 (OMS). Cette ann\u00e9e, le th\u00e8me choisi s\u2019inscrit sous le sillage de \u00ab\u00a0Pr\u00e9venir l\u2019utilisation du tabac et de la nicotine chez les jeunes et les prot\u00e9ger de la manipulation mise en place par les industriels du tabac\u00a0\u00bb.\u00a0 Sur le terrain, dans la rue, aux abords des \u00e9coles, le constat est sans appel, les enfants s\u2019adonnent de plus en plus au tabagisme, sans g\u00eane ni respect pour les ain\u00e9s. Il n\u2019est pas exag\u00e9r\u00e9 de dire aujourd\u2019hui que<\/strong> <strong>nos enfants sont en danger.<\/strong> <strong>Une r\u00e9alit\u00e9 qui interpelle, une r\u00e9alit\u00e9 implacable, qui ne peut laisser insensible et que les parents, les \u00e9ducateurs, les pouvoirs publics et la soci\u00e9t\u00e9 sont tous appel\u00e9s \u00e0 combattre.<\/strong><\/p>\n<p><strong>Pour une prise de conscience collective<\/strong><\/p>\n<p>Ecrire un article qui traite du tabagisme et plus pr\u00e9cis\u00e9ment qui aborde tous les m\u00e9faits du tabac sur la sant\u00e9 des individus, est pour moi un devoir.<\/p>\n<p>C\u2019est ma profession, mes exp\u00e9riences en milieu hospitalier, et l\u2019enseignement pour la formation de futurs professionnels de sant\u00e9, qui sont autant de raisons qui m\u2019incitent\u00a0 \u00e0 revenir tr\u00e8s souvent sur le sujet du tabagisme ind\u00e9pendamment de la journ\u00e9e mondiale.<\/p>\n<p>A l\u2019instar de la communaut\u00e9 internationale, le Maroc c\u00e9l\u00e8bre le 31 mai, la Journ\u00e9e Mondiale sans tabac. Cette ann\u00e9e, l\u2019Organisation Mondiale de la Sant\u00e9 (OMS) attire l\u2019attention sur l\u2019impact du tabagisme sur la sant\u00e9\u00a0des jeunes. Le choix de ce th\u00e8me n\u2019est pas anodin. Bien au contraire, il refl\u00e8te l\u2019urgence d\u2019une situation tr\u00e8s grave relative \u00e0 la sant\u00e9 publique.<\/p>\n<p>Il est utile de rappeler ici que dans notre pays chaque ann\u00e9e, environ 250 000 adolescents entrent dans une consommation quotidienne de tabac.<\/p>\n<p>Une bonne partie d\u2019entre eux va devenir fumeurs pour de nombreuses ann\u00e9es.<\/p>\n<p>Le fait de devenir un fumeur r\u00e9gulier de tabac est la r\u00e9sultante de nombreux facteurs propres \u00e0 l\u2019individu, li\u00e9s \u00e0 son entourage proche et \u00e0 la soci\u00e9t\u00e9 dans laquelle il vit. Il devient tr\u00e8s clair que face au tabagisme,\u00a0 c\u2019est la soci\u00e9t\u00e9 toute enti\u00e8re qui est concern\u00e9e. C\u2019est pourquoi nous devons saisir l\u2019occasion de cette journ\u00e9e mondiale sans tabac\u00a0 pour sensibiliser aux effets nocifs et mortels de l\u2019exposition au tabagisme ou \u00e0 la fum\u00e9e des autres et de d\u00e9courager la consommation du tabac sous quelque forme que ce soit.<\/p>\n<p>Il faut savoir que l\u2019Organisation Mondiale de la Sant\u00e9 (OMS) a institu\u00e9e la Journ\u00e9e mondiale sans tabac en 1987 pour faire mieux conna\u00eetre, partout dans le monde, l\u2019\u00e9pid\u00e9mie de tabagisme et ses effets mortels.<\/p>\n<p>Ce qui reste \u00e0 faire, ce qui est de notre ressort, de notre responsabilit\u00e9 individuelle et collective, c\u2019est de prendre tous ensemble consciences des dangers pr\u00e9sents et futurs du tabagisme, particuli\u00e8rement aupr\u00e8s des jeunes g\u00e9n\u00e9rations montantes.<\/p>\n<p>Les directeurs des \u00e9tablissements scolaires doivent sortir des murs de leurs bureaux et voir ce qui se passe dans la cour, et au niveau de la porte de leur \u00e9tablissement o\u00f9 il y a souvent des marchands qui vendent des cigarettes en d\u00e9tails et des dealers qui encouragent les enfants \u00e0 devenir des toxicomanes.<\/p>\n<p>Un probl\u00e8me de sant\u00e9 publique<\/p>\n<p>Selon un rapport de l\u2019OMS (Organisation Mondiale de la Sant\u00e9) rendu public le 19 d\u00e9cembre 2019, \u00a0le nombre de fumeurs dans le monde serait de 1,092 milliard en 2018.<\/p>\n<p>La pr\u00e9valence du tabagisme chez les jeunes \u00e2g\u00e9s de 13-15 ans en milieu scolaire est de 9,5% du total des \u00e9coliers au Maroc. Selon le minist\u00e8re de la Sant\u00e9, le pourcentage des gar\u00e7ons fumeurs s\u2019\u00e9tablit \u00e0 11%, contre 7% pour les filles.<\/p>\n<p>Dans la population g\u00e9n\u00e9rale \u00e2g\u00e9e de plus de 15 ans, la pr\u00e9valence des fumeurs est estim\u00e9e \u00e0 18% (31,6% chez les hommes et 3,3% chez les femmes) et pr\u00e8s de 41% de la population est expos\u00e9e au tabagisme passif. \u00a0Le fumeur marocain fumerait en moyenne 13,2 cigarettes par jour.<\/p>\n<p>Le Maroc d\u00e9tient un triste record, notre pays est l\u2019un des plus grands consommateurs de tabac en M\u00e9diterran\u00e9e avec plus de 16 milliards de cigarettes par an. Ce qui fatalement se r\u00e9percute sur l\u2019\u00e9tat de sant\u00e9 des fumeurs, qui a moyen et long terme verront leur sant\u00e9 se d\u00e9t\u00e9riorer, leurs capacit\u00e9s physiques diminuer\u00a0 par l\u2019apparition de nombreuses maladies.<\/p>\n<p>La tr\u00e8s grande majorit\u00e9 des malades arrivent souvent \u00e0 un stade avanc\u00e9. La prise en charge est difficile, l\u2019\u00e9tat g\u00e9n\u00e9ral de ces patients est tr\u00e8s d\u00e9t\u00e9rior\u00e9, et tr\u00e8s peu se r\u00e9tablissent totalement.<\/p>\n<p><strong>Des co\u00fbts exorbitants<\/strong><\/p>\n<p>A cause du tabagisme actif et passif, certains fumeurs payent chaque ann\u00e9e\u00a0un lourd tribut en vies humaines. Les jeunes sont g\u00e9n\u00e9ralement tr\u00e8s expos\u00e9s, et les co\u00fbts de prises en charge des pathologies inh\u00e9rentes au tabac, sous toutes ces formes, repr\u00e9sentent un lourd fardeau pour les h\u00f4pitaux et pour les caisses d\u2019assurance maladie obligatoire. La prise en charge des maladies inh\u00e9rentes au tabac repr\u00e9sente 50% des d\u00e9penses en plus que ce qu\u2019il rapporte comme taxes.<\/p>\n<p>Ces d\u00e9penses de sant\u00e9 ont \u00e9t\u00e9 estim\u00e9es \u00e0 pr\u00e8s de 16 371 millions de dirhams, et la tendance est \u00e0 la hausse du fait du nombre croissant des personnes qui fument.<\/p>\n<p>C\u2019est un constat tr\u00e8s alarmant, ce qui appelle \u00e0 plus d\u2019actions de la part des responsables politiques,\u00a0 qui se doivent de prendre des d\u00e9cisions courageuses, sachant pertinemment que le tabagisme est un probl\u00e8me de sant\u00e9 publique.<\/p>\n<p>Ces maladies sont handicapantes, lourdes \u00e0 prendre en charge, entra\u00eenent des couts \u00e9normes tant pour les caisses de maladies, que pour les h\u00f4pitaux publics.<\/p>\n<p><strong>Les enfants face au \u00a0tabagisme passif<\/strong><\/p>\n<p>Fumer en pr\u00e9sence de b\u00e9b\u00e9s ou de jeunes enfants est la pire chose qu\u2019un individu puisse faire, et \u00e0 fortiori quand c\u2019est le p\u00e8re, ou la m\u00e8re qui sont les coupables de tels agissements irresponsables. Ils exposent leurs enfants aux effets n\u00e9fastes du tabagisme passif.<\/p>\n<p>Par l\u2019expression tabagisme passif, on d\u00e9signe l\u2019exposition \u00e0 la fum\u00e9e d\u00e9gag\u00e9e par des produits du tabac tels que les cigarettes \u00e0 la maison, en voiture et d\u2019autres espaces ferm\u00e9s. Les parents agissent dans la majorit\u00e9 des cas sans prendre conscience du mal qu\u2019ils engendrent \u00e0 leurs enfants. Cette remarque vaut pour le p\u00e8re qui fume dans la m\u00eame pi\u00e8ce o\u00f9 il y a ses propres enfants, ou en voiture. Elle vaut aussi pour les femmes enceintes qui fument pendant leur grossesse.<\/p>\n<p>Il faut savoir que la fum\u00e9e du tabac contient plus de 7000 substances chimiques, dont on sait qu\u2019au moins 250 sont nocives et au moins 69 sont canc\u00e9rog\u00e8nes.<\/p>\n<p>Ce que beaucoup de fumeurs ignorent, c\u2019est que le tabagisme passif auquel les femmes enceintes sont le plus souvent expos\u00e9es a des effets n\u00e9fastes sur les prog\u00e9nitures avant m\u00eame qu\u2019elles ne naissent. Le tabagisme passif\u00a0 induit des effets nocifs sur la sant\u00e9 apr\u00e8s la naissance non seulement \u00e0 court terme mais aussi \u00e0 moyen et long.<\/p>\n<p>Le fumeur passif post-natal est lourd de cons\u00e9quences \u00e9galement. Il faut savoir \u00e0 cet effet que le b\u00e9b\u00e9 a une fr\u00e9quence respiratoire plus \u00e9lev\u00e9e que l\u2019adulte, \u00a0et qu\u2019il absorbe plus de particules toxiques de la fum\u00e9e de tabac. En outre, son syst\u00e8me immunitaire est encore immature, \u00a0ce qui le rend tr\u00e8s sensible aux effets n\u00e9fastes du tabac.<\/p>\n<p>Fumer en pr\u00e9sence des enfants\u00a0 nuit\u00a0 gravement\u00a0 \u00e0 leur sant\u00e9. Les b\u00e9b\u00e9s et jeunes enfants vivant dans une atmosph\u00e8re enfum\u00e9e souffrent plus de bronchites, de rhinites, de crises d\u2019asthme.<\/p>\n<p>Les enfants expos\u00e9s au tabagisme passif dans la petite enfance pr\u00e9sentent aussi plus de toux s\u00e8che, de bronchiolites, d\u2019otites, et sont plus sujets aux allergies alimentaires et aux allerg\u00e8nes, et d\u2019autres maladies\u2026<\/p>\n<p>Fumer pendant la grossesse alt\u00e8re aussi le d\u00e9veloppement du syst\u00e8me nerveux central. Ce qui peut entra\u00eener entre autres un ralentissement du d\u00e9veloppement intellectuel des enfants, la litt\u00e9rature scientifique \u00e0 cet \u00e9gard est tr\u00e8s riche.<\/p>\n<p>Pour toutes ces raisons, il est important de prot\u00e9ger les f\u0153tus et les b\u00e9b\u00e9s, puis les enfants du tabagisme passif. Leur sant\u00e9 est \u00e0 ce prix.<\/p>\n<p>Pour vaincre le tabagisme, il n\u2019y a pas de baguette magique. Il faut juste de la volont\u00e9.<\/p>\n<p>Auteur: M&rsquo;hammed rahal<br \/>\n<a href=\"http:\/\/albayane.press.ma\/protegeons-les-jeunes.html\">Cliquez ici pour lire l&rsquo;article depuis sa source.<\/a><\/p>\n","protected":false},"excerpt":{"rendered":"<p>Journ\u00e9e mondiale sans tabac 31 mai 2020 Ouardirhi abdelaziz La\u00a0journ\u00e9e mondiale sans tabac\u00a0est un moment qui a lieu chaque ann\u00e9e\u00a0: le 31 mai depuis 1988. Elle est organis\u00e9e sous l\u2019\u00e9gide de l\u2019Organisation Mondiale de la Sant\u00e9 (OMS). Cette ann\u00e9e, le th\u00e8me choisi s\u2019inscrit sous le sillage de \u00ab\u00a0Pr\u00e9venir l\u2019utilisation du tabac et de la nicotine [&hellip;]<\/p>\n","protected":false},"author":1760,"featured_media":0,"comment_status":"closed","ping_status":"closed","sticky":false,"template":"","format":"standard","meta":{"fifu_image_url":"","fifu_image_alt":"","footnotes":""},"categories":[73,54],"tags":[],"class_list":["post-86913","post","type-post","status-publish","format-standard","hentry","category-actualite","category-maroc"],"_links":{"self":[{"href":"https:\/\/linitiative.ca\/International\/wp-json\/wp\/v2\/posts\/86913","targetHints":{"allow":["GET"]}}],"collection":[{"href":"https:\/\/linitiative.ca\/International\/wp-json\/wp\/v2\/posts"}],"about":[{"href":"https:\/\/linitiative.ca\/International\/wp-json\/wp\/v2\/types\/post"}],"author":[{"embeddable":true,"href":"https:\/\/linitiative.ca\/International\/wp-json\/wp\/v2\/users\/1760"}],"replies":[{"embeddable":true,"href":"https:\/\/linitiative.ca\/International\/wp-json\/wp\/v2\/comments?post=86913"}],"version-history":[{"count":0,"href":"https:\/\/linitiative.ca\/International\/wp-json\/wp\/v2\/posts\/86913\/revisions"}],"wp:attachment":[{"href":"https:\/\/linitiative.ca\/International\/wp-json\/wp\/v2\/media?parent=86913"}],"wp:term":[{"taxonomy":"category","embeddable":true,"href":"https:\/\/linitiative.ca\/International\/wp-json\/wp\/v2\/categories?post=86913"},{"taxonomy":"post_tag","embeddable":true,"href":"https:\/\/linitiative.ca\/International\/wp-json\/wp\/v2\/tags?post=86913"}],"curies":[{"name":"wp","href":"https:\/\/api.w.org\/{rel}","templated":true}]}}