{"id":86915,"date":"2020-05-28T13:03:18","date_gmt":"2020-05-28T17:03:18","guid":{"rendered":"https:\/\/linitiative.ca\/International\/algerie-mon-amour-un-film-provocateur-aux-relents-de-la-france-nostalgique\/"},"modified":"2020-05-28T13:03:18","modified_gmt":"2020-05-28T17:03:18","slug":"algerie-mon-amour-un-film-provocateur-aux-relents-de-la-france-nostalgique","status":"publish","type":"post","link":"https:\/\/linitiative.ca\/International\/algerie-mon-amour-un-film-provocateur-aux-relents-de-la-france-nostalgique\/","title":{"rendered":"\u00ab\u00a0Alg\u00e9rie, mon amour\u00a0\u00bb, un film \u00ab\u00a0provocateur\u00a0\u00bb aux relents de la \u00ab\u00a0France nostalgique\u00a0\u00bb"},"content":{"rendered":"<div readability=\"39\">\n<p><strong>ALGER &#8211; Le documentaire intitul\u00e9 \u00ab\u00a0Alg\u00e9rie, mon amour\u00a0\u00bb, diffus\u00e9 mardi soir sur une cha\u00eene fran\u00e7aise, rev\u00eat un caract\u00e8re \u00ab\u00a0provocateur\u00a0\u00bb et des relents de la \u00ab\u00a0France nostalgique\u00a0\u00bb, ont estim\u00e9 mercredi des universitaires et des experts qui mettent en garde contre \u00ab\u00a0les dessous\u00a0\u00bb non avou\u00e9s de cette production.<\/strong><\/p>\n<\/div>\n<div readability=\"133.86231884058\">\n<p>\u00ab\u00a0Force est de reconna\u00eetre que les Fran\u00e7ais nostalgiques ne font jamais les choses \u00e0 moiti\u00e9. Ils sont parfaits comme le n\u00e9ant et le vide. Hier, ils avaient excell\u00e9 dans la d\u00e9formation et le travestissement de nos r\u00e9alit\u00e9s, pourtant claires et limpides comme l\u2019eau de roche\u00a0\u00bb, a r\u00e9agi, dans une d\u00e9claration \u00e0 l\u2019APS, Chabane\u00a0 Zerrouk, cadre sup\u00e9rieur de l\u2019Etat \u00e0 la retraite.<\/p>\n<blockquote readability=\"8\">\n<p><strong><em>Qualifiant le film r\u00e9alis\u00e9 par Mustapha Kessous et d\u00e9di\u00e9 au Hirak de \u00ab\u00a0navet\u00a0\u00bb et de \u00ab\u00a0ratage parfaitement r\u00e9ussi\u00a0\u00bb, il a estim\u00e9 que celui-ci \u00ab\u00a0proc\u00e8de de la mentalit\u00e9 bien ancr\u00e9e dans l\u2019inconscient des r\u00e9sidus de la France coloniale et d\u2019un pass\u00e9 \u00e0 jamais r\u00e9volu\u00a0\u00bb.<\/em><\/strong><\/p>\n<\/blockquote>\n<p>Faisant rappeler le film documentaire \u00ab\u00a0l\u2019Alg\u00e9rie vue du ciel\u00a0\u00bb, diffus\u00e9 en 2015, l\u2019intervenant a relev\u00e9 la \u00ab\u00a0co\u00efncidence\u00a0\u00bb de celui-ci suivi mardi soir par de nombreux Alg\u00e9riens avec un autre d\u00e9bat sur l\u2019Alg\u00e9rie, programm\u00e9 au m\u00eame moment sur l\u2019autre cha\u00eene fran\u00e7aise LCP.<\/p>\n<hr\/>\n<h3>Lire aussi:\u00a0<a href=\"http:\/\/www.aps.dz\/algerie\/105482-le-documentaire-sur-le-hirak-diffuse-par-des-chaines-de-television-francaises-largement-decrie-en-algerie\" target=\"_blank\" rel=\"noopener noreferrer\">Le documentaire sur le Hirak diffus\u00e9 par des chaines fran\u00e7aises largement d\u00e9cri\u00e9 en Alg\u00e9rie<\/a><\/h3>\n<hr\/>\n<p>Ce qui l\u2019am\u00e8nera \u00e0 ajouter : \u00ab\u00a0ces p\u00eacheurs en eau trouble cherchent \u00e0 biaiser et \u00e0 d\u00e9former l\u2019image d\u00e9rangeante de l\u2019Alg\u00e9rie, terre d\u2019Islam, de l\u2019intelligence, de la noblesse, de la bravoure et\u00a0 de l\u2019h\u00e9ro\u00efsme\u00a0\u00bb, avant de d\u00e9plorer un documentaire \u00ab\u00a0minable, maudit et de basse extraction qui jette du discr\u00e9dit sur son r\u00e9alisateur et ses sponsors et les disqualifient devant l\u2019histoire\u00a0\u00bb.<\/p>\n<blockquote readability=\"13\">\n<p><em><strong>A propos des clich\u00e9s que le film a tent\u00e9 de mettre en avant, M. Zerrouk dira : \u00ab\u00a0les gothiques, les partisans de l\u2019Alg\u00e9rie de papa, de l\u2019Alg\u00e9rie des marginaux et des gays, de l\u2019Alg\u00e9rie des veuves, doivent savoir qu\u2019ils n\u2019auront jamais de place dans l\u2019Alg\u00e9rie du preux peuple alg\u00e9rien. Ils ne font que glisser sur la pente savonneuse de notre indiff\u00e9rence la plus totale\u00a0\u00bb.<\/strong><\/em><\/p>\n<\/blockquote>\n<p>Et de poursuivre : \u00ab\u00a0Qu\u2019ils sachent que le train-Alg\u00e9rie avance \u00e0 grande vitesse, celui qui le rate ne pourra pr\u00e9tendre au statut piteux d\u2019un d\u00e9class\u00e9 de l\u2019histoire\u00a0\u00bb, avant de conclure en \u00e9voquant la c\u00e9l\u00e8bre d\u00e9clamation du G\u00e9n\u00e9ral Giap : \u00ab\u00a0l\u2019imp\u00e9rialisme est un mauvais \u00e9l\u00e8ve\u00a0\u00bb.<\/p>\n<p class=\"c30\"><strong>\u00ab\u00a0Un cadeau empoisonn\u00e9\u00a0\u00bb<\/strong><\/p>\n<p>Pour le chercheur Ahmed Mizab, il s\u2019agit d\u2019un \u00ab\u00a0cadeau empoisonn\u00e9\u00a0\u00bb concoct\u00e9 par \u00ab\u00a0une France qui n\u2019a jamais voulu du bien \u00e0 l\u2019Alg\u00e9rie et dont les cons\u00e9quences se feront ressentir au moyen terme\u00a0\u00bb. Ceci, explique-t-il, \u00ab\u00a0dans le sens o\u00f9 le Hirak risquera de perdre son caract\u00e8re pacifiste car des manifestants seront remont\u00e9s contre d\u2019autres et pouss\u00e9s \u00e0 la confrontation\u00a0\u00bb.<\/p>\n<p>Tout en consid\u00e9rant que \u00ab\u00a0le timing de la diffusion vise \u00e0 cr\u00e9er un troisi\u00e8me souffle au mouvement qui ne soit pas pacifique\u00a0\u00bb, le chercheur appr\u00e9hende que le documentaire n\u2019ait pour effet de \u00ab\u00a0provoquer des sensibilit\u00e9s id\u00e9ologiques et de susciter de forts discours discriminatoires\u00a0\u00bb.<\/p>\n<p>A ses yeux, le film \u00ab\u00a0a mis \u00e0 nu une face cach\u00e9e qui a choqu\u00e9 plus d\u2019un, \u00e0 leur t\u00eate ceux qui revendiquent le projet d\u2019un Etat civil, rendant ainsi justice \u00e0 l\u2019Arm\u00e9e nationale populaire (ANP), qui n\u2019a eu de cesse de mettre en garde contre les risques d\u2019infiltration du Hirak et contre les man\u0153uvres visant \u00e0 porter atteinte \u00e0 l\u2019Alg\u00e9rie, \u00e0 travers certains slogans qui y sont brandis\u00a0\u00bb.<\/p>\n<blockquote readability=\"13\">\n<p><em><strong>Aussi, l\u2019analyste plaide-t-il pour \u00ab\u00a0la vigilance face aux dessous\u00a0\u00bb de cette production, avant de souligner que le Hirak \u00ab\u00a0qui avait, le 22 f\u00e9vrier 2019, suscit\u00e9 l\u2019adh\u00e9sion populaire pour le changement, n\u2019est pas le Hirak que d\u2019aucuns ont transform\u00e9 en tribune pour faire valoir leurs projets destructeurs \u00bb.<\/strong><\/em><\/p>\n<\/blockquote>\n<p>Docteur en Sociologie politique, Fatma Kebour tient \u00e0 pr\u00e9ciser, citant le sociologue Pierre\u00a0 Bourdieu, que \u00ab\u00a0toute production t\u00e9l\u00e9visuelle est une construction d\u2019une r\u00e9alit\u00e9 sociale et politique vue par son \u00e9metteur, et ne repr\u00e9sente qu\u2019une vision parmi d\u2019autres de la vraie r\u00e9alit\u00e9\u00a0\u00bb.<\/p>\n<p class=\"c30\"><strong>Le Hirak, un signe de \u00ab\u00a0bonne sant\u00e9\u00a0\u00bb<\/strong><\/p>\n<p>De son point de vue, le souci aujourd\u2019hui \u00ab\u00a0n\u2019est pas l\u2019investissement de la rue par le peuple alg\u00e9rien, bien au contraire, le Hirak a permis \u00e0 ce dernier de retrouver son unit\u00e9 et une r\u00e9conciliation r\u00e9elle avec lui-m\u00eame ! \u00ab\u00a0.<\/p>\n<p>Et d\u2019estimer que \u00ab\u00a0ce mouvement populaire ne doit pas \u00eatre consid\u00e9r\u00e9 comme \u00e9tant une crise sociale ou politique mais plut\u00f4t comme un \u2018continuum\u2019 de la participation politique\u00a0 de l\u2019individu, un signe de bonne sant\u00e9 et un sursaut populaire\u00a0\u00bb.<\/p>\n<p>A travers le Hirak, les Alg\u00e9riens ont \u00ab\u00a0r\u00e9investi la chose politique\u00a0\u00bb, poursuit-elle, notant que ce mouvement est repr\u00e9sent\u00e9 par une diversit\u00e9 sociale, politique et id\u00e9ologique (intellectuels, d\u00e9mocrates, islamistes) mais aussi par les marginaux \u00ab\u00a0qui font partie de notre soci\u00e9t\u00e9 et partageant\u00a0 les m\u00eames combat et objectif pour une\u00a0 nouvelle Alg\u00e9rie avec une jeunesse se projetant dans un avenir meilleur !\u00bb. Un aspect sciemment occult\u00e9 par le r\u00e9alisateur du tr\u00e8s controvers\u00e9 documentaire, regrette-t-on.<\/p>\n<\/div>\n<p>Auteur:<br \/>\n<a href=\"http:\/\/www.aps.dz\/culture\/105488-algerie-mon-amour-un-film-provocateur-aux-relents-de-la-france-nostalgique\">Cliquez ici pour lire l&rsquo;article depuis sa source.<\/a><\/p>\n","protected":false},"excerpt":{"rendered":"<p>ALGER &#8211; Le documentaire intitul\u00e9 \u00ab\u00a0Alg\u00e9rie, mon amour\u00a0\u00bb, diffus\u00e9 mardi soir sur une cha\u00eene fran\u00e7aise, rev\u00eat un caract\u00e8re \u00ab\u00a0provocateur\u00a0\u00bb et des relents de la \u00ab\u00a0France nostalgique\u00a0\u00bb, ont estim\u00e9 mercredi des universitaires et des experts qui mettent en garde contre \u00ab\u00a0les dessous\u00a0\u00bb non avou\u00e9s de cette production. \u00ab\u00a0Force est de reconna\u00eetre que les Fran\u00e7ais nostalgiques ne [&hellip;]<\/p>\n","protected":false},"author":1790,"featured_media":0,"comment_status":"closed","ping_status":"closed","sticky":false,"template":"","format":"standard","meta":{"fifu_image_url":"","fifu_image_alt":"","footnotes":""},"categories":[53,79],"tags":[],"class_list":["post-86915","post","type-post","status-publish","format-standard","hentry","category-algerie","category-culture"],"_links":{"self":[{"href":"https:\/\/linitiative.ca\/International\/wp-json\/wp\/v2\/posts\/86915","targetHints":{"allow":["GET"]}}],"collection":[{"href":"https:\/\/linitiative.ca\/International\/wp-json\/wp\/v2\/posts"}],"about":[{"href":"https:\/\/linitiative.ca\/International\/wp-json\/wp\/v2\/types\/post"}],"author":[{"embeddable":true,"href":"https:\/\/linitiative.ca\/International\/wp-json\/wp\/v2\/users\/1790"}],"replies":[{"embeddable":true,"href":"https:\/\/linitiative.ca\/International\/wp-json\/wp\/v2\/comments?post=86915"}],"version-history":[{"count":0,"href":"https:\/\/linitiative.ca\/International\/wp-json\/wp\/v2\/posts\/86915\/revisions"}],"wp:attachment":[{"href":"https:\/\/linitiative.ca\/International\/wp-json\/wp\/v2\/media?parent=86915"}],"wp:term":[{"taxonomy":"category","embeddable":true,"href":"https:\/\/linitiative.ca\/International\/wp-json\/wp\/v2\/categories?post=86915"},{"taxonomy":"post_tag","embeddable":true,"href":"https:\/\/linitiative.ca\/International\/wp-json\/wp\/v2\/tags?post=86915"}],"curies":[{"name":"wp","href":"https:\/\/api.w.org\/{rel}","templated":true}]}}