{"id":86916,"date":"2020-05-28T13:03:21","date_gmt":"2020-05-28T17:03:21","guid":{"rendered":"https:\/\/linitiative.ca\/International\/malika-bendouda-prend-part-au-forum-virtuel-des-ministres-africains-de-la-culture\/"},"modified":"2020-05-28T13:03:21","modified_gmt":"2020-05-28T17:03:21","slug":"malika-bendouda-prend-part-au-forum-virtuel-des-ministres-africains-de-la-culture","status":"publish","type":"post","link":"https:\/\/linitiative.ca\/International\/malika-bendouda-prend-part-au-forum-virtuel-des-ministres-africains-de-la-culture\/","title":{"rendered":"Malika Bendouda prend part au forum virtuel des ministres africains de la culture"},"content":{"rendered":"<p><span class=\"sp-nh-title\">Cour de Tipasa: Karim Tabou a volontairement refus\u00e9 d\u2019effectuer un appel t\u00e9l\u00e9phonique<\/span> &#8211; <span class=\"sp-nh-date\">jeudi 28 mai 2020 17:42<\/span><\/p>\n<p><span class=\"sp-nh-title\">Covid19: 140 nouveaux cas, 148 gu\u00e9risons et 7 d\u00e9c\u00e8s en Alg\u00e9rie durant les derni\u00e8res 24h<\/span> &#8211; <span class=\"sp-nh-date\">jeudi 28 mai 2020 17:30<\/span><\/p>\n<p><span class=\"sp-nh-title\">Covid-19: l&rsquo;affaire de l&rsquo;organisation d&rsquo;une soir\u00e9e \u00e0 Oran devant le juge d\u2019instruction<\/span> &#8211; <span class=\"sp-nh-date\">jeudi 28 mai 2020 17:15<\/span><\/p>\n<p><span class=\"sp-nh-title\">Foot: l&rsquo;enregistrement sonore n&rsquo;est pas un faux , se d\u00e9fend Sa\u00e2daoui<\/span> &#8211; <span class=\"sp-nh-date\">jeudi 28 mai 2020 17:08<\/span><\/p>\n<p><span class=\"sp-nh-title\">Message sur Twitter du MAE espagnole supprimant le drapeau sahraoui: le Polisario proteste officiellement<\/span> &#8211; <span class=\"sp-nh-date\">jeudi 28 mai 2020 17:06<\/span><\/p>\n<p><span class=\"sp-nh-title\">Sahara occidental: une ONG d\u00e9nonce les pratiques ill\u00e9gales des multinationales qui nourrissent l&rsquo;occupation<\/span> &#8211; <span class=\"sp-nh-date\">jeudi 28 mai 2020 16:38<\/span><\/p>\n<p><span class=\"sp-nh-title\">RND: Zitouni appelle \u00e0 construire un front interne pour immuniser l\u2019Alg\u00e9rie<\/span> &#8211; <span class=\"sp-nh-date\">jeudi 28 mai 2020 16:21<\/span><\/p>\n<p><span class=\"sp-nh-title\">Th\u00e9\u00e2tre d&rsquo;Oran: Qitar Eddounia , nouvelle production pour enfants<\/span> &#8211; <span class=\"sp-nh-date\">jeudi 28 mai 2020 15:46<\/span><\/p>\n<p><span class=\"sp-nh-title\">Bechar: d\u00e9mant\u00e8lement d\u2019un r\u00e9seau international de narcotrafiquants<\/span> &#8211; <span class=\"sp-nh-date\">jeudi 28 mai 2020 15:34<\/span><\/p>\n<p><span class=\"sp-nh-title\">Un projet de d\u00e9cret ex\u00e9cutif r\u00e9gissant les m\u00e9tiers d&rsquo;artiste et de com\u00e9dien en pr\u00e9paration<\/span> &#8211; <span class=\"sp-nh-date\">jeudi 28 mai 2020 15:20<\/span><\/p>\n<p><span class=\"sp-nh-title\">Programmes t\u00e9l\u00e9vis\u00e9s fran\u00e7ais: le PLJ soutient la d\u00e9cision de l&rsquo;Alg\u00e9rie de rappeler son ambassadeur en France<\/span> &#8211; <span class=\"sp-nh-date\">jeudi 28 mai 2020 15:16<\/span><\/p>\n<p><span class=\"sp-nh-title\">Gharda\u00efa: caravane de solidarit\u00e9 avec les habitants de l\u2019extr\u00eame Sud du pays<\/span> &#8211; <span class=\"sp-nh-date\">jeudi 28 mai 2020 14:57<\/span><\/p>\n<p><span class=\"sp-nh-title\">Covid-19 : l&rsquo;\u00e9quipe d&rsquo;experts m\u00e9dicaux chinois ach\u00e8ve sa mission en Alg\u00e9rie<\/span> &#8211; <span class=\"sp-nh-date\">jeudi 28 mai 2020 13:58<\/span><\/p>\n<p><span class=\"sp-nh-title\">Le Pr\u00e9sident Tebboune re\u00e7oit le moudjahid Othmane Belouizdad<\/span> &#8211; <span class=\"sp-nh-date\">jeudi 28 mai 2020 13:52<\/span><\/p>\n<p><span class=\"sp-nh-title\">Foot : r\u00e9union du Bureau F\u00e9d\u00e9ral de la FAF dimanche en visioconf\u00e9rence<\/span> &#8211; <span class=\"sp-nh-date\">jeudi 28 mai 2020 13:44<\/span><\/p>\n<p><span class=\"sp-nh-title\">Tayeb Zitouni pl\u00e9biscit\u00e9 secr\u00e9taire g\u00e9n\u00e9ral du RND<\/span> &#8211; <span class=\"sp-nh-date\">jeudi 28 mai 2020 13:24<\/span><\/p>\n<p><span class=\"sp-nh-title\">PLFC 2020 : appel \u00e0 faire face \u00e0 la crise financi\u00e8re sans nuire au pouvoir d\u2019achat du citoyen<\/span> &#8211; <span class=\"sp-nh-date\">jeudi 28 mai 2020 13:07<\/span><\/p>\n<p><span class=\"sp-nh-title\">Documentaire sur le Hirak: la presse nationale d\u00e9nonce une campagne haineuse contre l&rsquo;Etat alg\u00e9rien et ses institutions<\/span> &#8211; <span class=\"sp-nh-date\">jeudi 28 mai 2020 12:54<\/span><\/p>\n<p><span class=\"sp-nh-title\">S\u2019inspirer de la g\u00e9n\u00e9ration du 1er Novembre pour le projet de l\u2019Alg\u00e9rie Nouvelle\u00a0<\/span> &#8211; <span class=\"sp-nh-date\">jeudi 28 mai 2020 12:43<\/span><\/p>\n<p><span class=\"sp-nh-title\">Palestine\/Covid-19: les portes d&rsquo;Al-Aqsa ouvriront dimanche prochain<\/span> &#8211; <span class=\"sp-nh-date\">jeudi 28 mai 2020 11:55<\/span><\/p>\n<p>Auteur:<br \/>\n<a href=\"http:\/\/www.aps.dz\/culture\/105493-malika-bendouda-prend-part-au-forum-virtuel-des-ministres-africains-de-la-culture\">Cliquez ici pour lire l&rsquo;article depuis sa source.<\/a><\/p>\n","protected":false},"excerpt":{"rendered":"<p>Cour de Tipasa: Karim Tabou a volontairement refus\u00e9 d\u2019effectuer un appel t\u00e9l\u00e9phonique &#8211; jeudi 28 mai 2020 17:42 Covid19: 140 nouveaux cas, 148 gu\u00e9risons et 7 d\u00e9c\u00e8s en Alg\u00e9rie durant les derni\u00e8res 24h &#8211; jeudi 28 mai 2020 17:30 Covid-19: l&rsquo;affaire de l&rsquo;organisation d&rsquo;une soir\u00e9e \u00e0 Oran devant le juge d\u2019instruction &#8211; jeudi 28 mai [&hellip;]<\/p>\n","protected":false},"author":1790,"featured_media":0,"comment_status":"closed","ping_status":"closed","sticky":false,"template":"","format":"standard","meta":{"fifu_image_url":"","fifu_image_alt":"","footnotes":""},"categories":[53,79],"tags":[],"class_list":["post-86916","post","type-post","status-publish","format-standard","hentry","category-algerie","category-culture"],"_links":{"self":[{"href":"https:\/\/linitiative.ca\/International\/wp-json\/wp\/v2\/posts\/86916","targetHints":{"allow":["GET"]}}],"collection":[{"href":"https:\/\/linitiative.ca\/International\/wp-json\/wp\/v2\/posts"}],"about":[{"href":"https:\/\/linitiative.ca\/International\/wp-json\/wp\/v2\/types\/post"}],"author":[{"embeddable":true,"href":"https:\/\/linitiative.ca\/International\/wp-json\/wp\/v2\/users\/1790"}],"replies":[{"embeddable":true,"href":"https:\/\/linitiative.ca\/International\/wp-json\/wp\/v2\/comments?post=86916"}],"version-history":[{"count":0,"href":"https:\/\/linitiative.ca\/International\/wp-json\/wp\/v2\/posts\/86916\/revisions"}],"wp:attachment":[{"href":"https:\/\/linitiative.ca\/International\/wp-json\/wp\/v2\/media?parent=86916"}],"wp:term":[{"taxonomy":"category","embeddable":true,"href":"https:\/\/linitiative.ca\/International\/wp-json\/wp\/v2\/categories?post=86916"},{"taxonomy":"post_tag","embeddable":true,"href":"https:\/\/linitiative.ca\/International\/wp-json\/wp\/v2\/tags?post=86916"}],"curies":[{"name":"wp","href":"https:\/\/api.w.org\/{rel}","templated":true}]}}