{"id":86923,"date":"2020-05-27T20:18:41","date_gmt":"2020-05-28T00:18:41","guid":{"rendered":"https:\/\/linitiative.ca\/International\/1-887-cas-exclus-apres-des-tests-negatifs-au-covid-19-dps\/"},"modified":"2020-05-27T20:18:41","modified_gmt":"2020-05-28T00:18:41","slug":"1-887-cas-exclus-apres-des-tests-negatifs-au-covid-19-dps","status":"publish","type":"post","link":"https:\/\/linitiative.ca\/International\/1-887-cas-exclus-apres-des-tests-negatifs-au-covid-19-dps\/","title":{"rendered":"1.887 cas exclus apr\u00e8s des tests n\u00e9gatifs au Covid-19 (DPS)"},"content":{"rendered":"<div class=\"single-featured\"><img alt=\"\" data-src=\"http:\/\/www.mapmarrakech.ma\/map\/uploads\/2020\/05\/bilan-safi-22-h00-copier.jpg\"\/><\/div>\n<div class=\"single-post-excerpt post-excerpt-bc\" readability=\"38\">\n<p>Safi \u2013 Le nombre de cas exclus apr\u00e8s les r\u00e9sultats n\u00e9gatifs des analyses effectu\u00e9es au laboratoire en vue de diagnostiquer une \u00e9ventuelle contamination au nouveau coronavirus s\u2019\u00e9l\u00e8ve, mercredi \u00e0 18H00, \u00e0 1.887 au niveau de la province de Safi, indique la D\u00e9l\u00e9gation Provinciale de la Sant\u00e9 (DPS).<\/p>\n<\/div>\n<div class=\"entry-content clearfix single-post-content\" readability=\"51\">\n<p>Dans ce cadre, 2.496 tests au laboratoire ont \u00e9t\u00e9 r\u00e9alis\u00e9s au niveau de cette province, selon les donn\u00e9es de la DPS, relevant que 607 cas sont en attente des r\u00e9sultats des analyses effectu\u00e9es.<\/p>\n<p>Trois patients d\u00e9tect\u00e9s positifs au nouveau coronavirus dans la r\u00e9gion Casablanca-Settat sont actuellement sous traitement \u00e0 Safi, rappelle-t-on.<\/p>\n<p>La province de Safi n\u2019avait enregistr\u00e9, depuis le d\u00e9clenchement de cette pand\u00e9mie, aucun d\u00e9c\u00e8s d\u00fb au Covid-19, ajoute la m\u00eame source.<\/p>\n<p>La DPS de Safi tient, en outre, \u00e0 indiquer que la situation \u00e9pid\u00e9miologique demeure \u00ab\u00a0rassurante\u00a0\u00bb et \u00ab\u00a0sous contr\u00f4le\u00a0\u00bb au niveau de cette partie du territoire national.<\/p>\n<\/div>\n<p>Auteur: Meriem IGASS<br \/>\n<a href=\"http:\/\/www.mapmarrakech.ma\/fr\/1-887-cas-exclus-apres-des-tests-negatifs-au-covid-19-dps\/\">Cliquez ici pour lire l&rsquo;article depuis sa source.<\/a><\/p>\n","protected":false},"excerpt":{"rendered":"<p>Safi \u2013 Le nombre de cas exclus apr\u00e8s les r\u00e9sultats n\u00e9gatifs des analyses effectu\u00e9es au laboratoire en vue de diagnostiquer une \u00e9ventuelle contamination au nouveau coronavirus s\u2019\u00e9l\u00e8ve, mercredi \u00e0 18H00, \u00e0 1.887 au niveau de la province de Safi, indique la D\u00e9l\u00e9gation Provinciale de la Sant\u00e9 (DPS). Dans ce cadre, 2.496 tests au laboratoire ont [&hellip;]<\/p>\n","protected":false},"author":1788,"featured_media":86924,"comment_status":"closed","ping_status":"closed","sticky":false,"template":"","format":"standard","meta":{"fifu_image_url":"","fifu_image_alt":"","footnotes":""},"categories":[54,76],"tags":[],"class_list":["post-86923","post","type-post","status-publish","format-standard","has-post-thumbnail","hentry","category-maroc","category-regions"],"_links":{"self":[{"href":"https:\/\/linitiative.ca\/International\/wp-json\/wp\/v2\/posts\/86923","targetHints":{"allow":["GET"]}}],"collection":[{"href":"https:\/\/linitiative.ca\/International\/wp-json\/wp\/v2\/posts"}],"about":[{"href":"https:\/\/linitiative.ca\/International\/wp-json\/wp\/v2\/types\/post"}],"author":[{"embeddable":true,"href":"https:\/\/linitiative.ca\/International\/wp-json\/wp\/v2\/users\/1788"}],"replies":[{"embeddable":true,"href":"https:\/\/linitiative.ca\/International\/wp-json\/wp\/v2\/comments?post=86923"}],"version-history":[{"count":0,"href":"https:\/\/linitiative.ca\/International\/wp-json\/wp\/v2\/posts\/86923\/revisions"}],"wp:featuredmedia":[{"embeddable":true,"href":"https:\/\/linitiative.ca\/International\/wp-json\/"}],"wp:attachment":[{"href":"https:\/\/linitiative.ca\/International\/wp-json\/wp\/v2\/media?parent=86923"}],"wp:term":[{"taxonomy":"category","embeddable":true,"href":"https:\/\/linitiative.ca\/International\/wp-json\/wp\/v2\/categories?post=86923"},{"taxonomy":"post_tag","embeddable":true,"href":"https:\/\/linitiative.ca\/International\/wp-json\/wp\/v2\/tags?post=86923"}],"curies":[{"name":"wp","href":"https:\/\/api.w.org\/{rel}","templated":true}]}}