{"id":86925,"date":"2020-05-27T21:13:29","date_gmt":"2020-05-28T01:13:29","guid":{"rendered":"https:\/\/linitiative.ca\/International\/covid-19-279-analyses-effectuees-au-laboratoire\/"},"modified":"2020-05-27T21:13:29","modified_gmt":"2020-05-28T01:13:29","slug":"covid-19-279-analyses-effectuees-au-laboratoire","status":"publish","type":"post","link":"https:\/\/linitiative.ca\/International\/covid-19-279-analyses-effectuees-au-laboratoire\/","title":{"rendered":"Covid-19: 279 analyses effectu\u00e9es au laboratoire"},"content":{"rendered":"<div readability=\"38\">\n<p>Youssoufia \u2013 Un total de 279 analyses ont \u00e9t\u00e9 effectu\u00e9es au laboratoire au niveau de la province de Youssoufia pour la d\u00e9tection d\u2019une \u00e9ventuelle contamination au nouveau coronavirus (Covid-19) et ce, depuis le d\u00e9clenchement de la pand\u00e9mie, a fait savoir le d\u00e9l\u00e9gu\u00e9 provincial de la sant\u00e9, Mohamed Elatiqi.<\/p>\n<\/div>\n<div readability=\"107\">\n<p>Dans une d\u00e9claration \u00e0 la MAP, M. Elatiqi, a indiqu\u00e9 que les services m\u00e9dicaux ont r\u00e9alis\u00e9 279 analyses jusqu\u2019\u00e0 mardi 26 mai, pour d\u00e9tecter une \u00e9ventuelle infection au Covid-19, dont les r\u00e9sultats se sont r\u00e9v\u00e9l\u00e9s tous n\u00e9gatifs, ce qui laisse la province de Youssoufia indemne de tout cas confirm\u00e9 de contamination depuis la d\u00e9claration de la pand\u00e9mie.<\/p>\n<p>Et de poursuivre que conform\u00e9ment aux orientations du minist\u00e8re de la Sant\u00e9, la d\u00e9l\u00e9gation a proc\u00e9d\u00e9, dans une premi\u00e8re phase, \u00e0 des pr\u00e9l\u00e8vements, de mani\u00e8re al\u00e9atoire, aupr\u00e8s des employ\u00e9s des centres commerciaux et des soci\u00e9t\u00e9s op\u00e9rant dans la province, sur la base d\u2019une liste \u00e9tablie par les autorit\u00e9s locales afin d\u2019\u00e9viter la d\u00e9claration d\u2019\u00e9ventuels foyers de la pand\u00e9mie.<\/p>\n<p>La deuxi\u00e8me phase de cette op\u00e9ration a \u00e9t\u00e9 marqu\u00e9e par un d\u00e9pistage intensif et quotidien, ciblant les stations de services, les grandes surfaces commerciales, les carri\u00e8res et les chauffeurs de taxis (cat\u00e9gories des petits et grands), en attendant l\u2019\u00e9largissement de cette action pour englober les services qui connaissent une affluence importante des citoyens comme les banques et les \u00e9piceries, a ajout\u00e9 le responsable.<\/p>\n<p>Il a, dans ce sillage, relev\u00e9 que la moyenne quotidienne des analyses effectu\u00e9es au laboratoire se situe entre 25 et 30 analyses, avec la possibilit\u00e9 de l\u2019augmenter \u00e0 80, comme c\u2019\u00e9tait le cas au cours de la journ\u00e9e de mardi (26 mai).<\/p>\n<p>La d\u00e9l\u00e9gation provinciale de la sant\u00e9 a r\u00e9serv\u00e9, \u00e0 cet effet, une unit\u00e9 mobile pour le pr\u00e9l\u00e8vement des \u00e9chantillons aupr\u00e8s des personnes avant leur renvoi au laboratoire \u00e0 Marrakech.<\/p>\n<p>Elle a \u00e9galement proc\u00e9d\u00e9, en coordination avec les autorit\u00e9s locales, \u00e0 l\u2019\u00e9tablissement d\u2019une liste des personnes arriv\u00e9es dans la province en provenance d\u2019autres r\u00e9gions touch\u00e9es par la pand\u00e9mie, sachant que l\u2019\u00e9quipe d\u2019intervention d\u2019urgence relevant de la D\u00e9l\u00e9gation examine les personnes concern\u00e9es et les place en isolement \u00e0 l\u2019h\u00f4pital provincial, en cas d\u2019apparition de sympt\u00f4mes suspects, dans l\u2019attente des r\u00e9sultats des analyses au laboratoire.<\/p>\n<p>M. Elatiqi a, en outre, rappel\u00e9 que les ressources humaines de l\u2019h\u00f4pital provincial ont \u00e9t\u00e9 renforc\u00e9es par des staffs m\u00e9dicaux pour la prise en charge des cas \u00e9ventuels, outre l\u2019am\u00e9nagement de trois salles d\u2019isolement et la r\u00e9servation de 10 lits pour l\u2019hospitalisation des patients infect\u00e9s.<\/p>\n<p>Et de noter que la cellule de veille poursuit le contr\u00f4le de la situation \u00e9pid\u00e9miologique au niveau de la province.<\/p>\n<p>Le responsable a, par ailleurs, appel\u00e9 la population locale \u00e0 continuer \u00e0 respecter scrupuleusement les consignes du confinement sanitaire, notamment la distanciation sociale et le port obligatoire des masques de protection, comme mesures pr\u00e9ventives afin d\u2019\u00e9viter la propagation de la pand\u00e9mie.<\/p>\n<p>A noter que la province de Youssoufia est rest\u00e9e indemne de tout cas confirm\u00e9 de contamination au Covid-19 depuis le d\u00e9clenchement de cette pand\u00e9mie dans la r\u00e9gion Marrakech-Safi.<\/p>\n<\/div>\n<p>Auteur: Meriem IGASS<br \/>\n<a href=\"http:\/\/www.mapmarrakech.ma\/fr\/covid-19-279-analyses-effectuees-au-laboratoire\/\">Cliquez ici pour lire l&rsquo;article depuis sa source.<\/a><\/p>\n","protected":false},"excerpt":{"rendered":"<p>Youssoufia \u2013 Un total de 279 analyses ont \u00e9t\u00e9 effectu\u00e9es au laboratoire au niveau de la province de Youssoufia pour la d\u00e9tection d\u2019une \u00e9ventuelle contamination au nouveau coronavirus (Covid-19) et ce, depuis le d\u00e9clenchement de la pand\u00e9mie, a fait savoir le d\u00e9l\u00e9gu\u00e9 provincial de la sant\u00e9, Mohamed Elatiqi. Dans une d\u00e9claration \u00e0 la MAP, M. [&hellip;]<\/p>\n","protected":false},"author":1788,"featured_media":0,"comment_status":"closed","ping_status":"closed","sticky":false,"template":"","format":"standard","meta":{"fifu_image_url":"","fifu_image_alt":"","footnotes":""},"categories":[54,76],"tags":[],"class_list":["post-86925","post","type-post","status-publish","format-standard","hentry","category-maroc","category-regions"],"_links":{"self":[{"href":"https:\/\/linitiative.ca\/International\/wp-json\/wp\/v2\/posts\/86925","targetHints":{"allow":["GET"]}}],"collection":[{"href":"https:\/\/linitiative.ca\/International\/wp-json\/wp\/v2\/posts"}],"about":[{"href":"https:\/\/linitiative.ca\/International\/wp-json\/wp\/v2\/types\/post"}],"author":[{"embeddable":true,"href":"https:\/\/linitiative.ca\/International\/wp-json\/wp\/v2\/users\/1788"}],"replies":[{"embeddable":true,"href":"https:\/\/linitiative.ca\/International\/wp-json\/wp\/v2\/comments?post=86925"}],"version-history":[{"count":0,"href":"https:\/\/linitiative.ca\/International\/wp-json\/wp\/v2\/posts\/86925\/revisions"}],"wp:attachment":[{"href":"https:\/\/linitiative.ca\/International\/wp-json\/wp\/v2\/media?parent=86925"}],"wp:term":[{"taxonomy":"category","embeddable":true,"href":"https:\/\/linitiative.ca\/International\/wp-json\/wp\/v2\/categories?post=86925"},{"taxonomy":"post_tag","embeddable":true,"href":"https:\/\/linitiative.ca\/International\/wp-json\/wp\/v2\/tags?post=86925"}],"curies":[{"name":"wp","href":"https:\/\/api.w.org\/{rel}","templated":true}]}}