{"id":86926,"date":"2020-05-28T06:15:57","date_gmt":"2020-05-28T10:15:57","guid":{"rendered":"https:\/\/linitiative.ca\/International\/debat-sur-la-planification-et-la-gestion-des-risques-durgence\/"},"modified":"2020-05-28T06:15:57","modified_gmt":"2020-05-28T10:15:57","slug":"debat-sur-la-planification-et-la-gestion-des-risques-durgence","status":"publish","type":"post","link":"https:\/\/linitiative.ca\/International\/debat-sur-la-planification-et-la-gestion-des-risques-durgence\/","title":{"rendered":"D\u00e9bat sur la planification et la gestion des risques d\u2019urgence"},"content":{"rendered":"<div readability=\"39\">\n<p>Marrakech \u2013 La planification strat\u00e9gique et la gestion des risques d\u2019urgence, en tant que l\u2019un des m\u00e9canismes de d\u00e9tection et de ma\u00eetrise des risques impr\u00e9vus \u00e0 moyen et long termes, a \u00e9t\u00e9 au centre d\u2019une conf\u00e9rence \u00e0 distance anim\u00e9e, mardi soir, par un parterre de professeurs de l\u2019Universit\u00e9 Cadi Ayyad de Marrakech (UCAM).<\/p>\n<\/div>\n<div readability=\"93.5\">\n<p>Initi\u00e9e par le laboratoire des recherches juridiques et d\u2019analyse des politiques et la licence professionnelle en gestion publique et d\u00e9veloppement territorial, en partenariat avec la fondation Hanns Seidel, cette conf\u00e9rence a \u00e9t\u00e9 l\u2019occasion pour les participants de d\u00e9battre de la planification strat\u00e9gique et de son importance dans la prise de d\u00e9cisions publiques.<\/p>\n<p>Les intervenants ont ainsi discut\u00e9 de la relation dialectique entre la planification strat\u00e9gique et la dimension temporelle, appelant les d\u00e9cideurs publics \u00e0 s\u2019inspirer du mod\u00e8le de gestion adopt\u00e9 dans le secteur priv\u00e9 et des meilleures pratiques internationales en la mati\u00e8re.<\/p>\n<p>A cette occasion, le doyen par int\u00e9rim de la Facult\u00e9 des sciences juridiques, \u00e9conomiques et sociales de Marrakech, Zakaria Khalil, a indiqu\u00e9 que la planification strat\u00e9gique et la gestion des risques d\u2019urgence s\u2019imposent plus que jamais, \u00e0 la lumi\u00e8re des catastrophes et des crises.<\/p>\n<p>M. Khalil a ajout\u00e9 que la pand\u00e9mie du nouveau coronavirus, par exemple, a bouscul\u00e9 toutes les constantes et principes reconnus en mati\u00e8re de gestion et de management, ainsi que tous les aspects de la vie publique, \u00e9conomique et sociale en g\u00e9n\u00e9ral, de m\u00eame qu\u2019elle a impos\u00e9 un changement total dans le processus d\u2019\u00e9laboration des politiques publiques.<\/p>\n<p>Dans ce cadre, il a soulign\u00e9 que la pand\u00e9mie du Covid-19 a donn\u00e9 lieu \u00e0 l\u2019\u00e9mergence d\u2019un nouveau genre de consommateurs ayant des priorit\u00e9s diff\u00e9rentes, puisque l\u2019attention accord\u00e9e \u00e0 l\u2019aspect sanitaire est devenue au centre de leurs tendances de consommation, ainsi que d\u2019un investisseur avec un nouveau concept qui prendra en compte de telles pand\u00e9mies dans la r\u00e9alisation de ses investissements.<\/p>\n<div readability=\"54\">\n<p>Et de poursuivre qu\u2019une bonne gestion de la chose publique et locale requiert la mise en \u0153uvre d\u2019une planification strat\u00e9gique, en tant que m\u00e9canisme pour mieux g\u00e9rer, anticiper et surmonter les risques pouvant \u00eatre engendr\u00e9s par certaines crises soudaines telles que les \u00e9pid\u00e9mies, les catastrophes naturelles et autres.<\/p>\n<p>De son c\u00f4t\u00e9, le chef du d\u00e9partement de droit public \u00e0 l\u2019UCAM, Mohamed El Ghali, a insist\u00e9 sur l\u2019importance de d\u00e9finir les objectifs de la planification strat\u00e9gique, d\u2019autant plus que la plupart des crises et des catastrophes se caract\u00e9risent par leur soudainet\u00e9 et peuvent \u00eatre parfois des cas de force majeure.<\/p>\n<p>Il a pr\u00e9cis\u00e9 que la planification strat\u00e9gique, en tant que m\u00e9canisme rationnel de prise de d\u00e9cision et de r\u00e9alisation d\u2019impacts \u00e0 court, moyen et long termes, impose parfois au d\u00e9cideur d\u2019avoir un impact imm\u00e9diat, comme c\u2019est le cas pour la probl\u00e9matique de la s\u00e9curit\u00e9 alimentaire et de la gestion des risques environnementaux.<\/p>\n<p>M. El Ghali a relev\u00e9 que la relation entre la planification strat\u00e9gique et la dimension temporelle reste \u00ab\u00a0peu claire\u00a0\u00bb, car les programmes et politiques publics sont rarement inclus dans un cadre temporel, estimant que l\u2019efficacit\u00e9 de la planification strat\u00e9gique r\u00e9side dans le facteur de la continuit\u00e9 et de la mise \u00e0 profit des exp\u00e9riences accumul\u00e9es.<\/p>\n<p>Pour leur part, les autres intervenants ont abord\u00e9 divers concepts et perceptions inh\u00e9rents \u00e0 la planification strat\u00e9gique et \u00e0 son r\u00f4le dans la gestion des risques, ainsi que les domaines de sa mise en application au niveau des entreprises, des banques et des collectivit\u00e9s territoriales, touch\u00e9es par la pand\u00e9mie du nouveau coronavirus.<\/p>\n<p>Ils ont \u00e9t\u00e9 \u00e9galement unanimes \u00e0 saluer la politique sage de SM le Roi Mohammed VI dans la gestion de la pand\u00e9mie, affirmant que gr\u00e2ce \u00e0 cette politique \u00e9clair\u00e9e, il a \u00e9t\u00e9 proc\u00e9d\u00e9 \u00e0 la cr\u00e9ation d\u2019un Comit\u00e9 de veille \u00e9conomique et d\u2019un fonds sp\u00e9cial pour la gestion de la pand\u00e9mie.<\/p>\n<\/div>\n<\/div>\n<p>Auteur: Meriem IGASS<br \/>\n<a href=\"http:\/\/www.mapmarrakech.ma\/fr\/conference-sur-la-planification-strategique-et-la-gestion-des-risques-durgence\/\">Cliquez ici pour lire l&rsquo;article depuis sa source.<\/a><\/p>\n","protected":false},"excerpt":{"rendered":"<p>Marrakech \u2013 La planification strat\u00e9gique et la gestion des risques d\u2019urgence, en tant que l\u2019un des m\u00e9canismes de d\u00e9tection et de ma\u00eetrise des risques impr\u00e9vus \u00e0 moyen et long termes, a \u00e9t\u00e9 au centre d\u2019une conf\u00e9rence \u00e0 distance anim\u00e9e, mardi soir, par un parterre de professeurs de l\u2019Universit\u00e9 Cadi Ayyad de Marrakech (UCAM). Initi\u00e9e par [&hellip;]<\/p>\n","protected":false},"author":1788,"featured_media":0,"comment_status":"closed","ping_status":"closed","sticky":false,"template":"","format":"standard","meta":{"fifu_image_url":"","fifu_image_alt":"","footnotes":""},"categories":[54,76],"tags":[],"class_list":["post-86926","post","type-post","status-publish","format-standard","hentry","category-maroc","category-regions"],"_links":{"self":[{"href":"https:\/\/linitiative.ca\/International\/wp-json\/wp\/v2\/posts\/86926","targetHints":{"allow":["GET"]}}],"collection":[{"href":"https:\/\/linitiative.ca\/International\/wp-json\/wp\/v2\/posts"}],"about":[{"href":"https:\/\/linitiative.ca\/International\/wp-json\/wp\/v2\/types\/post"}],"author":[{"embeddable":true,"href":"https:\/\/linitiative.ca\/International\/wp-json\/wp\/v2\/users\/1788"}],"replies":[{"embeddable":true,"href":"https:\/\/linitiative.ca\/International\/wp-json\/wp\/v2\/comments?post=86926"}],"version-history":[{"count":0,"href":"https:\/\/linitiative.ca\/International\/wp-json\/wp\/v2\/posts\/86926\/revisions"}],"wp:attachment":[{"href":"https:\/\/linitiative.ca\/International\/wp-json\/wp\/v2\/media?parent=86926"}],"wp:term":[{"taxonomy":"category","embeddable":true,"href":"https:\/\/linitiative.ca\/International\/wp-json\/wp\/v2\/categories?post=86926"},{"taxonomy":"post_tag","embeddable":true,"href":"https:\/\/linitiative.ca\/International\/wp-json\/wp\/v2\/tags?post=86926"}],"curies":[{"name":"wp","href":"https:\/\/api.w.org\/{rel}","templated":true}]}}