{"id":86932,"date":"2020-05-28T12:15:59","date_gmt":"2020-05-28T16:15:59","guid":{"rendered":"https:\/\/linitiative.ca\/International\/covid-19-laffaire-de-lorganisation-dune-soiree-a-oran-devant-le-juge-dinstruction\/"},"modified":"2020-05-28T12:15:59","modified_gmt":"2020-05-28T16:15:59","slug":"covid-19-laffaire-de-lorganisation-dune-soiree-a-oran-devant-le-juge-dinstruction","status":"publish","type":"post","link":"https:\/\/linitiative.ca\/International\/covid-19-laffaire-de-lorganisation-dune-soiree-a-oran-devant-le-juge-dinstruction\/","title":{"rendered":"Covid-19: l&rsquo;affaire de l&rsquo;organisation d&rsquo;une soir\u00e9e \u00e0 Oran devant le juge d\u2019instruction"},"content":{"rendered":"<div readability=\"39\">\n<p><strong>ORAN &#8211; Le parquet du tribunal d\u2019Oran a transmis, jeudi au juge d\u2019instruction, le dossier de l\u2019affaire de l\u2019organisation r\u00e9cemment d\u2019une soir\u00e9e artistique au sein d\u2019un h\u00f4tel, en infraction aux mesures de pr\u00e9vention contre la propagation de l\u2019\u00e9pid\u00e9mie du coronavirus, a indiqu\u00e9 cette instance judiciaire.<\/strong><\/p>\n<\/div>\n<div readability=\"67.890272014753\">\n<p>\u00ab\u00a0Les parties concern\u00e9es par cette affaire ont \u00e9t\u00e9 pr\u00e9sent\u00e9es, jeudi devant le parquet, \u00e0 l&rsquo;issue des investigations men\u00e9es par les services de la s\u00fbret\u00e9 sur les motivations des organisateurs de cette f\u00eate, qui a eu lieu \u00e0 l\u2019h\u00f4tel Le Z\u00e9nith, la veille de l\u2019A\u00efd El-Fitr et diffus\u00e9e, le second jour de l\u2019A\u00efd, par la cha\u00eene de t\u00e9l\u00e9vision El-Bahia\u00a0\u00bb, a soulign\u00e9 la m\u00eame source, dans un communiqu\u00e9 de presse remis \u00e0 l\u2019APS.<\/p>\n<p>En application des dispositions du code des proc\u00e9dures p\u00e9nales, notamment\u00a0 dans son article 11, \u00ab\u00a0le procureur de la R\u00e9publique du tribunal d\u2019Oran informe l\u2019opinion publique sur des informations faisant \u00e9tat de l\u2019organisation d\u2019une soir\u00e9e artistique par un nombre de personnes dans la salle des f\u00eates Le Z\u00e9nith, \u00e0 laquelle a assist\u00e9 un grand nombre de citoyens, ignorant les mesures de pr\u00e9vention contre la propagation de l\u2019\u00e9pid\u00e9mie du covid-19, exposant ainsi \u00e0 un grand risque la sant\u00e9 et la s\u00e9curit\u00e9 des personnes\u00a0\u00bb, a not\u00e9 le communiqu\u00e9 \u00e9manant du procureur de la R\u00e9publique du tribunal d\u2019Oran, Hadj Kaddour Boucif.<\/p>\n<hr\/>\n<h3>Lire aussi:\u00a0<a href=\"http:\/\/www.aps.dz\/societe\/105448-covid-19-non-respect-des-mesures-de-prevention-procedures-judiciaires-contre-5-319-individus\" target=\"_blank\" rel=\"noopener noreferrer\">Covid-19\/Non-respect des mesures de pr\u00e9vention: proc\u00e9dures judiciaires contre 5.319 individus<\/a><\/h3>\n<hr\/>\n<blockquote readability=\"17\">\n<p><em><strong>\u00ab\u00a0Suite \u00e0 ces informations, le parquet a instruit les services de la police judiciaire d&rsquo;ouvrir une enqu\u00eate sur les faits et d\u2019entendre toutes les personnes ayant un lien avec cette affaire\u00a0\u00bb, a-t-on pr\u00e9cis\u00e9, indiquant qu&rsquo;\u00e0 l&rsquo;issue de l\u2019enqu\u00eate pr\u00e9liminaire, le dossier a \u00e9t\u00e9 transmis au juge d\u2019instruction pour le d\u00e9lit de \u00ab\u00a0mise en danger directe de la vie d\u2019autrui ou l\u2019exposition de son int\u00e9grit\u00e9 physique \u00e0 un danger imminent, en infraction pr\u00e9m\u00e9dit\u00e9e du devoir de pr\u00e9caution et de s\u00e9curit\u00e9, durant la p\u00e9riode du confinement sanitaire, en application de la loi, notamment, dans l\u2019article 290F 02 bis du code p\u00e9nal\u00a0\u00bb.<\/strong><\/em><\/p>\n<\/blockquote>\n<p>Les parties concern\u00e9es sont \u00e9galement accus\u00e9es d\u2019infraction aux ordonnances et aux r\u00e8glements, selon les lois en vigueur, ajoute le procureur de la R\u00e9publique, affirmant que \u00ab\u00a0la loi sera appliqu\u00e9e dans toute sa rigueur, notamment lors d\u2019\u00e9v\u00e9nements touchant la sant\u00e9 et la s\u00e9curit\u00e9 des personnes\u00a0\u00bb.<\/p>\n<\/div>\n<p>Auteur:<br \/>\n<a href=\"http:\/\/www.aps.dz\/regions\/105522-covid-19-l-affaire-de-l-organisation-d-une-soiree-a-oran-devant-le-juge-d-instruction\">Cliquez ici pour lire l&rsquo;article depuis sa source.<\/a><\/p>\n","protected":false},"excerpt":{"rendered":"<p>ORAN &#8211; Le parquet du tribunal d\u2019Oran a transmis, jeudi au juge d\u2019instruction, le dossier de l\u2019affaire de l\u2019organisation r\u00e9cemment d\u2019une soir\u00e9e artistique au sein d\u2019un h\u00f4tel, en infraction aux mesures de pr\u00e9vention contre la propagation de l\u2019\u00e9pid\u00e9mie du coronavirus, a indiqu\u00e9 cette instance judiciaire. \u00ab\u00a0Les parties concern\u00e9es par cette affaire ont \u00e9t\u00e9 pr\u00e9sent\u00e9es, jeudi [&hellip;]<\/p>\n","protected":false},"author":1790,"featured_media":0,"comment_status":"closed","ping_status":"closed","sticky":false,"template":"","format":"standard","meta":{"fifu_image_url":"","fifu_image_alt":"","footnotes":""},"categories":[53,76],"tags":[],"class_list":["post-86932","post","type-post","status-publish","format-standard","hentry","category-algerie","category-regions"],"_links":{"self":[{"href":"https:\/\/linitiative.ca\/International\/wp-json\/wp\/v2\/posts\/86932","targetHints":{"allow":["GET"]}}],"collection":[{"href":"https:\/\/linitiative.ca\/International\/wp-json\/wp\/v2\/posts"}],"about":[{"href":"https:\/\/linitiative.ca\/International\/wp-json\/wp\/v2\/types\/post"}],"author":[{"embeddable":true,"href":"https:\/\/linitiative.ca\/International\/wp-json\/wp\/v2\/users\/1790"}],"replies":[{"embeddable":true,"href":"https:\/\/linitiative.ca\/International\/wp-json\/wp\/v2\/comments?post=86932"}],"version-history":[{"count":0,"href":"https:\/\/linitiative.ca\/International\/wp-json\/wp\/v2\/posts\/86932\/revisions"}],"wp:attachment":[{"href":"https:\/\/linitiative.ca\/International\/wp-json\/wp\/v2\/media?parent=86932"}],"wp:term":[{"taxonomy":"category","embeddable":true,"href":"https:\/\/linitiative.ca\/International\/wp-json\/wp\/v2\/categories?post=86932"},{"taxonomy":"post_tag","embeddable":true,"href":"https:\/\/linitiative.ca\/International\/wp-json\/wp\/v2\/tags?post=86932"}],"curies":[{"name":"wp","href":"https:\/\/api.w.org\/{rel}","templated":true}]}}