{"id":86939,"date":"2020-05-28T10:00:00","date_gmt":"2020-05-28T14:00:00","guid":{"rendered":"https:\/\/linitiative.ca\/International\/compaore-menace-de-partir\/"},"modified":"2020-05-28T10:00:00","modified_gmt":"2020-05-28T14:00:00","slug":"compaore-menace-de-partir","status":"publish","type":"post","link":"https:\/\/linitiative.ca\/International\/compaore-menace-de-partir\/","title":{"rendered":"Compaor\u00e9  menace de partir !"},"content":{"rendered":"<p class=\"MsoNormal c4\"><span class=\"c2\">Apr\u00e8s Belkhither, c\u2019est au tout de Bassirou Compaor\u00e9 de menacer de r\u00e9silier son contrat. Comme pour Belkhither,<\/span> <span class=\"c3\">l\u2019attaquant burkinab\u00e9 aurait l\u2019intention de r\u00e9silier son contrat s\u2019il ne touche pas ses salaires et ses primes au cours des quinze prochains jours. Encore un dossier qui s\u2019annonce chaud pour le Club Africain condamn\u00e9 \u00e0 vivre des moments difficiles. En fait, la repriser et l\u2019intersaison seront des plus difficiles pour le club de Bab-Jedid qui pourrait se retrouver avec un effectif des plus r\u00e9duits pour la reprise du championnat puisqu\u2019outre, Ay\u00e9di, Hadded, Belkhither et prochainement Bassirou, huit autre joueurs ont menac\u00e9 de faire autant et pour les m\u00eames raisons.<\/span><\/p>\n<p class=\"MsoNormal c4\"><strong><span class=\"c5\">D\u00e9mission imminente<\/span><\/strong><\/p>\n<p class=\"MsoNormal c4\"><span class=\"c5\">Selon des sources bien fond\u00e9es, les jours d\u2019Abdessalem El Younsi \u00e0 la t\u00eate du Club Africain sont compt\u00e9s. L\u2019homme aurait d\u00fb partir depuis fort longtemps et sa permanence \u00e0 la t\u00eate des \u00ab\u00a0Rouge et Blanc\u00a0\u00bb n\u2019a fait que rendre encore plus long le calvaire v\u00e9cu par le club.<\/span><\/p>\n<p class=\"MsoNormal c4\"><strong><span class=\"c5\">Un comit\u00e9 provisoire<\/span><\/strong><\/p>\n<p class=\"MsoNormal c4\"><span class=\"c5\">Un comit\u00e9 provisoire devrait s\u2019occuper des affaires courantes avant la tenue d\u2019une assembl\u00e9e g\u00e9n\u00e9rale \u00e9lective. Le tout se fera sous l\u2019\u00e9gide de la FTF. Ce que nous ne comprenons pas, c\u2019est la m\u00e9thode que la FTF compte adopter pour convaincre Abdessalem El Younsi \u00e0 quitter son poste. Il est question de dossiers plut\u00f4t lourds qui obligeraient le pr\u00e9sident clubiste \u00e0 annoncer son d\u00e9part et la tenue de deux assembl\u00e9es g\u00e9n\u00e9rale, \u00e9valuative et \u00e9lective.<\/span><\/p>\n<p class=\"MsoNormal c4\"><strong><span class=\"c5\"><span class=\"c6\">\u00a0<\/span><span class=\"c6\">\u00a0<\/span>Joueurs en col\u00e8re<\/span><\/strong><\/p>\n<p class=\"MsoNormal c4\"><span class=\"c5\">Les joueurs clubistes sont en col\u00e8re et ce n\u2019es plus un secret pour personne. Les salaires qui n\u2019arrivent sont derri\u00e8re cette situation devenue intenable au Club Africain. Ce qui inqui\u00e8te le plus, c\u2019est le silence des responsables qui n\u2019ont pas daign\u00e9 se manifester et \u00e9clairer la lanterne de leurs joueurs. C\u2019est le m\u00eame comportement enregistr\u00e9 avec Belkhither qui n\u2019a pas aim\u00e9 ce silence et cette indiff\u00e9rence des responsables. Ce qui la pouss\u00e9 \u00e0 r\u00e9agir. Ce silence emp\u00eache \u00e9galement de programmer le retour aux entra\u00eenements et de fixer une date pour la reprise. Ca ne sera pas facile pour <span class=\"c6\">\u00a0<\/span>Lass\u00e2ad Dridi<\/span><\/p>\n<p class=\"MsoNormal c8\"><strong><span class=\"c7\">Mourad AYARI<\/span><\/strong><\/p>\n<p>Auteur: letemps1<br \/>\n<a href=\"http:\/\/www.letemps.com.tn\/article\/114163\/compaor%C3%A9-menace-de-partir\">Cliquez ici pour lire l&rsquo;article depuis sa source.<\/a><\/p>\n","protected":false},"excerpt":{"rendered":"<p>Apr\u00e8s Belkhither, c\u2019est au tout de Bassirou Compaor\u00e9 de menacer de r\u00e9silier son contrat. Comme pour Belkhither, l\u2019attaquant burkinab\u00e9 aurait l\u2019intention de r\u00e9silier son contrat s\u2019il ne touche pas ses salaires et ses primes au cours des quinze prochains jours. Encore un dossier qui s\u2019annonce chaud pour le Club Africain condamn\u00e9 \u00e0 vivre des moments [&hellip;]<\/p>\n","protected":false},"author":1773,"featured_media":0,"comment_status":"closed","ping_status":"closed","sticky":false,"template":"","format":"standard","meta":{"fifu_image_url":"","fifu_image_alt":"","footnotes":""},"categories":[73,55],"tags":[],"class_list":["post-86939","post","type-post","status-publish","format-standard","hentry","category-actualite","category-tunisie"],"_links":{"self":[{"href":"https:\/\/linitiative.ca\/International\/wp-json\/wp\/v2\/posts\/86939","targetHints":{"allow":["GET"]}}],"collection":[{"href":"https:\/\/linitiative.ca\/International\/wp-json\/wp\/v2\/posts"}],"about":[{"href":"https:\/\/linitiative.ca\/International\/wp-json\/wp\/v2\/types\/post"}],"author":[{"embeddable":true,"href":"https:\/\/linitiative.ca\/International\/wp-json\/wp\/v2\/users\/1773"}],"replies":[{"embeddable":true,"href":"https:\/\/linitiative.ca\/International\/wp-json\/wp\/v2\/comments?post=86939"}],"version-history":[{"count":0,"href":"https:\/\/linitiative.ca\/International\/wp-json\/wp\/v2\/posts\/86939\/revisions"}],"wp:attachment":[{"href":"https:\/\/linitiative.ca\/International\/wp-json\/wp\/v2\/media?parent=86939"}],"wp:term":[{"taxonomy":"category","embeddable":true,"href":"https:\/\/linitiative.ca\/International\/wp-json\/wp\/v2\/categories?post=86939"},{"taxonomy":"post_tag","embeddable":true,"href":"https:\/\/linitiative.ca\/International\/wp-json\/wp\/v2\/tags?post=86939"}],"curies":[{"name":"wp","href":"https:\/\/api.w.org\/{rel}","templated":true}]}}