{"id":86940,"date":"2020-05-28T10:00:00","date_gmt":"2020-05-28T14:00:00","guid":{"rendered":"https:\/\/linitiative.ca\/International\/habib-oueslati-claque-la-porte\/"},"modified":"2020-05-28T10:00:00","modified_gmt":"2020-05-28T14:00:00","slug":"habib-oueslati-claque-la-porte","status":"publish","type":"post","link":"https:\/\/linitiative.ca\/International\/habib-oueslati-claque-la-porte\/","title":{"rendered":"Habib Oueslati claque la porte !"},"content":{"rendered":"<p>CSS : Apr\u00e8s avoir failli \u00e0 ses engagements<\/p>\n<footer class=\"submitted clearfix\">\n<p><span class=\"date-display-single\" property=\"dc:date\" datatype=\"xsd:dateTime\" content=\"2020-05-28T00:00:00+01:00\">Jeudi 28 Mai 2020<\/span><\/p>\n<\/footer>\n<div class=\"content clearfix\" readability=\"38.271648873072\"><span class=\"print-link\"><span class=\"print_html\"><a href=\"http:\/\/www.letemps.com.tn\/print\/114164\" title=\"Display a printer-friendly version of this page.\" class=\"print-page\" onclick=\"window.open(this.href); return false\" rel=\"nofollow\"><img decoding=\"async\" class=\"print-icon\" typeof=\"foaf:Image\" src=\"http:\/\/www.letemps.com.tn\/sites\/all\/modules\/print\/icons\/print_icon.gif\" alt=\"\u0646\u0633\u062e\u0629 \u0644\u0644\u0637\u0628\u0627\u0639\u0629\" title=\"\u0646\u0633\u062e\u0629 \u0644\u0644\u0637\u0628\u0627\u0639\u0629\"\/><\/a><\/span><\/span><\/p>\n<div class=\"beacon9-social\">\n<p><iframe src=\"http:\/\/www.facebook.com\/plugins\/like.php?href=http%3A%2F%2Fwww.letemps.com.tn%2Farticle%2F114164%2Fhabib-oueslati-claque-la-porte&amp;layout=button_count&amp;show_faces=false&amp;action=like&amp;font=arial&amp;colorscheme=light\" scrolling=\"no\" frameborder=\"0\" class=\"c1\" allowtransparency=\"true\">[embedded content]<\/iframe><\/p>\n<\/div>\n<div class=\"field field-name-field-op-main-image field-type-image field-label-hidden field-items field-item even\"><img loading=\"lazy\" decoding=\"async\" typeof=\"foaf:Image\" src=\"http:\/\/www.letemps.com.tn\/sites\/www.letemps.com.tn\/files\/styles\/620px_wide\/public\/main\/articles\/P13-COUL-N2.JPG\" width=\"465\" height=\"255\" alt=\"\"\/><\/div>\n<div class=\"field field-name-body field-type-text-with-summary field-label-hidden field-items field-item even\" readability=\"47\">\n<p class=\"MsoNormal c4\"><span class=\"c3\">Habib Oueslati a d\u00e9cid\u00e9 de quitter le Club Sportif Sfaxien. Selon Foot24, le milieu de terrain est parti en France et ne compte pas rentrer \u00e0 Sfax. Son agent, Slim Ka\u00e2bi, a d\u00e9clar\u00e9 que le joueur n\u2019a pas re\u00e7u ses salaires et a du s\u2019installer chez son fr\u00e8re, Abdelkader, avant de quitter le pays. Il a ajout\u00e9 que la direction du CSS l\u2019a ignor\u00e9 et qu\u2019il a fallu que sa m\u00e8re lui prenne son billet d\u2019avion. Slim Ka\u00e2bi a, ensuite, soulign\u00e9 que le contrat de <span class=\"c2\">\u00a0<\/span>Oueslati sera r\u00e9sili\u00e9 unilat\u00e9ralement d\u00e8s que la commission des litiges se r\u00e9unisse.<\/span><\/p>\n<p class=\"MsoNormal c4\"><span class=\"c3\">Nous avons appris par ailleurs, que le joueur en question a failli \u00e0 ses engagements <span class=\"c2\">\u00a0<\/span>envers le club phare du Sud et il a<span class=\"c2\">\u00a0<\/span> m\u00eame boud\u00e9 le Conseil de discipline auquel il a \u00e9t\u00e9 convoqu\u00e9 avant de prendre la poudre d\u2019escampette. Affaire \u00e0 suivre<\/span><\/p>\n<p class=\"MsoNormal c5\"><strong><span class=\"c3\">Ameur KERKENNI<\/span><\/strong><\/p>\n<\/div>\n<\/div>\n<p>Auteur: letemps1<br \/>\n<a href=\"http:\/\/www.letemps.com.tn\/article\/114164\/habib-oueslati-claque-la-porte\">Cliquez ici pour lire l&rsquo;article depuis sa source.<\/a><\/p>\n","protected":false},"excerpt":{"rendered":"<p>CSS : Apr\u00e8s avoir failli \u00e0 ses engagements Jeudi 28 Mai 2020 [embedded content] Habib Oueslati a d\u00e9cid\u00e9 de quitter le Club Sportif Sfaxien. Selon Foot24, le milieu de terrain est parti en France et ne compte pas rentrer \u00e0 Sfax. Son agent, Slim Ka\u00e2bi, a d\u00e9clar\u00e9 que le joueur n\u2019a pas re\u00e7u ses salaires [&hellip;]<\/p>\n","protected":false},"author":1773,"featured_media":86941,"comment_status":"closed","ping_status":"closed","sticky":false,"template":"","format":"standard","meta":{"fifu_image_url":"","fifu_image_alt":"","footnotes":""},"categories":[73,55],"tags":[],"class_list":["post-86940","post","type-post","status-publish","format-standard","has-post-thumbnail","hentry","category-actualite","category-tunisie"],"_links":{"self":[{"href":"https:\/\/linitiative.ca\/International\/wp-json\/wp\/v2\/posts\/86940","targetHints":{"allow":["GET"]}}],"collection":[{"href":"https:\/\/linitiative.ca\/International\/wp-json\/wp\/v2\/posts"}],"about":[{"href":"https:\/\/linitiative.ca\/International\/wp-json\/wp\/v2\/types\/post"}],"author":[{"embeddable":true,"href":"https:\/\/linitiative.ca\/International\/wp-json\/wp\/v2\/users\/1773"}],"replies":[{"embeddable":true,"href":"https:\/\/linitiative.ca\/International\/wp-json\/wp\/v2\/comments?post=86940"}],"version-history":[{"count":0,"href":"https:\/\/linitiative.ca\/International\/wp-json\/wp\/v2\/posts\/86940\/revisions"}],"wp:featuredmedia":[{"embeddable":true,"href":"https:\/\/linitiative.ca\/International\/wp-json\/"}],"wp:attachment":[{"href":"https:\/\/linitiative.ca\/International\/wp-json\/wp\/v2\/media?parent=86940"}],"wp:term":[{"taxonomy":"category","embeddable":true,"href":"https:\/\/linitiative.ca\/International\/wp-json\/wp\/v2\/categories?post=86940"},{"taxonomy":"post_tag","embeddable":true,"href":"https:\/\/linitiative.ca\/International\/wp-json\/wp\/v2\/tags?post=86940"}],"curies":[{"name":"wp","href":"https:\/\/api.w.org\/{rel}","templated":true}]}}