{"id":86943,"date":"2020-05-28T10:00:00","date_gmt":"2020-05-28T14:00:00","guid":{"rendered":"https:\/\/linitiative.ca\/International\/ca-se-bouscule-au-portillon-pour-laaribi\/"},"modified":"2020-05-28T10:00:00","modified_gmt":"2020-05-28T14:00:00","slug":"ca-se-bouscule-au-portillon-pour-laaribi","status":"publish","type":"post","link":"https:\/\/linitiative.ca\/International\/ca-se-bouscule-au-portillon-pour-laaribi\/","title":{"rendered":"\u00c7a se bouscule au portillon pour L\u00e2aribi !"},"content":{"rendered":"<p class=\"MsoNormal\">L\u2019attaquant alg\u00e9rien de l\u2019Etoile Karim L\u00e2aribi-meilleur buteur de la ligue des champions- est courtis\u00e9 par plusieurs club europ\u00e9ens et du Golfe, \u00e0 l\u2019instar des deux clubs saoudiens Al Adala et Ittihad Jeddah,d\u2019un club qatari, d\u2019une \u00e9quipe portugaise et d\u2019une \u00e9curie fran\u00e7aise. L\u2019int\u00e9ress\u00e9 est plut\u00f4t favorable \u00e0 une exp\u00e9rience en Hexagone, m\u00eame si l\u2019offre financi\u00e8re du club fran\u00e7ais est moins all\u00e9chante p\u00e9cuniairement.<\/p>\n<p class=\"MsoNormal\"><strong>Reprise le 8 Juin<\/strong><\/p>\n<p class=\"MsoNormal\">En pr\u00e9vision de la reprise du championnat en Ao\u00fbt prochain, la direction de l\u2019Etoile en concertation avec le tandem B Younes-Chebil aurait retenu la date du 8 Juin pour la reprise des entrainements.<\/p>\n<p class=\"MsoNormal\"><strong>Vers le retour de Slim Derwiche<\/strong><\/p>\n<p class=\"MsoNormal\">L\u2019une des d\u00e9cisions fort attendues dans le camp \u00e9toil\u00e9 dans les jours \u00e0 venir, est sans aucun doute celle relative au retour au bercail de Slim Derwiche,le\u00a0\u00ab\u00a0Monsieur-Afrique\u00a0\u00bb du club Sah\u00e9lien connu pour son r\u00e9seau relationnel impressionnant ,qui devrait r\u00e9int\u00e9grer le centre de formation. Ce dernier est tr\u00e8s appr\u00e9ci\u00e9 dans l\u2019entourage de l\u2019Etoile pour ses qualit\u00e9s de d\u00e9nicheur patent\u00e9 de talents, lui qui a \u00e9t\u00e9 derri\u00e8re la signature de plusieurs joueurs talentueux sur le double plan local et africain et qui ont \u00e9t\u00e9 les artisans de remarquables cons\u00e9crations et performances. A titre d\u2019exemple, il a \u00e9t\u00e9 \u00e0 l\u2019origine du recrutement de Moussa Narry, MorryOgambyie,FranckKom,Alkhali Bangoura et tant d\u2019autres \u00e9l\u00e9ments qui ont brill\u00e9 de mille feux sous les couleurs de l\u2019Etoile, mais surtout qui ont g\u00e9n\u00e9r\u00e9 des rentr\u00e9es d\u2019argent consid\u00e9rables pour la tr\u00e9sorerie du club sah\u00e9lien.<\/p>\n<p class=\"MsoNormal\">Un come-back de Slim Derwiche dans le giron de l\u2019ESS sera clairement b\u00e9n\u00e9fique compte tenu de l\u2019habilet\u00e9 de ce dernier en mati\u00e8re de d\u00e9nichage de jeunes talents sur le plan national et africain et de ses larges connexions, outre son d\u00e9vouement pour le club Sah\u00e9lien.<\/p>\n<p class=\"MsoNormal c2\"><strong>Hatem REGAIEG<\/strong><\/p>\n<p>Auteur: letemps1<br \/>\n<a href=\"http:\/\/www.letemps.com.tn\/article\/114166\/%C3%A7a-se-bouscule-au-portillon-pour-l%C3%A2aribi\">Cliquez ici pour lire l&rsquo;article depuis sa source.<\/a><\/p>\n","protected":false},"excerpt":{"rendered":"<p>L\u2019attaquant alg\u00e9rien de l\u2019Etoile Karim L\u00e2aribi-meilleur buteur de la ligue des champions- est courtis\u00e9 par plusieurs club europ\u00e9ens et du Golfe, \u00e0 l\u2019instar des deux clubs saoudiens Al Adala et Ittihad Jeddah,d\u2019un club qatari, d\u2019une \u00e9quipe portugaise et d\u2019une \u00e9curie fran\u00e7aise. L\u2019int\u00e9ress\u00e9 est plut\u00f4t favorable \u00e0 une exp\u00e9rience en Hexagone, m\u00eame si l\u2019offre financi\u00e8re du [&hellip;]<\/p>\n","protected":false},"author":1773,"featured_media":0,"comment_status":"closed","ping_status":"closed","sticky":false,"template":"","format":"standard","meta":{"fifu_image_url":"","fifu_image_alt":"","footnotes":""},"categories":[73,55],"tags":[],"class_list":["post-86943","post","type-post","status-publish","format-standard","hentry","category-actualite","category-tunisie"],"_links":{"self":[{"href":"https:\/\/linitiative.ca\/International\/wp-json\/wp\/v2\/posts\/86943","targetHints":{"allow":["GET"]}}],"collection":[{"href":"https:\/\/linitiative.ca\/International\/wp-json\/wp\/v2\/posts"}],"about":[{"href":"https:\/\/linitiative.ca\/International\/wp-json\/wp\/v2\/types\/post"}],"author":[{"embeddable":true,"href":"https:\/\/linitiative.ca\/International\/wp-json\/wp\/v2\/users\/1773"}],"replies":[{"embeddable":true,"href":"https:\/\/linitiative.ca\/International\/wp-json\/wp\/v2\/comments?post=86943"}],"version-history":[{"count":0,"href":"https:\/\/linitiative.ca\/International\/wp-json\/wp\/v2\/posts\/86943\/revisions"}],"wp:attachment":[{"href":"https:\/\/linitiative.ca\/International\/wp-json\/wp\/v2\/media?parent=86943"}],"wp:term":[{"taxonomy":"category","embeddable":true,"href":"https:\/\/linitiative.ca\/International\/wp-json\/wp\/v2\/categories?post=86943"},{"taxonomy":"post_tag","embeddable":true,"href":"https:\/\/linitiative.ca\/International\/wp-json\/wp\/v2\/tags?post=86943"}],"curies":[{"name":"wp","href":"https:\/\/api.w.org\/{rel}","templated":true}]}}