{"id":86944,"date":"2020-05-28T10:00:00","date_gmt":"2020-05-28T14:00:00","guid":{"rendered":"https:\/\/linitiative.ca\/International\/un-stage-de-preparation-de-10-jours-a-sousse\/"},"modified":"2020-05-28T10:00:00","modified_gmt":"2020-05-28T14:00:00","slug":"un-stage-de-preparation-de-10-jours-a-sousse","status":"publish","type":"post","link":"https:\/\/linitiative.ca\/International\/un-stage-de-preparation-de-10-jours-a-sousse\/","title":{"rendered":"Un stage de pr\u00e9paration de 10 jours  \u00e0 Sousse"},"content":{"rendered":"<p class=\"normal c3\"><span class=\"c2\">Jalel Kadri a commenc\u00e9 \u00e0 bouger pour pr\u00e9parer la reprise des entra\u00eenements selon un programme adapt\u00e9 aux conditions tr\u00e8s sp\u00e9ciales qui ont accompagn\u00e9s l\u2019arr\u00eat du championnat et de l\u2019inactivit\u00e9 presque totale des joueurs. Cette reprise devra respecter les consignes de la FTF qui a diffus\u00e9 un guide sanitaire \u00e0 respecter scrupuleusement par les \u00e9quipes de la Ligue 1. Apr\u00e8s les premi\u00e8res s\u00e9ances, le staff technique en collaboration avec le comit\u00e9 directeur pense \u00e0 organiser un stage \u00e0 Sousse de 10 jours pour pr\u00e9parer dans les meilleures conditions le retour du championnat.<\/span><\/p>\n<p class=\"normal c3\"><a name=\"_ti6sv96od7qo\" id=\"_ti6sv96od7qo\"\/><span class=\"c5\">Lors de ce stage, l\u2019\u00e9quipe du Bardo disputera quelques rencontres amicales contre des \u00e9quipes de la r\u00e9gion ou d\u2019autres qui seront \u00e9galement en stage sur les lieux. Une rencontre contre l\u2019AS Rajich qui aura \u00e0 disputer deux matchs barrages pour l\u2019accession en Ligue 2 pourrait \u00e9galement \u00eatre programm\u00e9e.<span class=\"c4\">\u00a0\u00a0\u00a0<\/span><\/span><\/p>\n<p class=\"normal c3\"><span class=\"c2\">\u00a0<\/span><\/p>\n<p class=\"normal c3\"><a name=\"_pozasf83mvrz\" id=\"_pozasf83mvrz\"\/><strong><span class=\"c5\">En stand by<\/span><\/strong><\/p>\n<p class=\"normal c3\"><a name=\"_yfo7nq2ut0n8\" id=\"_yfo7nq2ut0n8\"\/><span class=\"c5\"><span class=\"c4\">\u00a0<\/span>Le retour des joueurs bloqu\u00e9s en France persiste encore. Leur rapatriement n&rsquo;est pas pour demain et les dirigeants non pas encore trouv\u00e9 de solution \u00e0 ce probl\u00e8me malgr\u00e9 les contacts presque quotidien avec les autorit\u00e9s comp\u00e9tentes au Minist\u00e8re des Affaires \u00c9trang\u00e8res. Leur absence aux entra\u00eenements devrait donner des soucis \u00e0 leur entra\u00eeneur qui comptait sur leur pr\u00e9sence pour bien pr\u00e9parer la reprise \u00e0 partir du 8 juin. Il devrait compter sur des jeunes issus de la cat\u00e9gorie des \u00e9lites et celle des junior pour compl\u00e9ter son effectif.<\/span><\/p>\n<p class=\"normal c3\"><span class=\"c2\">\u00a0<\/span><\/p>\n<p class=\"normal c3\"><a name=\"_j47r1g8ex1pm\" id=\"_j47r1g8ex1pm\"\/><strong><span class=\"c5\">Zoghlami au Bardo<\/span><\/strong><\/p>\n<p class=\"normal c3\"><strong><span class=\"c2\">\u00a0<\/span><\/strong><\/p>\n<p class=\"normal c3\"><a name=\"_7qu3ryjmzrif\" id=\"_7qu3ryjmzrif\"\/><span class=\"c5\">Parti en Arabie Saoudite sous forme de pr\u00eat au club Ohod<span class=\"c4\">\u00a0<\/span> depuis le mois de d\u00e9cembre dernier Chiheb Zoghlami est \u00e0 Tunis depuis quelques semaines. Je profiterais de l&rsquo;occasion pour s&rsquo;entra\u00eener avec ses anciens co\u00e9quipiers et pr\u00e9server sa condition physique sans toutefois pouvoir participer rencontres officielles.<\/span><\/p>\n<p class=\"normal c3\"><span class=\"c2\">\u00a0<\/span><\/p>\n<p class=\"normal c3\"><a name=\"_gtvvvql9hmkg\" id=\"_gtvvvql9hmkg\"\/><strong><span class=\"c5\">Renforts<\/span><\/strong><\/p>\n<p class=\"normal c3\"><a name=\"_rubnh0lq55c5\" id=\"_rubnh0lq55c5\"\/><span class=\"c5\"><span class=\"c4\">\u00a0<\/span>nous avons signal\u00e9 dans une pr\u00e9c\u00e9dente livraison que Jalel Kadri<span class=\"c4\">\u00a0<\/span> \u00e0 donner sans accord pour prolonger son s\u00e9jour au Bardo. Les termes du<span class=\"c4\">\u00a0<\/span> renouvellement<span class=\"c4\">\u00a0<\/span> de<span class=\"c4\">\u00a0<\/span> son<span class=\"c4\">\u00a0<\/span> contrat sors en discuter dans les tous prochains jours. toutefois, nous avons appris que l&rsquo;entra\u00eeneur stadiste aurait<span class=\"c4\">\u00a0<\/span> demand\u00e9 des renforts pour la prochaine saison. Selon des sources bien inform\u00e9es il voudrait ramener un attaquant offensif de renomm\u00e9e internationale.<\/span><\/p>\n<p class=\"normal c3\"><span class=\"c2\">\u00a0<\/span><\/p>\n<p class=\"normal c3\"><a name=\"_r536y4kvg9z1\" id=\"_r536y4kvg9z1\"\/><strong><span class=\"c5\">Prolongement<\/span><\/strong><\/p>\n<p class=\"normal c3\"><a name=\"_pf9dirjtpshf\" id=\"_pf9dirjtpshf\"\/><span class=\"c5\"><span class=\"c4\">\u00a0<\/span>Les dirigeants stadistes<span class=\"c4\">\u00a0<\/span> entameront<span class=\"c4\">\u00a0<\/span> d\u00e8s le retour aux entra\u00eenements les discussions pour le prolongement des contrats de certains joueurs parmi lesquels nous citerons Eymen Sfaxi et Ali Ma\u00e2toug. ce dernier avait donn\u00e9 sans accord de principe avant de rentrer en Libye.<span class=\"c4\">\u00a0<\/span> il devrait poser sa signature au bas de son nouveau bail d\u00e8s son retour au Bardo.<\/span><\/p>\n<p class=\"normal c7\"><a name=\"_yo061ekh1c9z\" id=\"_yo061ekh1c9z\"\/><span class=\"c6\"><span class=\"c4\">\u00a0\u00a0\u00a0\u00a0\u00a0\u00a0\u00a0\u00a0\u00a0\u00a0\u00a0\u00a0\u00a0\u00a0\u00a0\u00a0\u00a0\u00a0\u00a0\u00a0\u00a0\u00a0\u00a0\u00a0\u00a0\u00a0\u00a0\u00a0\u00a0\u00a0\u00a0\u00a0\u00a0\u00a0\u00a0\u00a0\u00a0\u00a0\u00a0\u00a0\u00a0\u00a0\u00a0\u00a0\u00a0\u00a0\u00a0\u00a0\u00a0\u00a0\u00a0\u00a0\u00a0\u00a0\u00a0\u00a0\u00a0\u00a0\u00a0\u00a0\u00a0\u00a0\u00a0\u00a0\u00a0\u00a0\u00a0\u00a0\u00a0\u00a0\u00a0\u00a0\u00a0\u00a0\u00a0\u00a0\u00a0\u00a0\u00a0\u00a0\u00a0\u00a0\u00a0\u00a0\u00a0\u00a0\u00a0\u00a0\u00a0\u00a0\u00a0\u00a0\u00a0\u00a0\u00a0\u00a0\u00a0\u00a0\u00a0\u00a0\u00a0\u00a0\u00a0<\/span> <strong>M.R<\/strong><\/span><\/p>\n<p>Auteur: letemps1<br \/>\n<a href=\"http:\/\/www.letemps.com.tn\/article\/114167\/un-stage-de-pr%C3%A9paration-de-10-jours-%C3%A0-sousse\">Cliquez ici pour lire l&rsquo;article depuis sa source.<\/a><\/p>\n","protected":false},"excerpt":{"rendered":"<p>Jalel Kadri a commenc\u00e9 \u00e0 bouger pour pr\u00e9parer la reprise des entra\u00eenements selon un programme adapt\u00e9 aux conditions tr\u00e8s sp\u00e9ciales qui ont accompagn\u00e9s l\u2019arr\u00eat du championnat et de l\u2019inactivit\u00e9 presque totale des joueurs. Cette reprise devra respecter les consignes de la FTF qui a diffus\u00e9 un guide sanitaire \u00e0 respecter scrupuleusement par les \u00e9quipes de [&hellip;]<\/p>\n","protected":false},"author":1773,"featured_media":0,"comment_status":"closed","ping_status":"closed","sticky":false,"template":"","format":"standard","meta":{"fifu_image_url":"","fifu_image_alt":"","footnotes":""},"categories":[73,55],"tags":[],"class_list":["post-86944","post","type-post","status-publish","format-standard","hentry","category-actualite","category-tunisie"],"_links":{"self":[{"href":"https:\/\/linitiative.ca\/International\/wp-json\/wp\/v2\/posts\/86944","targetHints":{"allow":["GET"]}}],"collection":[{"href":"https:\/\/linitiative.ca\/International\/wp-json\/wp\/v2\/posts"}],"about":[{"href":"https:\/\/linitiative.ca\/International\/wp-json\/wp\/v2\/types\/post"}],"author":[{"embeddable":true,"href":"https:\/\/linitiative.ca\/International\/wp-json\/wp\/v2\/users\/1773"}],"replies":[{"embeddable":true,"href":"https:\/\/linitiative.ca\/International\/wp-json\/wp\/v2\/comments?post=86944"}],"version-history":[{"count":0,"href":"https:\/\/linitiative.ca\/International\/wp-json\/wp\/v2\/posts\/86944\/revisions"}],"wp:attachment":[{"href":"https:\/\/linitiative.ca\/International\/wp-json\/wp\/v2\/media?parent=86944"}],"wp:term":[{"taxonomy":"category","embeddable":true,"href":"https:\/\/linitiative.ca\/International\/wp-json\/wp\/v2\/categories?post=86944"},{"taxonomy":"post_tag","embeddable":true,"href":"https:\/\/linitiative.ca\/International\/wp-json\/wp\/v2\/tags?post=86944"}],"curies":[{"name":"wp","href":"https:\/\/api.w.org\/{rel}","templated":true}]}}