{"id":86957,"date":"2020-05-28T11:32:00","date_gmt":"2020-05-28T15:32:00","guid":{"rendered":"https:\/\/linitiative.ca\/International\/apn-boukadoum-participera-a-une-reunion-parlementaire-importante-lundi-prochain\/"},"modified":"2020-05-28T11:32:00","modified_gmt":"2020-05-28T15:32:00","slug":"apn-boukadoum-participera-a-une-reunion-parlementaire-importante-lundi-prochain","status":"publish","type":"post","link":"https:\/\/linitiative.ca\/International\/apn-boukadoum-participera-a-une-reunion-parlementaire-importante-lundi-prochain\/","title":{"rendered":"APN : Boukadoum participera \u00e0 une r\u00e9union parlementaire importante lundi prochain"},"content":{"rendered":"<p class=\"c10\"><span class=\"c7\">Dans un communiqu\u00e9 de la chambre basse du parlement, publi\u00e9e cet apr\u00e8s-midi sur sa page Facebook, la commission des affaires \u00e9trang\u00e8res, de la coop\u00e9ration et de la communaut\u00e9 de l&rsquo;Assembl\u00e9e populaire nationale (APN), pr\u00e9sid\u00e9e par Abdelkader Abdelaoui, tiendra lundi prochain, \u00e0 10h00, une s\u00e9ance de travail avec Boukadouk et Bladehane afin de \u00ab\u00a0discuter des questions d&rsquo;actualit\u00e9\u00a0\u00bb.\u00a0<\/span><span class=\"c7\">La programmation de cette r\u00e9union intervient dans un contexte particulier. En effet, l&rsquo;Alg\u00e9rie a d\u00e9cid\u00e9, mercredi soir<\/span><strong class=\"c9\"><a href=\"https:\/\/www.radioalgerie.dz\/news\/fr\/article\/20200527\/194055.html\" class=\"c8\" target=\"_blank\" rel=\"noopener noreferrer\">, de rappeler \u00ab\u00a0imm\u00e9diatement\u00a0\u00bb pour consultations son ambassadeur en France<\/a><\/strong><span class=\"c7\">.<\/span><\/p>\n<p class=\"c10\">Cette d\u00e9cision fait suite au caract\u00e8re r\u00e9current de programmes diffus\u00e9s par des cha\u00eenes de t\u00e9l\u00e9vision publiques fran\u00e7aises qui sont des \u00ab\u00a0attaques contre le peuple Alg\u00e9rien et ses institutions, dont l&rsquo;Arm\u00e9e nationale populaire\u00a0\u00bb, a indiqu\u00e9 un communiqu\u00e9 du minist\u00e8re des Affaires \u00e9trang\u00e8res<br \/>.<\/p>\n<p>Auteur: elmoudjahid<br \/>\n<a href=\"http:\/\/www.elmoudjahid.com\/fr\/actualites\/153995\">Cliquez ici pour lire l&rsquo;article depuis sa source.<\/a><\/p>\n","protected":false},"excerpt":{"rendered":"<p>Dans un communiqu\u00e9 de la chambre basse du parlement, publi\u00e9e cet apr\u00e8s-midi sur sa page Facebook, la commission des affaires \u00e9trang\u00e8res, de la coop\u00e9ration et de la communaut\u00e9 de l&rsquo;Assembl\u00e9e populaire nationale (APN), pr\u00e9sid\u00e9e par Abdelkader Abdelaoui, tiendra lundi prochain, \u00e0 10h00, une s\u00e9ance de travail avec Boukadouk et Bladehane afin de \u00ab\u00a0discuter des questions [&hellip;]<\/p>\n","protected":false},"author":1744,"featured_media":0,"comment_status":"closed","ping_status":"closed","sticky":false,"template":"","format":"standard","meta":{"fifu_image_url":"","fifu_image_alt":"","footnotes":""},"categories":[73,53],"tags":[],"class_list":["post-86957","post","type-post","status-publish","format-standard","hentry","category-actualite","category-algerie"],"_links":{"self":[{"href":"https:\/\/linitiative.ca\/International\/wp-json\/wp\/v2\/posts\/86957","targetHints":{"allow":["GET"]}}],"collection":[{"href":"https:\/\/linitiative.ca\/International\/wp-json\/wp\/v2\/posts"}],"about":[{"href":"https:\/\/linitiative.ca\/International\/wp-json\/wp\/v2\/types\/post"}],"author":[{"embeddable":true,"href":"https:\/\/linitiative.ca\/International\/wp-json\/wp\/v2\/users\/1744"}],"replies":[{"embeddable":true,"href":"https:\/\/linitiative.ca\/International\/wp-json\/wp\/v2\/comments?post=86957"}],"version-history":[{"count":0,"href":"https:\/\/linitiative.ca\/International\/wp-json\/wp\/v2\/posts\/86957\/revisions"}],"wp:attachment":[{"href":"https:\/\/linitiative.ca\/International\/wp-json\/wp\/v2\/media?parent=86957"}],"wp:term":[{"taxonomy":"category","embeddable":true,"href":"https:\/\/linitiative.ca\/International\/wp-json\/wp\/v2\/categories?post=86957"},{"taxonomy":"post_tag","embeddable":true,"href":"https:\/\/linitiative.ca\/International\/wp-json\/wp\/v2\/tags?post=86957"}],"curies":[{"name":"wp","href":"https:\/\/api.w.org\/{rel}","templated":true}]}}