{"id":86958,"date":"2020-05-28T09:30:00","date_gmt":"2020-05-28T13:30:00","guid":{"rendered":"https:\/\/linitiative.ca\/International\/ghardaia-caravane-de-solidarite-avec-les-habitants-de-lextreme-sud-du-pays\/"},"modified":"2020-05-28T09:30:00","modified_gmt":"2020-05-28T13:30:00","slug":"ghardaia-caravane-de-solidarite-avec-les-habitants-de-lextreme-sud-du-pays","status":"publish","type":"post","link":"https:\/\/linitiative.ca\/International\/ghardaia-caravane-de-solidarite-avec-les-habitants-de-lextreme-sud-du-pays\/","title":{"rendered":"Gharda\u00efa: Caravane de solidarit\u00e9 avec les habitants de l\u2019extr\u00eame Sud du pays"},"content":{"rendered":"<p><h2>\u00a0<\/h2>\n<\/p>\n<div readability=\"27\">\n<p>Organis\u00e9e en \u00e9troite collaboration entre les services du commerce des wilayas de Gharda\u00efa, Ouargla, El Oued et Laghouat et des acteurs locaux, cette caravane, acheminant quelques 165 tonnes d\u2019aides de solidarit\u00e9, a choisi de venir en aide aux populations d\u00e9munies de ces contr\u00e9es \u00e9loign\u00e9es, en rassemblant des dons en nature compos\u00e9s essentiellement de produits alimentaires des diff\u00e9rents grossistes et commer\u00e7ants des wilayas pr\u00e9cit\u00e9es.<\/p>\n<p>Donnant le d\u00e9part de cette caravane compos\u00e9e de sept camions semi-remorque, le wali de Gharda\u00efa, Boualem Amrani, a indiqu\u00e9 que cette action de solidarit\u00e9 vise \u00e0 contribuer au d\u00e9senclavement de ces zones et \u00e0 venir en aide aux populations d\u00e9favoris\u00e9es.<\/p>\n<p>L\u2019op\u00e9ration ne sera pas la derni\u00e8re et sera suivie d&rsquo;actions similaires plus cibl\u00e9es pour r\u00e9pondre aux besoins r\u00e9els de ces citoyens du pays, a-t-il promis.<\/p>\n<p>APS\u00a0<\/p>\n<\/div>\n<p>Auteur: elmoudjahid<br \/>\n<a href=\"http:\/\/www.elmoudjahid.com\/fr\/actualites\/153996\">Cliquez ici pour lire l&rsquo;article depuis sa source.<\/a><\/p>\n","protected":false},"excerpt":{"rendered":"<p>\u00a0 Organis\u00e9e en \u00e9troite collaboration entre les services du commerce des wilayas de Gharda\u00efa, Ouargla, El Oued et Laghouat et des acteurs locaux, cette caravane, acheminant quelques 165 tonnes d\u2019aides de solidarit\u00e9, a choisi de venir en aide aux populations d\u00e9munies de ces contr\u00e9es \u00e9loign\u00e9es, en rassemblant des dons en nature compos\u00e9s essentiellement de produits [&hellip;]<\/p>\n","protected":false},"author":1744,"featured_media":0,"comment_status":"closed","ping_status":"closed","sticky":false,"template":"","format":"standard","meta":{"fifu_image_url":"","fifu_image_alt":"","footnotes":""},"categories":[73,53],"tags":[],"class_list":["post-86958","post","type-post","status-publish","format-standard","hentry","category-actualite","category-algerie"],"_links":{"self":[{"href":"https:\/\/linitiative.ca\/International\/wp-json\/wp\/v2\/posts\/86958","targetHints":{"allow":["GET"]}}],"collection":[{"href":"https:\/\/linitiative.ca\/International\/wp-json\/wp\/v2\/posts"}],"about":[{"href":"https:\/\/linitiative.ca\/International\/wp-json\/wp\/v2\/types\/post"}],"author":[{"embeddable":true,"href":"https:\/\/linitiative.ca\/International\/wp-json\/wp\/v2\/users\/1744"}],"replies":[{"embeddable":true,"href":"https:\/\/linitiative.ca\/International\/wp-json\/wp\/v2\/comments?post=86958"}],"version-history":[{"count":0,"href":"https:\/\/linitiative.ca\/International\/wp-json\/wp\/v2\/posts\/86958\/revisions"}],"wp:attachment":[{"href":"https:\/\/linitiative.ca\/International\/wp-json\/wp\/v2\/media?parent=86958"}],"wp:term":[{"taxonomy":"category","embeddable":true,"href":"https:\/\/linitiative.ca\/International\/wp-json\/wp\/v2\/categories?post=86958"},{"taxonomy":"post_tag","embeddable":true,"href":"https:\/\/linitiative.ca\/International\/wp-json\/wp\/v2\/tags?post=86958"}],"curies":[{"name":"wp","href":"https:\/\/api.w.org\/{rel}","templated":true}]}}