{"id":86961,"date":"2020-05-28T12:08:47","date_gmt":"2020-05-28T16:08:47","guid":{"rendered":"https:\/\/linitiative.ca\/International\/105521-foot-l-enregistrement-sonore-n-est-pas-un-faux-se-defend-saadaoui\/"},"modified":"2020-05-28T12:08:47","modified_gmt":"2020-05-28T16:08:47","slug":"105521-foot-l-enregistrement-sonore-n-est-pas-un-faux-se-defend-saadaoui","status":"publish","type":"post","link":"https:\/\/linitiative.ca\/International\/105521-foot-l-enregistrement-sonore-n-est-pas-un-faux-se-defend-saadaoui\/","title":{"rendered":"Foot: \u00ab\u00a0l&rsquo;enregistrement sonore n&rsquo;est pas un faux\u00a0\u00bb, se d\u00e9fend Sa\u00e2daoui"},"content":{"rendered":"<div readability=\"37\">\n<p><strong>ALGER &#8211; Le manager de joueurs Nassim Sa\u00e2daoui a plaid\u00e9 jeudi son innocence dans l&rsquo;affaire de marchandage de matchs qui l&rsquo;aurait impliqu\u00e9, via un enregistrement sonore, avec le directeur g\u00e9n\u00e9ral de l&rsquo;ES S\u00e9tif Fahd Halfaya, tout en insistant que le sonore en question \u00ab\u00a0n&rsquo;est pas un faux\u00a0\u00bb.<\/strong><\/p>\n<\/div>\n<div readability=\"71.947911778508\">\n<p>\u00ab\u00a0Je tiens \u00e0 pr\u00e9ciser que j&rsquo;ai \u00e9t\u00e9 convoqu\u00e9 en tant que t\u00e9moin. L&rsquo;enregistrement sonore n&rsquo;est pas un faux. Je pense qu&rsquo;il existe une expertise technique qui va conforter mes propos. Je ne voulais pas r\u00e9agir apr\u00e8s toute cette campagne qui m&rsquo;a vis\u00e9, d&rsquo;autant que nous \u00e9tions en plein mois de Ramadhan\u00a0\u00bb, a indiqu\u00e9 Sa\u00e2daoui \u00e0 la presse, peu apr\u00e8s son audition par la commission de discipline de la Ligue de football professionnel (LFP).<\/p>\n<p>Le DG de l&rsquo;Entente, Fahd Halfaya, est accus\u00e9 d\u2019avoir sollicit\u00e9 ce manager pour arranger des rencontres et favoriser par cons\u00e9quent son \u00e9quipe afin qu&rsquo;elle remporte le titre de champion d\u2019Alg\u00e9rie au d\u00e9triment des autres concurrents.<\/p>\n<blockquote readability=\"10\">\n<p><em><strong>\u00ab\u00a0L&rsquo;enregistrement s&rsquo;est d\u00e9roul\u00e9e en pr\u00e9sence de plusieurs personnes qui sont pr\u00eates \u00e0 t\u00e9moigner. Je n&rsquo;ai fait de chantage \u00e0 personne\u00a0\u00bb, a-t-il ajout\u00e9, tout en pr\u00e9cisant que l&rsquo;enregistrement sonore \u00ab\u00a0a \u00e9t\u00e9 transmis aux concern\u00e9s, je ne l&rsquo;ai pas diffus\u00e9 sur les r\u00e9seaux sociaux\u00a0\u00bb.<\/strong><\/em><\/p>\n<\/blockquote>\n<hr\/>\n<h3>Lire aussi:\u00a0<a href=\"http:\/\/www.aps.dz\/sport\/105443-foot-enregistrement-sonore-la-fifa-n-aura-pas-a-s-impliquer-directement\" target=\"_blank\" rel=\"noopener noreferrer\">Foot\/Enregistrement sonore: la Fifa n&rsquo;aura pas \u00e0 s&rsquo;impliquer directement<\/a><\/h3>\n<hr\/>\n<p>Avant d&rsquo;encha\u00eener : \u00ab\u00a0Cette affaire n&rsquo;a aucun lien avec le joueur de l&rsquo;ESS Ishak Boussouf, j&rsquo;ai en ma possession un document d\u00e9livr\u00e9 par l&rsquo;Entente qui me permet d&rsquo;agir dans le cadre d&rsquo;un transfert \u00e0 l&rsquo;\u00e9tranger\u00a0\u00bb.<\/p>\n<p>Enfin, Nassim Sa\u00e2daoui s&rsquo;est montr\u00e9 confiant quant \u00e0 son \u00ab\u00a0innocence\u00a0\u00bb dans cette affaire, se disant pr\u00eat \u00e0 collaborer avec la justice et les structures de football pour arriver \u00e0 \u00ab\u00a0une r\u00e9forme du secteur footballistique\u00a0\u00bb.<\/p>\n<p>Absent lors de la premi\u00e8re s\u00e9ance de la commission de discipline de la LFP pour des \u00ab\u00a0raisons de sant\u00e9\u00a0\u00bb, le DG de l\u2019Entente a d\u00e9clar\u00e9, peu apr\u00e8s son audition, qu\u2019il avait d\u00e9pos\u00e9 plainte contre Nassim Sa\u00e2daoui et d\u2019autres personnes pour \u00ab\u00a0chantage\u00a0\u00bb, tout en insistant que l&rsquo;enregistrement sonore est un \u00ab\u00a0faux\u00a0\u00bb.<\/p>\n<p>Cette affaire a fait r\u00e9agir le minist\u00e8re de la Jeunesse et des Sports (MJS) qui a d\u00e9pos\u00e9 une plainte contre X, alors que la F\u00e9d\u00e9ration alg\u00e9rienne de football (FAF) a indiqu\u00e9 dans un communiqu\u00e9 qu&rsquo;elle s&rsquo;\u00e9tait saisie du dossier, tout en d\u00e9non\u00e7ant avec vigueur ces \u00ab\u00a0pratiques condamnables\u00a0\u00bb.<\/p>\n<\/div>\n<p>Auteur:<br \/>\n<a href=\"http:\/\/www.aps.dz\/sport\/105521-foot-l-enregistrement-sonore-n-est-pas-un-faux-se-defend-saadaoui?utm_source=feedburner&#038;utm_medium=feed&#038;utm_campaign=Feed%3A+aps-sport+%28APS+-+SPORT%29\">Cliquez ici pour lire l&rsquo;article depuis sa source.<\/a><\/p>\n","protected":false},"excerpt":{"rendered":"<p>ALGER &#8211; Le manager de joueurs Nassim Sa\u00e2daoui a plaid\u00e9 jeudi son innocence dans l&rsquo;affaire de marchandage de matchs qui l&rsquo;aurait impliqu\u00e9, via un enregistrement sonore, avec le directeur g\u00e9n\u00e9ral de l&rsquo;ES S\u00e9tif Fahd Halfaya, tout en insistant que le sonore en question \u00ab\u00a0n&rsquo;est pas un faux\u00a0\u00bb. \u00ab\u00a0Je tiens \u00e0 pr\u00e9ciser que j&rsquo;ai \u00e9t\u00e9 convoqu\u00e9 [&hellip;]<\/p>\n","protected":false},"author":1790,"featured_media":0,"comment_status":"closed","ping_status":"closed","sticky":false,"template":"","format":"standard","meta":{"fifu_image_url":"","fifu_image_alt":"","footnotes":""},"categories":[53,75],"tags":[],"class_list":["post-86961","post","type-post","status-publish","format-standard","hentry","category-algerie","category-sport"],"_links":{"self":[{"href":"https:\/\/linitiative.ca\/International\/wp-json\/wp\/v2\/posts\/86961","targetHints":{"allow":["GET"]}}],"collection":[{"href":"https:\/\/linitiative.ca\/International\/wp-json\/wp\/v2\/posts"}],"about":[{"href":"https:\/\/linitiative.ca\/International\/wp-json\/wp\/v2\/types\/post"}],"author":[{"embeddable":true,"href":"https:\/\/linitiative.ca\/International\/wp-json\/wp\/v2\/users\/1790"}],"replies":[{"embeddable":true,"href":"https:\/\/linitiative.ca\/International\/wp-json\/wp\/v2\/comments?post=86961"}],"version-history":[{"count":0,"href":"https:\/\/linitiative.ca\/International\/wp-json\/wp\/v2\/posts\/86961\/revisions"}],"wp:attachment":[{"href":"https:\/\/linitiative.ca\/International\/wp-json\/wp\/v2\/media?parent=86961"}],"wp:term":[{"taxonomy":"category","embeddable":true,"href":"https:\/\/linitiative.ca\/International\/wp-json\/wp\/v2\/categories?post=86961"},{"taxonomy":"post_tag","embeddable":true,"href":"https:\/\/linitiative.ca\/International\/wp-json\/wp\/v2\/tags?post=86961"}],"curies":[{"name":"wp","href":"https:\/\/api.w.org\/{rel}","templated":true}]}}