{"id":86973,"date":"2020-05-27T17:54:00","date_gmt":"2020-05-27T21:54:00","guid":{"rendered":"https:\/\/linitiative.ca\/International\/olivier-poivre-darvor-reconduit-a-la-presidence-du-musee-national-de-la-marine\/"},"modified":"2020-05-27T17:54:00","modified_gmt":"2020-05-27T21:54:00","slug":"olivier-poivre-darvor-reconduit-a-la-presidence-du-musee-national-de-la-marine","status":"publish","type":"post","link":"https:\/\/linitiative.ca\/International\/olivier-poivre-darvor-reconduit-a-la-presidence-du-musee-national-de-la-marine\/","title":{"rendered":"Olivier Poivre d\u2019Arvor, reconduit \u00e0 la pr\u00e9sidence du mus\u00e9e national de la Marine"},"content":{"rendered":"<p>Olivier Poivre d\u2019Arvor est reconduit dans ses fonctions de pr\u00e9sident du conseil d\u2019administration du mus\u00e9e national de la Marine par d\u00e9cret du Pr\u00e9sident de la R\u00e9publique fran\u00e7aise en date du 18 mai 2020, publi\u00e9 au Journal officiel le 20 mai 2020. Il occupe cette fonction depuis mai 2014 et a d\u00e9j\u00e0 \u00e9t\u00e9 reconduit en mai 2017.<\/p>\n<p>Sous la pr\u00e9sidence d\u2019Olivier Poivre d\u2019Arvor, le mus\u00e9e national de la Marine conduit depuis 2017 un important projet de transformation et de r\u00e9novation dont l\u2019ambition est de construire le grand mus\u00e9e maritime fran\u00e7ais du 21\u00e8me si\u00e8cle. \u00c0 travers une nouvelle valorisation de ses collections, il s\u2019agira de rendre le grand public \u2014 particuli\u00e8rement les jeunes g\u00e9n\u00e9rations \u2014 plus familier avec la dimension maritime de la France, de lui transmettre le go\u00fbt de l\u2019histoire et de l\u2019aventure maritime de notre pays, notamment \u00e0 travers la Marine nationale, et de le sensibiliser aux enjeux et d\u00e9fis qui traversent la mer dans toutes ses dimensions : historique, mais aussi g\u00e9ographique, strat\u00e9gique et militaire, \u00e9conomique, environnementale, scientifique et culturelle.<\/p>\n<p>Olivier Poivre d\u2019Arvor, \u00e9crivain et diplomate en poste \u00e0 Alexandrie, Prague et Londres, est depuis juillet 2016 ambassadeur de France en Tunisie. Il a auparavant \u00e9t\u00e9 ambassadeur charg\u00e9 de l\u2019attractivit\u00e9 culturelle de la France (2015-2016), directeur de France Culture (2010-2015) et directeur de l\u2019AFAA, devenue depuis l\u2019Institut fran\u00e7ais (1999-2010). Fondateur du Marathon des mots \u00e0 Toulouse, il est aussi le cr\u00e9ateur en Tunisie de La Saison bleue et du Forum de la mer de Bizerte, rendez-vous eurom\u00e9diterran\u00e9en autour des enjeux maritimes durables.<\/p>\n<p><span class=\"c3\"><span class=\"c2\"><strong>Le mus\u00e9e national de la Marine<\/strong><\/span><\/span><\/p>\n<p>\u00c9tablissement public administratif plac\u00e9 sous la tutelle du Minist\u00e8re des Arm\u00e9es, le mus\u00e9e national de la Marine est labellis\u00e9 mus\u00e9e de France et implant\u00e9 sur sept lieux distincts du territoire national : six mus\u00e9es, \u00e0 Paris au Palais de Chaillot ferm\u00e9 jusqu\u2019en 2022 pour r\u00e9novation, et dans les ports de Brest, Toulon, Rochefort, et Port-Louis ; et \u00e0 Dugny (93) avec son centre de conservation et de ressources. \u00c0 la fois mus\u00e9e d\u2019art et d\u2019histoire, de sciences et de techniques, d\u2019aventure humaine et de tradition populaire, il a pour ambition de se r\u00e9inventer en haut lieu culturel maritime contemporain, un lieu de r\u00e9f\u00e9rence ouvert sur le monde comme sur son temps, un forum permettant la rencontre et l\u2019\u00e9change autour des grands enjeux qui parcourent la plan\u00e8te bleue.<\/p>\n<p><span class=\"c4\"><strong>Pr\u00e9sident du conseil d\u2019administration :<\/strong><\/span> Olivier Poivre d\u2019Arvor<\/p>\n<p><span class=\"c4\"><strong>Vice-pr\u00e9sident du conseil d\u2019administration :<\/strong><\/span> Terry Olson<\/p>\n<p><span class=\"c4\"><strong>Directeur :<\/strong><\/span> Vincent Campredon<br \/>\u00a0<\/p>\n<p>Auteur:<br \/>\n<a href=\"https:\/\/www.leaders.com.tn\/article\/30009-olivier-poivre-d-arvor-reconduit-a-la-presidence-du-musee-national-de-la-marine\">Cliquez ici pour lire l&rsquo;article depuis sa source.<\/a><\/p>\n","protected":false},"excerpt":{"rendered":"<p>Olivier Poivre d\u2019Arvor est reconduit dans ses fonctions de pr\u00e9sident du conseil d\u2019administration du mus\u00e9e national de la Marine par d\u00e9cret du Pr\u00e9sident de la R\u00e9publique fran\u00e7aise en date du 18 mai 2020, publi\u00e9 au Journal officiel le 20 mai 2020. Il occupe cette fonction depuis mai 2014 et a d\u00e9j\u00e0 \u00e9t\u00e9 reconduit en mai [&hellip;]<\/p>\n","protected":false},"author":1772,"featured_media":0,"comment_status":"closed","ping_status":"closed","sticky":false,"template":"","format":"standard","meta":{"fifu_image_url":"","fifu_image_alt":"","footnotes":""},"categories":[73,55],"tags":[],"class_list":["post-86973","post","type-post","status-publish","format-standard","hentry","category-actualite","category-tunisie"],"_links":{"self":[{"href":"https:\/\/linitiative.ca\/International\/wp-json\/wp\/v2\/posts\/86973","targetHints":{"allow":["GET"]}}],"collection":[{"href":"https:\/\/linitiative.ca\/International\/wp-json\/wp\/v2\/posts"}],"about":[{"href":"https:\/\/linitiative.ca\/International\/wp-json\/wp\/v2\/types\/post"}],"author":[{"embeddable":true,"href":"https:\/\/linitiative.ca\/International\/wp-json\/wp\/v2\/users\/1772"}],"replies":[{"embeddable":true,"href":"https:\/\/linitiative.ca\/International\/wp-json\/wp\/v2\/comments?post=86973"}],"version-history":[{"count":0,"href":"https:\/\/linitiative.ca\/International\/wp-json\/wp\/v2\/posts\/86973\/revisions"}],"wp:attachment":[{"href":"https:\/\/linitiative.ca\/International\/wp-json\/wp\/v2\/media?parent=86973"}],"wp:term":[{"taxonomy":"category","embeddable":true,"href":"https:\/\/linitiative.ca\/International\/wp-json\/wp\/v2\/categories?post=86973"},{"taxonomy":"post_tag","embeddable":true,"href":"https:\/\/linitiative.ca\/International\/wp-json\/wp\/v2\/tags?post=86973"}],"curies":[{"name":"wp","href":"https:\/\/api.w.org\/{rel}","templated":true}]}}