{"id":86974,"date":"2020-05-28T04:00:00","date_gmt":"2020-05-28T08:00:00","guid":{"rendered":"https:\/\/linitiative.ca\/International\/israel-palestine-un-conflit-sans-fin\/"},"modified":"2020-05-28T04:00:00","modified_gmt":"2020-05-28T08:00:00","slug":"israel-palestine-un-conflit-sans-fin","status":"publish","type":"post","link":"https:\/\/linitiative.ca\/International\/israel-palestine-un-conflit-sans-fin\/","title":{"rendered":"Isra\u00ebl &amp; Palestine : Un conflit sans fin\u2026"},"content":{"rendered":"<p><span class=\"c2\"><em><strong><span class=\"c2\"><em><strong><img decoding=\"async\" src=\"\/uploads\/FCK_files\/Samir-Gharbi(11).jpg\" alt=\"\" width=\"30%\" vspace=\"5\" hspace=\"5\" align=\"right\"\/><\/strong><\/em><\/span>Par Samir Gharbi &#8211;<\/strong><\/em><\/span> Sans les pers\u00e9cutions qu\u2019ils avaient endur\u00e9es pendant des si\u00e8cles dans toute l\u2019Europe m\u00e9di\u00e9vale et jusqu\u2019\u00e0 la fin du 19e si\u00e8cle, les Juifs europ\u00e9ens auraient-ils \u00e9t\u00e9 amen\u00e9s \u00e0 r\u00e9fl\u00e9chir \u00e0 l\u2019id\u00e9e de \u00abrevenir\u00bb en Palestine ?<\/p>\n<p>La question n\u2019a jamais \u00e9t\u00e9 tranch\u00e9e par les Historiens. Et pour cause, le sujet est tabou.<\/p>\n<p>Les juifs europ\u00e9ens \u2013 de diff\u00e9rentes nationalit\u00e9s et cultures, de diff\u00e9rents rites \u2013 sont les descendants \u2013 sur au moins 80 g\u00e9n\u00e9rations \u2013 des Juifs qui ont \u00e9t\u00e9 \u00ab dispers\u00e9s \u00bb par la force au fil des conqu\u00eates successives de ce territoire historique, lieu de naissance des trois religions monoth\u00e9istes abrahamiques : le juda\u00efsme, le christianisme et l\u2019islam.<\/p>\n<p>Ce territoire \u00e9tait habit\u00e9 il y a plus de 3 000 ans par des peuples disparates, organis\u00e9s en tribus et en royaume. Il n\u2019y avait pas alors de \u00ab pays \u00bb unique. Il y avait les Philistins, les Ph\u00e9niciens, les Assyriens, et les premiers convertis \u00e0 la religion de Jacob \u2013 Isra\u00ebl (Yacoub, dans le Coran), qui est fils de Isaac, fils d\u2019Abraham\u2026 C\u2019est Jacob qui fonda les 12 tribus d\u2019Isra\u00ebl\u2026<\/p>\n<p>Ces tribus \u00e9taient divis\u00e9es en royaume. Elles ont v\u00e9cu pr\u00e8s de 500 ans sur le vaste territoire \u00e0 c\u00f4t\u00e9s d\u2019autres peuples non juifs\u2026 Leur histoire est complexe, mais leur r\u00e8gne s\u2019ach\u00e8ve quand ils sont battus par les Assyriens, les Babyloniens, les Perses, les Grecs et les Romains. Leur dernier royaume sera celui de Juda en l\u2019an 586 avant J.-C. C\u2019est la fin de l\u2019Isra\u00ebl antique, mais \u00e9videmment pas celle du juda\u00efsme, qui continue \u00e0 prosp\u00e9rer en dehors de la Palestine.<\/p>\n<p>L\u2019av\u00e8nement d\u2019un nouveau pr\u00e9dicateur, J\u00e9sus de Nazareth, qui d\u00e9nonce les mauvaises pratiques de la religion juive et se fait crucifier, en l\u2019an 30 ou 33, sur ordre des Romains, occupants alors de la Palestine, en r\u00e9ponse \u00e0 la demande insistante des responsables religieux juifs accusant J\u00e9sus de blasph\u00e8me\u2026 J\u00e9sus qui avait \u00e0 peine une trentaine d\u2019ann\u00e9es, fils de Marie et de Joseph, lointain descendant lui aussi d\u2019Abraham, de Jacob, de David\u2026 En moins de trois ans de pr\u00e9dication, J\u00e9sus a mis un terme \u00e0 2 000 ans d\u2019histoires juives chaotiques. Une nouvelle religion monoth\u00e9iste est n\u00e9e : le christianisme. Elle mettra trois si\u00e8cles pour s\u2019\u00e9panouir pleinement malgr\u00e9 les pers\u00e9cutions juives.<\/p>\n<p>En adoptant la nouvelle religion, l\u2019empereur romain Constantin 1er (an 337) donne un nouvel \u00e9lan aux disciples de J\u00e9sus-Christ.<\/p>\n<p>La Palestine, quand \u00e0 elle, passe sous le contr\u00f4le des Byzantins (jusqu\u2019en 638), puis des Arabes musulmans (apr\u00e8s la mort du Proph\u00e8te Mohamed, lui-m\u00eame descendant d\u2019Abraham). Les Arabes sont chass\u00e9s par les Chr\u00e9tiens en 1096, puis les Chr\u00e9tiens seront \u00e0 leur tour renvoy\u00e9s par les Mamelouks \u00e9gyptiens, lesquels seront battus par les Ottomans\u2026<\/p>\n<p>Mais le territoire s\u2019appelle toujours Palestine\u2026 Quand les Ottomans perdent la guerre face aux Anglais (1917), le territoire est plac\u00e9 sous mandat britannique\u2026 jusqu\u2019en 1948\u2026<\/p>\n<p>Mais avant m\u00eame la colonisation britannique, les Juifs europ\u00e9ens \u2013 men\u00e9s par un formidable et puissant mouvement sioniste (1897) se sont donn\u00e9s comme objectif de fuir les pers\u00e9cutions europ\u00e9ennes chr\u00e9tiennes incessantes (ghettos, pogroms, tueries, spoliations, insultes\u2026) : ils commencent par acheter des terres en Palestine aux Ottomans, aux Egyptiens \u2026 mettant les prix qu\u2019il fallait\u2026 En dix ans, la population juive de Palestine augmente de 10 000 habitants\u2026 Elle triple en vingt ans, passant \u00e0 76 000 en 1920. Ils quittent leurs foyers en Europe et s\u2019\u00e9tablissent en Palestine, en bonne entente avec les Palestiniens sur place, qui ignoraient que l\u2019eau coulait sous leurs pieds\u2026<\/p>\n<p><img decoding=\"async\" src=\"\/uploads\/FCK_files\/2e-photo.jpg\" width=\"100%\" vspace=\"5\" hspace=\"5\" align=\"middle\" alt=\"\"\/><\/p>\n<p><span class=\"c3\"><em><span class=\"c2\"><strong>L\u00e9gende.<\/strong><\/span> R\u00e9partition des premiers lots de terrains entre les juifs pour la cr\u00e9ation de Tel Aviv, le 11 avril 1909.<br \/>Tel Aviv (en h\u00e9breu, signifie Colline du printemps) a \u00e9t\u00e9 fond\u00e9e, avec l\u2019accord des Ottomans, pour abriter les immigrants juifs et d\u00e9sengorger la ville voisine de Jaffa, \u00e0 majorit\u00e9 arabe. Les premiers terrains, rachet\u00e9s aux Arabes et aux Turcs, ont \u00e9t\u00e9 divis\u00e9es en 66 parcelles, chacune pour une famille juive. Une association a \u00e9t\u00e9 cr\u00e9\u00e9e \u00e0 cet effet \u2013 Agudat Bonei Batim (Association des b\u00e2tisseurs de maisons) \u2013 par le sioniste Arieh Akiva Weiss, un jeune entrepreneur tout juste arriv\u00e9 d\u2019Europe. Le 11 avril 1909, ce dernier organisa une loterie o\u00f9 chaque famille aura un lot tir\u00e9 au hasard : 66 coquillages gris (avec le n\u00b0 du lot) et 66 coquillages blancs (avec le nom de la famille). C\u2019est ainsi que furent attribu\u00e9s les premiers parcelles constructibles de Tel Aviv.<\/em><\/span><\/p>\n<p>Le g\u00e9nocide nazi avec l\u2019extermination de 6 millions de juifs allemands, fran\u00e7ais, polonais, etc., viendra, \u00e0 la fin de la Seconde guerre mondiale, donner le dernier argument id\u00e9al au mouvement sioniste. Les Britanniques sont d\u2019accord pour que l\u2019ONU propose un plan de partage de la Palestine, ce qu\u2019elle fera en 1947 en divisant le territoire en trois parties : une grande partie pour les Juifs (33 % de la population, soit 650 000), une moins grande aux autres palestiniens (musulmans et chr\u00e9tiens, 67 % de la population), et une troisi\u00e8me partie, sous contr\u00f4le de l\u2019Onu, J\u00e9rusalem, ville sainte pour les trois religions.<\/p>\n<p>Ce plan, annonc\u00e9 le 29 novembre 1947, est accept\u00e9 par la majorit\u00e9 des Juifs, et rejet\u00e9 par la majorit\u00e9 des Musulmans. Apr\u00e8s, c\u2019est l\u2019histoire \u00ab moderne \u00bb parsem\u00e9e de trois guerres (1948, 1967 et 1973), de plusieurs Intifada, de violences, d\u2019assassinats, de terrorisme des deux c\u00f4t\u00e9s\u2026<\/p>\n<p>Mais, au lieu de s\u2019adoucir, le leader isra\u00e9lien, signataire des accords de paix avec les Palestiniens, Yitzhak Rabin, est assassin\u00e9 de deux balles dans le dos \u00e0 Tel Aviv, le 4 novembre 1995. Avec lui, ce sont les accords de Oslo qu\u2019ils ont assassin\u00e9s. Le mouvement sioniste poursuivra son expansion territoriale et veut d\u00e9sormais annexer d\u00e8s juillet 2020, avec le soutien des Etats-Unis, la Vall\u00e9e du Jourdain, territoire palestinien situ\u00e9e \u00e0 la fronti\u00e8re avec la Jordanie.<\/p>\n<p>Ce sera une nouveau pr\u00e9texte pour faire \u00e0 nouveau la guerre, sous une forme ou une autre, alors que les populations vivent en paix relative, sauf la bande de Gaza (occup\u00e9e par les Jihadistes du Hamas). Les 2 millions de Palestiniens qui vivent \u2013 en Isra\u00ebl, avec la nationalit\u00e9 isra\u00e9lienne \u2013 se sont int\u00e9gr\u00e9s, vaille que vaille, \u00e0 la soci\u00e9t\u00e9 isra\u00e9lienne (ils sont repr\u00e9sent\u00e9s par une douzaine de d\u00e9put\u00e9s \u00e0 la Knesset). Beaucoup de Palestiniens de Cisjordanie et, en particulier de la Vall\u00e9e du Jourdain, ne demandent qu\u2019\u00e0 vivre en paix avec leurs voisins juifs\u2026<\/p>\n<p>Mais le sionisme \u2013 qui est une id\u00e9ologie de domination \u2013 veut co\u00fbte que co\u00fbte agrandir Isra\u00ebl afin de garantir \u00e0 long terme un rapport de force d\u00e9mographique favorable et durable aux Juifs. Car, on ne le sait pas, mais le nombre de Juifs et de Palestiniens \u2013 vivant sur l\u2019ensemble de la Palestine &amp; Isra\u00ebl \u2013 est devenu en 2017 \u00e9gal : 6,6 millions de Juifs, contre 6,6 millions de Palestiniens. Et depuis l\u2019\u00e9cart ne cesse de se creuser en faveur des Palestiniens : 7,1 millions en 2020, contre 7 millions de Juifs.<\/p>\n<p>L\u2019organisation sioniste doit co\u00fbte que co\u00fbte occuper de nouvelles terres pour attirer de nouveaux immigrants juifs europ\u00e9ens et am\u00e9ricains\u2026 et relancer ainsi le mouvement de l\u2019Alya religieuse (retour en Terre promise).<\/p>\n<p class=\"c4\"><strong>Samir Gharbi<\/strong><\/p>\n<p><span class=\"c2\"><strong>L\u00e9gende de la photo de la couverture<\/strong><\/span><br \/><span class=\"c3\"><em>R\u00e9union entre propri\u00e9taires arabes et acheteurs juifs apr\u00e8s un achat de terres (date inconnue). Source Google. Les ventes de terres par des Arabes et musulmans \u2013 Egyptiens et Turcs, notamment \u2013 ont commenc\u00e9 \u00e0 la fin du 19e si\u00e8cle pour se poursuivre au d\u00e9but du 20e si\u00e8cle. Apr\u00e8s la cr\u00e9ation de l\u2019Etat d\u2019Isra\u00ebl en 1948 et l\u2019exode forc\u00e9e des habitants arabes, plusieurs terres et maisons ont \u00e9t\u00e9 expropri\u00e9es de fait. Puis les implantations (colonies) se sont multipli\u00e9es sur tous les territoires attribu\u00e9s \u00e0 la Palestine par l\u2019Onu. A cela s\u2019ajoutent les annexions ult\u00e9rieures. Prochaine \u00e9tape d\u00e9cisive : l\u2019annexion, annonc\u00e9e pour juillet 2020, de la vall\u00e9e du Jourdain situ\u00e9e en Cisjordanie, propri\u00e9t\u00e9 de l\u2019Etat de Palestine, habit\u00e9e actuellement par des Palestiniens et plac\u00e9e sous contr\u00f4le militaire isra\u00e9lien. Comment vont r\u00e9agir \u00e0 cette annexion supr\u00eame l\u2019Autorit\u00e9 palestinienne, les Palestiniens, la Jordanie (pays frontalier), l\u2019Onu, l\u2019Occident et le reste du monde, \u00e0 part les Etats-Unis qui ont d\u00e9j\u00e0 donn\u00e9 leur feu vert.<\/em><\/span><\/p>\n<p class=\"c5\"><strong>Lire aussi<\/strong><\/p>\n<p class=\"c5\"><strong>\u2022 <a href=\"https:\/\/www.leaders.com.tn\/article\/29999-aux-origines-etaient-les-philistins\" target=\"_blank\" rel=\"noopener noreferrer\">Palestine : aux origines \u00e9taient les Philistins<\/a><\/strong><\/p>\n<p class=\"c5\"><strong>\u2022 <a href=\"https:\/\/www.leaders.com.tn\/article\/29977-les-populations-a-la-loupe-celles-des-palestiniens-et-des-israeliens\" target=\"_blank\" rel=\"noopener noreferrer\">Une population \u00e0 la loupe&#8230; celles des Palestiniens et des Isra\u00e9liens<\/a><\/strong><a href=\"https:\/\/www.leaders.com.tn\/article\/29977-les-populations-a-la-loupe-celles-des-palestiniens-et-des-israeliens\" target=\"_blank\" rel=\"noopener noreferrer\"><br \/><\/a><\/p>\n<p class=\"c5\"><strong>\u2022 <a href=\"https:\/\/www.leaders.com.tn\/article\/29975-palestine-israel-un-conflit-de-100-ans\" target=\"_blank\" rel=\"noopener noreferrer\">Dossier \u2022 Palestine &#8211; Isra\u00ebl: Un conflit de 100 ans<\/a><br \/><\/strong><\/p>\n<p><strong>\u2022<\/strong> <a href=\"https:\/\/www.leaders.com.tn\/article\/29983-jerusalem-mutilee-par-les-guerres\" target=\"_blank\" rel=\"noopener noreferrer\"><strong>J\u00e9rusalem mutil\u00e9e par les guerres\u2026<\/strong><\/a><\/p>\n<p><strong>\u2022 <a href=\"https:\/\/www.leaders.com.tn\/article\/29985-tom-segev-en-fait-nous-sommes-une-mosaique-composee-d-identites-disparates\" target=\"_blank\" rel=\"noopener noreferrer\">Le journaliste isra\u00e9lien Tom Segev : nous sommes une mosa\u00efque compos\u00e9e d\u2019identit\u00e9s disparates<\/a><\/strong><\/p>\n<p>\u2022 <a href=\"https:\/\/www.leaders.com.tn\/article\/30003-le-conflit-israelo-palestinien-est-il-condamne-a-s-eterniser\" target=\"_blank\" rel=\"noopener noreferrer\"><strong>Le conflit isra\u00e9lo-palestinien est-il condamn\u00e9 \u00e0 s\u2019\u00e9terniser ?<\/strong><\/a><\/p>\n<p>Auteur:<br \/>\n<a href=\"https:\/\/www.leaders.com.tn\/article\/30008-israel-palestine-un-conflit-sans-fin\">Cliquez ici pour lire l&rsquo;article depuis sa source.<\/a><\/p>\n","protected":false},"excerpt":{"rendered":"<p>Par Samir Gharbi &#8211; Sans les pers\u00e9cutions qu\u2019ils avaient endur\u00e9es pendant des si\u00e8cles dans toute l\u2019Europe m\u00e9di\u00e9vale et jusqu\u2019\u00e0 la fin du 19e si\u00e8cle, les Juifs europ\u00e9ens auraient-ils \u00e9t\u00e9 amen\u00e9s \u00e0 r\u00e9fl\u00e9chir \u00e0 l\u2019id\u00e9e de \u00abrevenir\u00bb en Palestine ? La question n\u2019a jamais \u00e9t\u00e9 tranch\u00e9e par les Historiens. Et pour cause, le sujet est tabou. [&hellip;]<\/p>\n","protected":false},"author":1772,"featured_media":86975,"comment_status":"closed","ping_status":"closed","sticky":false,"template":"","format":"standard","meta":{"fifu_image_url":"","fifu_image_alt":"","footnotes":""},"categories":[73,55],"tags":[],"class_list":["post-86974","post","type-post","status-publish","format-standard","has-post-thumbnail","hentry","category-actualite","category-tunisie"],"_links":{"self":[{"href":"https:\/\/linitiative.ca\/International\/wp-json\/wp\/v2\/posts\/86974","targetHints":{"allow":["GET"]}}],"collection":[{"href":"https:\/\/linitiative.ca\/International\/wp-json\/wp\/v2\/posts"}],"about":[{"href":"https:\/\/linitiative.ca\/International\/wp-json\/wp\/v2\/types\/post"}],"author":[{"embeddable":true,"href":"https:\/\/linitiative.ca\/International\/wp-json\/wp\/v2\/users\/1772"}],"replies":[{"embeddable":true,"href":"https:\/\/linitiative.ca\/International\/wp-json\/wp\/v2\/comments?post=86974"}],"version-history":[{"count":0,"href":"https:\/\/linitiative.ca\/International\/wp-json\/wp\/v2\/posts\/86974\/revisions"}],"wp:featuredmedia":[{"embeddable":true,"href":"https:\/\/linitiative.ca\/International\/wp-json\/"}],"wp:attachment":[{"href":"https:\/\/linitiative.ca\/International\/wp-json\/wp\/v2\/media?parent=86974"}],"wp:term":[{"taxonomy":"category","embeddable":true,"href":"https:\/\/linitiative.ca\/International\/wp-json\/wp\/v2\/categories?post=86974"},{"taxonomy":"post_tag","embeddable":true,"href":"https:\/\/linitiative.ca\/International\/wp-json\/wp\/v2\/tags?post=86974"}],"curies":[{"name":"wp","href":"https:\/\/api.w.org\/{rel}","templated":true}]}}