{"id":86984,"date":"2020-05-28T13:11:12","date_gmt":"2020-05-28T17:11:12","guid":{"rendered":"https:\/\/linitiative.ca\/International\/post-covid-19-le-respirateur-assouplissement-quantitatif-ou-comment-ranimer-lappareil-productif\/"},"modified":"2020-05-28T13:11:12","modified_gmt":"2020-05-28T17:11:12","slug":"post-covid-19-le-respirateur-assouplissement-quantitatif-ou-comment-ranimer-lappareil-productif","status":"publish","type":"post","link":"https:\/\/linitiative.ca\/International\/post-covid-19-le-respirateur-assouplissement-quantitatif-ou-comment-ranimer-lappareil-productif\/","title":{"rendered":"Post-covid 19 : le respirateur \u00abassouplissement quantitatif\u00bb ou comment ranimer l\u2019appareil productif"},"content":{"rendered":"<p><strong>Cela fait 40 jours que je suis con\ufb01n\u00e9e, la d\u00e9put\u00e9e a laiss\u00e9 la place \u00e0 l\u2019\u00e9pouse et la m\u00e8re qui s\u2019occupe de son foyer, la pand\u00e9mie du coronavirus a ramen\u00e9 toute l\u2019humanit\u00e9 \u00e0 des r\u00e9alit\u00e9s basiques que nous avons eu tendance \u00e0 n\u00e9gliger. J\u2019en \u00e9tais \u00e0 \ufb01gnoler des recette s de mets depuis longtemps n\u00e9glig\u00e9es, l\u2019\u0153il accroch\u00e9 aux derni\u00e8res informations, quand j\u2019ai appris le lancement de la plateforme post \u2013 Covid-19, une initiative de notre pr\u00e9sident, Aziz Akhannouch.<\/strong><\/p>\n<div class=\"c10\"\/>\n<p>Tr\u00eave d\u2019art culinaire, retour au travail. Il s\u2019agit de r\u00e9fl\u00e9chir ensemble sur le Maroc d\u2019apr\u00e8s la pand\u00e9mie, d\u2019\u00e9laborer des propositions pour relancer l\u2019\u00e9conomie et de permettre aux gens de se remettre \u00e0 gagner leur vie. Dans la vision du pr\u00e9sident du Rassemblement National des Ind\u00e9pendants, l\u2019intelligence collective est g\u00e9n\u00e9r\u00e9e par la participation de chacun, le sort de la nation rel\u00e8vant de la responsabilit\u00e9 de tous. Quand un leader politique est dispos\u00e9 \u00e0 l\u2019\u00e9coute, comme l\u2019est Aziz Akhannouch, explorer des alternatives conceptuelles, penser le Maroc autrement devient un exercice intellectuel encore plus d\u00e9licieux que le plus raffin\u00e9 des plats.<br \/>C\u2019est ce microscopique virus qui est venu nous rappeler des \u00e9vidences que l\u2019on omettait d\u2019admettre. Plus raisonnable que nos moult et \u00e9ph\u00e9m\u00e8res envies, notre survie. Plus important que l\u2019\u00e9conomie, l\u2019\u00eatre humain. Plus consistant que la mondialisation, les capacit\u00e9s productives de chaque nation. Nous avons vu chaque Etat se d\u00e9brouiller tout seul pour prot\u00e9ger sa population, quand le coronavirus a infect\u00e9 la solidarit\u00e9 internationale. Nous avons vu de grandes puissances \u00e9conomiques, d\u00e9sindustrialis\u00e9es, qui cherchent \u00e0 importer les \u00e9quipements m\u00e9dicaux dont leurs peuples ont besoin, puisqu\u2019ils n\u2019en fabriquent plus. Nous avons vu notre pays, le Maroc, prendre les bonnes d\u00e9cisions, au bon moment, et mobiliser toutes ses ressources, humaines et mat\u00e9rielles, pour affronter l\u2019\u00e9pid\u00e9mie, en application des directives de SM le Roi. Nous avons vu les Marocains adopter, dans leur \u00e9crasante majorit\u00e9, un comportement responsable, s\u2019astreindre une discipline de distanciation sociale, pourtant contraire \u00e0 leur mentalit\u00e9, ce qui traduit une conscience citoyenne \u00e9lev\u00e9e.<br \/>Alors que la crise \u00e9pid\u00e9miologique est toujours pr\u00e9sente, nous pouvons quand m\u00eame nous regarder dans un miroir et ressentir la fiert\u00e9 d\u2019\u00eatre Marocains. Ce sont l\u00e0 des acquis sur lesquels nous pouvons fonder nos ambitions pour le Maroc d\u2019apr\u00e8s la pand\u00e9mie.<\/p>\n<p>Il y a eu un avant le CoVid-19 et il y aura un apr\u00e8s, tr\u00e8s diff\u00e9rent de ce qui \u00e9tait auparavant, tout le monde en convient. Voyons d\u2019abord ce qui a march\u00e9 et que nous devons sauvegarder. Nous mangeons \u00e0 notre faim et nos march\u00e9s sont bien approvisionn\u00e9s, gr\u00e2ce \u00e0 l\u2019effort consenti en mati\u00e8re de promotion de la production agricole, \u00e0 travers le plan \u00abMaroc Vert \u00bb, que plus personne ne songe d\u00e9sormais \u00e0 critiquer. Nous fabriquons des m\u00e9dicaments n\u00e9cessaires au traitement des personnes contamin\u00e9es par le coronavirus, ainsi que des masques de protection et des respirateurs, et ce gr\u00e2ce \u00e0 la r\u00e9activit\u00e9 de nos unit\u00e9s de production, ce qui met en exergue la pertinence du plan d\u2019acc\u00e9l\u00e9ration industrielle. Des fonds ont \u00e9t\u00e9 rapidement mobilis\u00e9s et des revenus assur\u00e9s aux employ\u00e9s en ch\u00f4mage technique et aux familles n\u00e9cessiteuses. M\u00eame nos sans domiciles fixes ont \u00e9t\u00e9 pris en charge. Les m\u00e9canismes r\u00e9cemment mis en place ne sont peut \u00eatre pas parfaits, mais ils sont en train d\u2019\u00eatre rod\u00e9s.<\/p>\n<p><strong>Lire aussi |<\/strong><a href=\"https:\/\/www.challenge.ma\/coronavirus-que-les-roquets-se-taisent-142105\/\"><strong>Coronavirus : que les roquets se taisent !<\/strong><\/a><\/p>\n<p>Cette crise a \u00e9galement mis en \u00e9vidence nos faiblesses, nous invitant, entre autres, \u00e0 former plus de cadres m\u00e9dicaux et \u00e0 renforcer nos infrastructures et \u00e9quipements de sant\u00e9. Les d\u00e9penses sociales ne sont pas des charges \u00e0 r\u00e9duire mais des investissements \u00e0 consentir, pour consolider et prot\u00e9ger notre capital humain, en toute connaissance de cause. Ce qui est sacr\u00e9, c\u2019est l\u2019\u00eatre humain, pas l\u2019orthodoxie financi\u00e8re. Le changement de paradigme est profond. Nous avons besoin de relancer les activit\u00e9s productives et industrielles, une fois la pand\u00e9mie pass\u00e9e, avec c\u00e9l\u00e9rit\u00e9 et rationalit\u00e9. S\u2019endetter encore plus, laisser se creuser quelque peu le d\u00e9ficit budg\u00e9taire, desserrer la bride \u00e0 l\u2019inflation, pour faire red\u00e9marrer l\u2019appareil productif et offrir des opportunit\u00e9s de travail aux demandeurs d\u2019emploi, pourquoi pas ? Nous savons maintenant, d\u2019exp\u00e9rience, que l\u2019aust\u00e9rit\u00e9 peut \u00e9touffer l\u2019\u00e9conomie physique autant qu\u2019elle sert \u00e0 redresser les \u00e9quilibres macro\u00e9conomiques. Une th\u00e9rapie qui peut soigner la maladie, tout en tuant le patient.<\/p>\n<p>Le mod\u00e8le n\u00e9olib\u00e9ral a montr\u00e9 ses limites, il est insensible \u00e0 la d\u00e9tresse humaine et fragile face \u00e0 des perturbations de grande ampleur. Preuve en est le triste spectacle des pays occidentaux confront\u00e9s \u00e0 la pand\u00e9mie, ceux l\u00e0-m\u00eame que l\u2019on consid\u00e9rait, nagu\u00e8re, comme des exemples \u00e0 suivre. La meilleure gestion de cette crise par les pays d\u2019Asie nous apprend que chaque nation doit se tailler le mod\u00e8le de d\u00e9veloppement qui lui convient le mieux, ce \u00e0 quoi nous avait d\u00e9j\u00e0 invit\u00e9 SM le Roi. Demain, les entreprises auront \u00e0 rouvrir leurs bureaux et ateliers et rappeler leurs employ\u00e9s. Elles constituent le tissu productif national, il faut donc les aider \u00e0 relancer leurs activit\u00e9s, dans les meilleures conditions de s\u00e9curit\u00e9 sanitaire pour les travailleurs. Une politique d\u2019assouplissement mon\u00e9taire est de nature \u00e0 irriguer l\u2019activit\u00e9 \u00e9conomique d\u2019un flux de liquidit\u00e9s dont cette derni\u00e8re aura cruellement besoin, au sortir de la p\u00e9riode de confinement. Et si le syst\u00e8me bancaire a ses r\u00e8gles prudentielles, la banque des banques, Bank Al Maghrib, peut l\u2019encourager \u00e0 d\u00e9passer sa frilosit\u00e9 naturelle envers les engagements ne b\u00e9n\u00e9ficiant pas de solides garanties.<\/p>\n<p>Le r\u00e9escompte par la banque centrale des cr\u00e9dits destin\u00e9s \u00e0 financer les activit\u00e9s productives pourrait \u00eatre l\u2019une des mesures pour inciter les banques \u00e0 se montrer plus souples. Ce qui permet de veiller \u00e0 une bonne allocation des ressources, puisqu\u2019il s\u2019agit essentiellement d\u2019alimenter en fonds \u00e0 taux mod\u00e9r\u00e9s les unit\u00e9s les plus aptes \u00e0 cr\u00e9er de l a valeur ajout\u00e9e et des emplois. Assouplissement quantitatif ne veut pas dire \u00ab jeter de l\u2019argent par h\u00e9licopt\u00e8re \u00bb et emp\u00eacher \u00e0 tout prix la morbidit\u00e9 d\u2019entreprises d\u00e9j\u00e0 vacillantes. Les perspectives de redressement des activit\u00e9s de chaque secteur productif devraient \u00e9galement \u00eatre prises en consid\u00e9ration, dans une perspective d\u2019accompagnement adapt\u00e9 \u00e0 chaque situation.<\/p>\n<p><strong>Lire aussi |<\/strong><a href=\"https:\/\/www.challenge.ma\/la-decision-prise-par-le-gouvernement-de-prolonger-le-confinement-est-celle-quil-fallait-prendre-141198\/\"><strong>Samir Machour : \u00ab je doute tr\u00e8s fort que l\u2019on puisse avoir un vaccin efficace dans les pharmacies d\u2019ici \u00e0 fin 2020 \u00bb<\/strong><\/a><\/p>\n<p>L\u2019actuelle crise a d\u00e9montr\u00e9 la fragilit\u00e9 des micro et petites entreprises, des travailleurs ind\u00e9pendants et du secteur informel. Il serait peut \u00eatre temps de passer d\u2019un raisonnement de \u00ab lutte contre\u00bb, selon une vision fiscale, \u00e0 celui d\u2019\u00abeffort pour\u00bb et de \u00ab partenariat avec \u00bb cette multitude de petits acteurs \u00e9conomiques, dans une approche plus inclusive. Ils sont les briques d\u2019entit\u00e9s urbaines dynamis\u00e9es par leurs propres capacit\u00e9s de production, puisque l\u2019actuelle crise nous am\u00e8ne \u00e0 repenser m\u00eame nos agglom\u00e9rations urbaines et la r\u00e9silience de nos cha\u00eenes d\u2019approvisionnement.<\/p>\n<p>Du sommet \u00e0 la base de la pyramide sociale du Maroc, il y a prise de conscience d\u2019un destin commun, toutes classes confondues. Les Marocains ont adopt\u00e9 des comportements individuels respectant l\u2019int\u00e9r\u00eat collectif. Ils ont appr\u00e9ci\u00e9 un Etat fort responsable de la protection de tous ses citoyens. Ils sont fiers du leadership \u00e9clair\u00e9 qui tient la barre et garde le cap pendant la temp\u00eate. Ils ont compris l\u2019importance de capacit\u00e9s de production nationales , aptes \u00e0 assurer s\u00e9curit\u00e9 alimentaire et acc\u00e8s aux produits m\u00e9dicaux, maintien op\u00e9rationnel des unit\u00e9s industrielles et approvisionnement des march\u00e9s en produits essentiels.<\/p>\n<p>Bref, les Marocains savent qu\u2019ils doivent compter sur eux -m\u00eames pour s\u2019en sortir et qu\u2019ils en sont capables. C \u2019est l\u00e0 le r\u00e9acteur pour propulser le pays sur l\u2019orbite du monde post-coronavirus. Nous survivrons au coronavirus et nous nous rel\u00e8verons encore plus forts. \u00c7a prendra le temps qu\u2019il faudra, mais on y arrivera. Nous avons la volont\u00e9 populaire et politique de le faire.<\/p>\n<p><strong>Lire aussi |<\/strong> <a rel=\"noreferrer noopener\" aria-label=\"Ce que vous devez savoir sur le coronavirus (s&#x2019;ouvre dans un nouvel onglet)\" href=\"https:\/\/www.challenge.ma\/ce-que-vous-devez-savoir-sur-le-coronavirus-134568\/\" target=\"_blank\"><strong>Ce que vous devez savoir sur le coronavirus<\/strong><\/a><\/p>\n<div class=\"c17\">\n<fieldset class=\"c16\">\n<legend><strong><span class=\"c11\">Challenge<\/span><span class=\"c12\">news<\/span><\/strong><\/legend>\n<div class=\"c15\">Le meilleur de Challenge s\u00e9lectionn\u00e9 par la r\u00e9daction :<\/p>\n<\/div>\n<\/fieldset>\n<\/div>\n<p>Auteur: challenge<br \/>\n<a href=\"https:\/\/www.challenge.ma\/post-covid-19-le-respirateur-assouplissement-quantitatif-ou-comment-ranimer-lappareil-productif-142079\/\">Cliquez ici pour lire l&rsquo;article depuis sa source.<\/a><\/p>\n","protected":false},"excerpt":{"rendered":"<p>Cela fait 40 jours que je suis con\ufb01n\u00e9e, la d\u00e9put\u00e9e a laiss\u00e9 la place \u00e0 l\u2019\u00e9pouse et la m\u00e8re qui s\u2019occupe de son foyer, la pand\u00e9mie du coronavirus a ramen\u00e9 toute l\u2019humanit\u00e9 \u00e0 des r\u00e9alit\u00e9s basiques que nous avons eu tendance \u00e0 n\u00e9gliger. J\u2019en \u00e9tais \u00e0 \ufb01gnoler des recette s de mets depuis longtemps n\u00e9glig\u00e9es, [&hellip;]<\/p>\n","protected":false},"author":1787,"featured_media":0,"comment_status":"closed","ping_status":"closed","sticky":false,"template":"","format":"standard","meta":{"fifu_image_url":"","fifu_image_alt":"","footnotes":""},"categories":[78,54],"tags":[],"class_list":["post-86984","post","type-post","status-publish","format-standard","hentry","category-economie","category-maroc"],"_links":{"self":[{"href":"https:\/\/linitiative.ca\/International\/wp-json\/wp\/v2\/posts\/86984","targetHints":{"allow":["GET"]}}],"collection":[{"href":"https:\/\/linitiative.ca\/International\/wp-json\/wp\/v2\/posts"}],"about":[{"href":"https:\/\/linitiative.ca\/International\/wp-json\/wp\/v2\/types\/post"}],"author":[{"embeddable":true,"href":"https:\/\/linitiative.ca\/International\/wp-json\/wp\/v2\/users\/1787"}],"replies":[{"embeddable":true,"href":"https:\/\/linitiative.ca\/International\/wp-json\/wp\/v2\/comments?post=86984"}],"version-history":[{"count":0,"href":"https:\/\/linitiative.ca\/International\/wp-json\/wp\/v2\/posts\/86984\/revisions"}],"wp:attachment":[{"href":"https:\/\/linitiative.ca\/International\/wp-json\/wp\/v2\/media?parent=86984"}],"wp:term":[{"taxonomy":"category","embeddable":true,"href":"https:\/\/linitiative.ca\/International\/wp-json\/wp\/v2\/categories?post=86984"},{"taxonomy":"post_tag","embeddable":true,"href":"https:\/\/linitiative.ca\/International\/wp-json\/wp\/v2\/tags?post=86984"}],"curies":[{"name":"wp","href":"https:\/\/api.w.org\/{rel}","templated":true}]}}