{"id":86987,"date":"2020-05-28T16:27:15","date_gmt":"2020-05-28T20:27:15","guid":{"rendered":"https:\/\/linitiative.ca\/International\/rapatriement-des-marocains-bloques-a-letranger-royal-air-maroc-se-prepare-a-assurer-les-rotations\/"},"modified":"2020-05-28T16:27:15","modified_gmt":"2020-05-28T20:27:15","slug":"rapatriement-des-marocains-bloques-a-letranger-royal-air-maroc-se-prepare-a-assurer-les-rotations","status":"publish","type":"post","link":"https:\/\/linitiative.ca\/International\/rapatriement-des-marocains-bloques-a-letranger-royal-air-maroc-se-prepare-a-assurer-les-rotations\/","title":{"rendered":"Rapatriement des Marocains bloqu\u00e9s \u00e0 l\u2019\u00e9tranger : Royal Air Maroc se pr\u00e9pare \u00e0 assurer les rotations"},"content":{"rendered":"<p><strong>Le ciel semble se d\u00e9gager pour les 31\u00a0800 Marocains qui, \u00e0 ce jour, sont toujours bloqu\u00e9s dans certains pays du globe, ne pouvant regagner la m\u00e8re patrie, faute d\u2019un espace a\u00e9rien ferm\u00e9. Selon nos sources, la compagnie a\u00e9rienne nationale serait en train de mobiliser son personnel navigant et de proc\u00e9der au red\u00e9marrage de sa flotte. Une campagne de rapatriement qui devrait d\u00e9buter aux alentours du 15 juin prochain. \u00a0<\/strong><\/p>\n<div class=\"c10\"\/>\n<p>Ce qui laisse supposer que cette programmation a\u00e9rienne li\u00e9e au retour des concitoyens du Royaume aurait re\u00e7u l\u2019aval des autorit\u00e9s, comme l\u2019avait laiss\u00e9 entendre Sa\u00e2deddine Elotmani \u00e0 la Chambre des repr\u00e9sentants, s\u2019agissant des plans de rapatriement qui \u00e9taient d\u00e9j\u00e0 ficel\u00e9s.<\/p>\n<p>Toujours est-il que ce m\u00eame rapatriement n\u00e9cessite une certaine pr\u00e9paration technique et humaine. En effet, voici un peu plus de deux mois que les a\u00e9ronefs de la RAM li\u00e9s au transport de passagers sont stationn\u00e9s sur le tarmac de l\u2019a\u00e9roport Mohammed V \u00e0 Nouaceur. Une immobilisation qui a un co\u00fbt, certains sp\u00e9cialistes du domaine a\u00e9rien avan\u00e7ant la somme 50 millions de DH de pertes par jour.<\/p>\n<p><strong>Lire aussi | <a href=\"https:\/\/www.challenge.ma\/rapatriement-de-300-marocains-bloques-a-sebta-141238\/\">Rapatriement de 300 Marocains bloqu\u00e9s \u00e0 Sebta<\/a><\/strong><\/p>\n<p>Du reste, chaque appareil a fait l\u2019objet, comme le veut la proc\u00e9dure en cas d\u2019immobilisation prolong\u00e9e, de toute la surveillance technique n\u00e9cessaire. Rappelons que la flotte de Royal Air Maroc s\u2019articule autour de 59 appareils, dont 31 Boeing 737-800, 4 Boeing 787-9 Dreamliner et 5 Boeing 787-800 Dreamliner. Des moyen-courriers et long-courriers qui devraient \u00eatre \u00e0 mis \u00e0 disposition par la compagnie pour rapatrier autant de personnes possible.<\/p>\n<p>Une phase de rapatriement qui laisse entendre par la suite que les vols commerciaux devraient reprendre au sein de la compagnie nationale, selon toute vraisemblance, aux alentours du 1<sup>er<\/sup> juillet, notamment en direction de l\u2019Europe. Reste pour la compagnie \u00e0 se conformer aux r\u00e8glements qu\u2019\u00e9dicteront bon nombre de pays en mati\u00e8re de circulation a\u00e9rienne et d\u2019accessibilit\u00e9 aux infrastructures a\u00e9roportuaires.<\/p>\n<div class=\"c17\">\n<fieldset class=\"c16\">\n<legend><strong><span class=\"c11\">Challenge<\/span><span class=\"c12\">news<\/span><\/strong><\/legend>\n<div class=\"c15\">Le meilleur de Challenge s\u00e9lectionn\u00e9 par la r\u00e9daction :<\/p>\n<\/div>\n<\/fieldset>\n<\/div>\n<p>Auteur: David J\u00e9r\u00e9mie<br \/>\n<a href=\"https:\/\/www.challenge.ma\/rapatriement-des-marocains-bloques-a-letranger-royal-air-maroc-se-prepare-a-assurer-les-rotations-142154\/\">Cliquez ici pour lire l&rsquo;article depuis sa source.<\/a><\/p>\n","protected":false},"excerpt":{"rendered":"<p>Le ciel semble se d\u00e9gager pour les 31\u00a0800 Marocains qui, \u00e0 ce jour, sont toujours bloqu\u00e9s dans certains pays du globe, ne pouvant regagner la m\u00e8re patrie, faute d\u2019un espace a\u00e9rien ferm\u00e9. Selon nos sources, la compagnie a\u00e9rienne nationale serait en train de mobiliser son personnel navigant et de proc\u00e9der au red\u00e9marrage de sa flotte. [&hellip;]<\/p>\n","protected":false},"author":1787,"featured_media":0,"comment_status":"closed","ping_status":"closed","sticky":false,"template":"","format":"standard","meta":{"fifu_image_url":"","fifu_image_alt":"","footnotes":""},"categories":[78,54],"tags":[],"class_list":["post-86987","post","type-post","status-publish","format-standard","hentry","category-economie","category-maroc"],"_links":{"self":[{"href":"https:\/\/linitiative.ca\/International\/wp-json\/wp\/v2\/posts\/86987","targetHints":{"allow":["GET"]}}],"collection":[{"href":"https:\/\/linitiative.ca\/International\/wp-json\/wp\/v2\/posts"}],"about":[{"href":"https:\/\/linitiative.ca\/International\/wp-json\/wp\/v2\/types\/post"}],"author":[{"embeddable":true,"href":"https:\/\/linitiative.ca\/International\/wp-json\/wp\/v2\/users\/1787"}],"replies":[{"embeddable":true,"href":"https:\/\/linitiative.ca\/International\/wp-json\/wp\/v2\/comments?post=86987"}],"version-history":[{"count":0,"href":"https:\/\/linitiative.ca\/International\/wp-json\/wp\/v2\/posts\/86987\/revisions"}],"wp:attachment":[{"href":"https:\/\/linitiative.ca\/International\/wp-json\/wp\/v2\/media?parent=86987"}],"wp:term":[{"taxonomy":"category","embeddable":true,"href":"https:\/\/linitiative.ca\/International\/wp-json\/wp\/v2\/categories?post=86987"},{"taxonomy":"post_tag","embeddable":true,"href":"https:\/\/linitiative.ca\/International\/wp-json\/wp\/v2\/tags?post=86987"}],"curies":[{"name":"wp","href":"https:\/\/api.w.org\/{rel}","templated":true}]}}