{"id":86988,"date":"2020-05-28T15:50:40","date_gmt":"2020-05-28T19:50:40","guid":{"rendered":"https:\/\/linitiative.ca\/International\/tunisie-maintenant-cest-clair-si-lepidemie-redemarre-ca-sera-la-faute-du-ministere-de-la-sante\/"},"modified":"2020-05-28T15:50:40","modified_gmt":"2020-05-28T19:50:40","slug":"tunisie-maintenant-cest-clair-si-lepidemie-redemarre-ca-sera-la-faute-du-ministere-de-la-sante","status":"publish","type":"post","link":"https:\/\/linitiative.ca\/International\/tunisie-maintenant-cest-clair-si-lepidemie-redemarre-ca-sera-la-faute-du-ministere-de-la-sante\/","title":{"rendered":"Tunisie \u2013 Maintenant c\u2019est clair\u00a0: Si l\u2019\u00e9pid\u00e9mie red\u00e9marre \u00e7\u00e0 sera la faute du minist\u00e8re de la sant\u00e9"},"content":{"rendered":"<div class=\"post-cont-in left relative\">\n<p>Sans s\u2019en rendre compte, le ministre de la Sant\u00e9, ainsi que plusieurs cadres de son d\u00e9partement ont reconnu que, d\u00e9sormais, si l\u2019\u00e9pid\u00e9mie du Covid venait \u00e0 red\u00e9marrer dans le pays, \u00e7\u00e0 ne pourrait \u00eatre que de leur faute.<\/p>\n<div class=\"code-block code-block-1 c3\"><ins class=\"adsbygoogle c2\" data-ad-layout=\"in-article\" data-ad-format=\"fluid\" data-ad-client=\"ca-pub-2102118777505746\" data-ad-slot=\"7301775417\"\/> <\/div>\n<p>En effet, ils ont \u00e9t\u00e9, aujourd\u2019hui, unanimes \u00e0 assurer que l\u2019\u00e9pid\u00e9mie dans le pays est ma\u00eetris\u00e9e, mais que la situation \u00e0 l\u2019\u00e9tranger reste pr\u00e9occupante et pourrait \u00eatre la cause d\u2019une deuxi\u00e8me vague de la maladie.<\/p>\n<p>En termes plus clairs, au minist\u00e8re de la Sant\u00e9 on reconnait que les tunisiens ont bien rempli leur devoir dans la pr\u00e9vention de l\u2019\u00e9pid\u00e9mie, en suivant les consignes et mesures d\u00e9cid\u00e9es par le gouvernement, ce qui a conduit \u00e0 la disparition de la maladie \u00e0 l\u2019int\u00e9rieur du pays. Ils ont, par ailleurs pr\u00e9venu que si la maladie allait repartir, \u00e7\u00e0 serait \u00e0 cause de la situation \u00e9pid\u00e9miologique \u00e0 l\u2019\u00e9tranger qui demeure pr\u00e9occupante. Ce qui \u00e9quivaut \u00e0 dire que si l\u2019\u00e9pid\u00e9mie revient en Tunisie et connait une nouvelle vague, \u00e7\u00e0 sera, tr\u00e8s certainement, \u00e0 cause d\u2019une n\u00e9gligence de la part du minist\u00e8re et plus sp\u00e9cialement, au niveau de l\u2019application du principe de la mise en quarantaine obligatoire de toute personne arrivant de l\u2019\u00e9tranger.<\/p>\n<p>Maintenant qu\u2019ils ont reconnu cet \u00e9tat des faits, esp\u00e9rons que les cadres du minist\u00e8re de la Sant\u00e9 seront capables de relever le d\u00e9fi et de faire en sorte que les nouveaux cas arrivant de l\u2019\u00e9tranger soient rep\u00e9r\u00e9s et pris en charge au moment o\u00f9 ils sont en confinement. Ce qui pourrait pr\u00e9server le pays de cette deuxi\u00e8me vague tant redout\u00e9e.<\/p>\n<p>En parlant de ce syst\u00e8me de quarantaine obligatoire, du moment que \u00e7\u00e0 a l\u2019air de fonctionner en ce moment, il serait, peut-\u00eatre logique de le maintenir comme il est et de ne rien y changer, pour qu\u2019il ne perde pas de son efficacit\u00e9.<\/p>\n<div class=\"swp_social_panel swp_horizontal_panel swp_flat_fresh swp_default_full_color swp_individual_full_color swp_other_full_color scale-100 scale-\" data-min-width=\"1100\" data-float-color=\"#ffffff\" data-float=\"bottom\" data-float-mobile=\"bottom\" data-transition=\"slide\">\n<div class=\"nc_tweetContainer swp_share_button total_shares total_sharesalt\"><span class=\"swp_count\">20 <span class=\"swp_label\">Partages<\/span><\/span><\/div>\n<\/div>\n<p><strong>Que se passe-t-il en Tunisie?<\/strong><br \/>Nous expliquons sur notre <a href=\"https:\/\/www.youtube.com\/channel\/UCRzypVq0B_yBad5eGrwBx0Q?sub_confirmation=1\" target=\"_blank\" rel=\"noopener noreferrer\">cha\u00eene YouTube<\/a> . <a href=\"https:\/\/www.youtube.com\/channel\/UCRzypVq0B_yBad5eGrwBx0Q?sub_confirmation=1\" target=\"_blank\" rel=\"noopener noreferrer\">Abonnez-vous!<\/a><\/p>\n<div class=\"mvp-org-wrap mvp-org-logo\" itemprop=\"publisher\" itemscope=\"\" itemtype=\"https:\/\/schema.org\/Organization\"><img decoding=\"async\" src=\"https:\/\/www.tunisienumerique.com\/wp-content\/uploads\/2017\/02\/logo_tunisie_numerique.png\"\/><\/div>\n<div class=\"mvp-related-posts left relative\">\n<h4 class=\"post-header\"><span class=\"post-header\">Lire aussi<\/span><\/h4>\n<\/div>\n<div id=\"article-ad\"><ins class=\"adsbygoogle c4\" data-ad-client=\"ca-pub-2102118777505746\" data-ad-slot=\"6513972734\" data-ad-format=\"auto\" data-full-width-responsive=\"true\"\/> <\/div>\n<\/div>\n<div id=\"post-sidebar-wrap\"><ins class=\"adsbygoogle c4\" data-ad-client=\"ca-pub-2102118777505746\" data-ad-slot=\"6168283410\" data-ad-format=\"auto\" data-full-width-responsive=\"true\"\/> <\/div>\n<p>Auteur: Ramsis<br \/>\n<a href=\"https:\/\/www.tunisienumerique.com\/tunisie-maintenant-cest-clair-si-lepidemie-redemarre-ca-sera-la-faute-du-ministere-de-la-sante\/\">Cliquez ici pour lire l&rsquo;article depuis sa source.<\/a><\/p>\n","protected":false},"excerpt":{"rendered":"<p>Sans s\u2019en rendre compte, le ministre de la Sant\u00e9, ainsi que plusieurs cadres de son d\u00e9partement ont reconnu que, d\u00e9sormais, si l\u2019\u00e9pid\u00e9mie du Covid venait \u00e0 red\u00e9marrer dans le pays, \u00e7\u00e0 ne pourrait \u00eatre que de leur faute. En effet, ils ont \u00e9t\u00e9, aujourd\u2019hui, unanimes \u00e0 assurer que l\u2019\u00e9pid\u00e9mie dans le pays est ma\u00eetris\u00e9e, mais [&hellip;]<\/p>\n","protected":false},"author":1789,"featured_media":86989,"comment_status":"closed","ping_status":"closed","sticky":false,"template":"","format":"standard","meta":{"fifu_image_url":"","fifu_image_alt":"","footnotes":""},"categories":[73,55],"tags":[],"class_list":["post-86988","post","type-post","status-publish","format-standard","has-post-thumbnail","hentry","category-actualite","category-tunisie"],"_links":{"self":[{"href":"https:\/\/linitiative.ca\/International\/wp-json\/wp\/v2\/posts\/86988","targetHints":{"allow":["GET"]}}],"collection":[{"href":"https:\/\/linitiative.ca\/International\/wp-json\/wp\/v2\/posts"}],"about":[{"href":"https:\/\/linitiative.ca\/International\/wp-json\/wp\/v2\/types\/post"}],"author":[{"embeddable":true,"href":"https:\/\/linitiative.ca\/International\/wp-json\/wp\/v2\/users\/1789"}],"replies":[{"embeddable":true,"href":"https:\/\/linitiative.ca\/International\/wp-json\/wp\/v2\/comments?post=86988"}],"version-history":[{"count":0,"href":"https:\/\/linitiative.ca\/International\/wp-json\/wp\/v2\/posts\/86988\/revisions"}],"wp:featuredmedia":[{"embeddable":true,"href":"https:\/\/linitiative.ca\/International\/wp-json\/"}],"wp:attachment":[{"href":"https:\/\/linitiative.ca\/International\/wp-json\/wp\/v2\/media?parent=86988"}],"wp:term":[{"taxonomy":"category","embeddable":true,"href":"https:\/\/linitiative.ca\/International\/wp-json\/wp\/v2\/categories?post=86988"},{"taxonomy":"post_tag","embeddable":true,"href":"https:\/\/linitiative.ca\/International\/wp-json\/wp\/v2\/tags?post=86988"}],"curies":[{"name":"wp","href":"https:\/\/api.w.org\/{rel}","templated":true}]}}