{"id":86992,"date":"2020-05-28T16:05:06","date_gmt":"2020-05-28T20:05:06","guid":{"rendered":"https:\/\/linitiative.ca\/International\/tunisie-kairouan-la-deroute\/"},"modified":"2020-05-28T16:05:06","modified_gmt":"2020-05-28T20:05:06","slug":"tunisie-kairouan-la-deroute","status":"publish","type":"post","link":"https:\/\/linitiative.ca\/International\/tunisie-kairouan-la-deroute\/","title":{"rendered":"Tunisie \u2013 Kairouan, la d\u00e9route\u2026"},"content":{"rendered":"<div class=\"post-cont-in left relative\">\n<p>Kairouan Pour les tunisiens est un gouvernorat mythique, riche de ses cultures, de sa diversit\u00e9 et de son potentiel socio-\u00e9conomique.<\/p>\n<div class=\"code-block code-block-1 c3\"><ins class=\"adsbygoogle c2\" data-ad-layout=\"in-article\" data-ad-format=\"fluid\" data-ad-client=\"ca-pub-2102118777505746\" data-ad-slot=\"7301775417\"\/> <\/div>\n<p>Vers l\u2019an 670, le conqu\u00e9rant Oqba Ibn Nafii, arr\u00eate ses cavaliers dans une vall\u00e9e \u00e0 mi chemin entre les rivages de la c\u00f4te et la cha\u00eene montagneuse de la grande dorsale. Strat\u00e9giquement, ce choix fut judicieux. D\u2019un simple camp de retranchement, le gouvernorat n\u2019a cess\u00e9 de se d\u00e9velopper pour devenir le plus grand centre de rayonnement civilisationnel au Maghreb.<\/p>\n<p>Toutefois et apr\u00e8s des \u00e9poques glorieuses, le gouvernorat de Kairouan tombe dans l\u2019ab\u00eeme, la n\u00e9gligence et le sous d\u00e9veloppement r\u00e9gional et social avec des tristes records de suicides des jeunes et d\u2019interminables protestations rien que pour revendiquer des droits suppos\u00e9s de base tels que le droit \u00e0 un h\u00f4pital r\u00e9gional et le droit d\u2019adduction de vastes zones aux r\u00e9seaux d\u2019eau potable.<\/p>\n<p>Lundi dernier 25 mai, \u00e0 Hajeb El Ayoun, une d\u00e9l\u00e9gation importante d\u00e9mographiquement, a v\u00e9cu l\u2019une des pires trag\u00e9dies humaines du pays. En effet, des jeunes voulant \u00e9chapper \u00e0 la mis\u00e8re et \u00e0 leur terrible quotidien ont consomm\u00e9 de l\u2019eau de Cologne vendue \u00e0 2 dinars le litre.<\/p>\n<p>La consommation, par une soixantaine de personnes, de cette eau de Cologne m\u00e9thanolis\u00e9e, hautement toxique a provoqu\u00e9 la mort de sept jeunes et a rendu aveugles, trois autres tout en mettant des dizaines dans des \u00e9tats tr\u00e8s graves, voire critiques. Les victimes sont \u00e2g\u00e9es entre 30 et 55 ans. Deux personnes, un homme et une femme, ont \u00e9t\u00e9 arr\u00eat\u00e9s dans le cadre de cette affaire.<\/p>\n<p>Mardi 26 mai, un grand nombre d\u2019habitants de la ville ont observ\u00e9 un sit-in devant le si\u00e8ge de la d\u00e9l\u00e9gation en signe de protestation contre des d\u00e9clarations jug\u00e9es irresponsables attribu\u00e9es au gouverneur de la r\u00e9gion, Mohamed Bourguiba.<\/p>\n<p>Les manifestants ont appel\u00e9 les autorit\u00e9s comp\u00e9tentes \u00e0 proc\u00e9der au limogeage du gouverneur pour avoir port\u00e9 atteinte \u00e0 la r\u00e9putation des habitants de la ville de Hajeb Laayoun. En effet, selon les sit-ineurs, le gouverneur aurait affirm\u00e9, \u00e0 l\u2019un des m\u00e9dias, que les jeunes de la r\u00e9gion sont de grands consommateurs d\u2019alcool m\u00e9thylique.<\/p>\n<p>Il est \u00e0 rappel\u00e9 qu\u2019au niveau de tout le gouvernorat, il n\u2019y a pas de d\u00e9bits de boissons alcoolis\u00e9es alors qu\u2019il en existe des centaines \u00e0 50\u00a0 km, pr\u00e9cis\u00e9ment \u00e0 Sousse. Des questions se posent que si c\u2019est pour la saintet\u00e9 de la ville, alors pourquoi accepter l\u2019existence d\u2019une tr\u00e8s ancienne maison close \u00e0 Kairouan ? On est dans l\u2019absurdit\u00e9 extr\u00eame voire m\u00eame dans la schizophr\u00e9nie, tout court.<\/p>\n<p>Aucun politicien n\u2019a fait le d\u00e9placement \u00e0 la d\u00e9l\u00e9gation en deuil, le silence total du pr\u00e9sident du gouvernement et l\u2019absence totale du ministre de la Sant\u00e9 sont intrigants.<\/p>\n<p>L\u2019explication est simple et n\u2019a rien \u00e0 voir avec l\u2019interdiction religieuse de la consommation de l\u2019alcool, il est certain que les politiciens \u00e9vitent le d\u00e9placement \u00e0 Kairouan par crainte de la r\u00e9action des citoyens quant \u00e0 l\u2019\u00e9tat de d\u00e9labrement atteint par le gouvernorat en raison de leur \u00e9chec et n\u00e9gligence \u00e0 valoriser les ressources de la zone.<\/p>\n<p>Le gouvernorat de Kairouan dispose d\u2019importantes ressources naturelles. Il couvre une superficie de 657.700 ha. La population \u00e9tait d\u2019apr\u00e8s le dernier recensement de l\u2019Institut national de la statistique (INS) de 570.569 habitants.<\/p>\n<p>Pour \u00e9valuer le niveau de d\u00e9veloppement \u00e9conomique et social dans les r\u00e9gions, une \u00e9tude du Minist\u00e8re du d\u00e9veloppement r\u00e9gional datant de 2016 proposait un indicateur synth\u00e9tique de d\u00e9veloppement r\u00e9gional (IDR) qui va de 0,00 \u2013 situation d\u2019indigence totale de d\u00e9veloppement- \u00e0 1,00. Le classement de l\u2019ensemble des d\u00e9l\u00e9gations de la Tunisie par rang met en \u00e9vidence les disparit\u00e9s r\u00e9gionales et locales. Compar\u00e9 aux autres gouvernorats, Kairouan arrive au 23\u00e8me rang (l\u2019avant dernier) avec un indicateur de d\u00e9veloppement r\u00e9gional de 0,25.<\/p>\n<p>Cet indice est \u00e9loquent, il montre que le gouvernorat est \u00e0 la tra\u00eene en termes de d\u00e9veloppement d\u2019autant plus que la situation a empir\u00e9 ces derni\u00e8res ann\u00e9es.<\/p>\n<p>Pour Kairouan, \u00e0 l\u2019instar d\u2019autres r\u00e9gions n\u00e9glig\u00e9es en Tunisie, un travail de fond devrait \u00eatre entrepris pour disposer de donn\u00e9es fiables pouvant \u00eatre la base d\u2019un diagnostic objectif de la situation de la r\u00e9gion et dresser les priorit\u00e9s de d\u00e9veloppement.<\/p>\n<p>Pourquoi une telle situation et quelles sont les causes qui sont \u00e0 l\u2019origine de cet \u00e9tat ? L\u2019identification de ces causes et la proposition de solutions appropri\u00e9es pour lutter contre le fl\u00e9au du sous-d\u00e9veloppement ne pourrait \u00eatre que salutaire. Un travail de r\u00e9flexion devrait \u00eatre initi\u00e9 afin de s\u2019arr\u00eater sur les probl\u00e8mes r\u00e9els de la r\u00e9gion. Sans une approche objective et multidimensionnelle, les solutions pr\u00e9conis\u00e9es aux probl\u00e8mes des r\u00e9gions ne viendraient jamais \u00e0 bout des probl\u00e8mes socio-\u00e9conomiques.<\/p>\n<div class=\"swp_social_panel swp_horizontal_panel swp_flat_fresh swp_default_full_color swp_individual_full_color swp_other_full_color scale-100 scale-\" data-min-width=\"1100\" data-float-color=\"#ffffff\" data-float=\"bottom\" data-float-mobile=\"bottom\" data-transition=\"slide\">\n<div class=\"nc_tweetContainer swp_share_button total_shares total_sharesalt\"><span class=\"swp_count\">12 <span class=\"swp_label\">Partages<\/span><\/span><\/div>\n<\/div>\n<p><strong>Que se passe-t-il en Tunisie?<\/strong><br \/>Nous expliquons sur notre <a href=\"https:\/\/www.youtube.com\/channel\/UCRzypVq0B_yBad5eGrwBx0Q?sub_confirmation=1\" target=\"_blank\" rel=\"noopener noreferrer\">cha\u00eene YouTube<\/a> . <a href=\"https:\/\/www.youtube.com\/channel\/UCRzypVq0B_yBad5eGrwBx0Q?sub_confirmation=1\" target=\"_blank\" rel=\"noopener noreferrer\">Abonnez-vous!<\/a><\/p>\n<div class=\"mvp-org-wrap mvp-org-logo\" itemprop=\"publisher\" itemscope=\"\" itemtype=\"https:\/\/schema.org\/Organization\"><img decoding=\"async\" src=\"https:\/\/www.tunisienumerique.com\/wp-content\/uploads\/2017\/02\/logo_tunisie_numerique.png\"\/><\/div>\n<div class=\"post-tags\"><span class=\"post-tags-header\">Sujets Connexes:<\/span><\/div>\n<div id=\"article-ad\"><ins class=\"adsbygoogle c4\" data-ad-client=\"ca-pub-2102118777505746\" data-ad-slot=\"6513972734\" data-ad-format=\"auto\" data-full-width-responsive=\"true\"\/> <\/div>\n<\/div>\n<div id=\"post-sidebar-wrap\"><ins class=\"adsbygoogle c4\" data-ad-client=\"ca-pub-2102118777505746\" data-ad-slot=\"6168283410\" data-ad-format=\"auto\" data-full-width-responsive=\"true\"\/> <\/div>\n<p>Auteur: Mohamed Ben Abderrazek<br \/>\n<a href=\"https:\/\/www.tunisienumerique.com\/tunisie-kairouan-la-deroute\/\">Cliquez ici pour lire l&rsquo;article depuis sa source.<\/a><\/p>\n","protected":false},"excerpt":{"rendered":"<p>Kairouan Pour les tunisiens est un gouvernorat mythique, riche de ses cultures, de sa diversit\u00e9 et de son potentiel socio-\u00e9conomique. Vers l\u2019an 670, le conqu\u00e9rant Oqba Ibn Nafii, arr\u00eate ses cavaliers dans une vall\u00e9e \u00e0 mi chemin entre les rivages de la c\u00f4te et la cha\u00eene montagneuse de la grande dorsale. Strat\u00e9giquement, ce choix fut [&hellip;]<\/p>\n","protected":false},"author":1789,"featured_media":86993,"comment_status":"closed","ping_status":"closed","sticky":false,"template":"","format":"standard","meta":{"fifu_image_url":"","fifu_image_alt":"","footnotes":""},"categories":[73,55],"tags":[],"class_list":["post-86992","post","type-post","status-publish","format-standard","has-post-thumbnail","hentry","category-actualite","category-tunisie"],"_links":{"self":[{"href":"https:\/\/linitiative.ca\/International\/wp-json\/wp\/v2\/posts\/86992","targetHints":{"allow":["GET"]}}],"collection":[{"href":"https:\/\/linitiative.ca\/International\/wp-json\/wp\/v2\/posts"}],"about":[{"href":"https:\/\/linitiative.ca\/International\/wp-json\/wp\/v2\/types\/post"}],"author":[{"embeddable":true,"href":"https:\/\/linitiative.ca\/International\/wp-json\/wp\/v2\/users\/1789"}],"replies":[{"embeddable":true,"href":"https:\/\/linitiative.ca\/International\/wp-json\/wp\/v2\/comments?post=86992"}],"version-history":[{"count":0,"href":"https:\/\/linitiative.ca\/International\/wp-json\/wp\/v2\/posts\/86992\/revisions"}],"wp:featuredmedia":[{"embeddable":true,"href":"https:\/\/linitiative.ca\/International\/wp-json\/"}],"wp:attachment":[{"href":"https:\/\/linitiative.ca\/International\/wp-json\/wp\/v2\/media?parent=86992"}],"wp:term":[{"taxonomy":"category","embeddable":true,"href":"https:\/\/linitiative.ca\/International\/wp-json\/wp\/v2\/categories?post=86992"},{"taxonomy":"post_tag","embeddable":true,"href":"https:\/\/linitiative.ca\/International\/wp-json\/wp\/v2\/tags?post=86992"}],"curies":[{"name":"wp","href":"https:\/\/api.w.org\/{rel}","templated":true}]}}