{"id":86996,"date":"2020-05-28T17:20:38","date_gmt":"2020-05-28T21:20:38","guid":{"rendered":"https:\/\/linitiative.ca\/International\/tunisie-video-les-salaries-dams-accusent-letat-de-connivence-avec-leur-patron-pour-affamer-la-region-du-sahel\/"},"modified":"2020-05-28T17:20:38","modified_gmt":"2020-05-28T21:20:38","slug":"tunisie-video-les-salaries-dams-accusent-letat-de-connivence-avec-leur-patron-pour-affamer-la-region-du-sahel","status":"publish","type":"post","link":"https:\/\/linitiative.ca\/International\/tunisie-video-les-salaries-dams-accusent-letat-de-connivence-avec-leur-patron-pour-affamer-la-region-du-sahel\/","title":{"rendered":"Tunisie \u2013 VIDEO\u00a0: Les salari\u00e9s d\u2019AMS accusent l\u2019Etat de connivence avec leur patron pour affamer la r\u00e9gion du Sahel"},"content":{"rendered":"<div class=\"post-cont-in left relative\">\n<p>Les salari\u00e9s des Ateliers M\u00e9caniques du Sahel, propri\u00e9t\u00e9 de l\u2019homme d\u2019affaires Bassem Loukil, ont organis\u00e9, durant le mois de Ramadan, un sit in, devant le si\u00e8ge du gouvernorat de Sousse, pour demander l\u2019intervention de l\u2019Etat, et sp\u00e9cialement celle de <a href=\"https:\/\/www.tunisienumerique.com\/tunisie-actualite\/kais-saied\/\" title=\"Kais Saied\" target=\"_top\" class=\"auto-link\" rel=\"noopener noreferrer\">Kais Saied<\/a>, le pr\u00e9sident de la R\u00e9publique, pour les aider \u00e0 recevoir leurs salaires et primes, qu\u2019ils n\u2019ont, selon leurs d\u00e9clarations, pas per\u00e7u depuis des mois.<\/p>\n<div class=\"code-block code-block-1 c3\"><ins class=\"adsbygoogle c2\" data-ad-layout=\"in-article\" data-ad-format=\"fluid\" data-ad-client=\"ca-pub-2102118777505746\" data-ad-slot=\"7301775417\"\/> <\/div>\n<p>Un des salari\u00e9s a accus\u00e9 le patron de la soci\u00e9t\u00e9 de chercher \u00e0 placer son argent \u00e0 l\u2019\u00e9tranger sous l\u2019\u00e9tiquette des investissements et de la prospection du march\u00e9 africain, au lieu de payer ses salari\u00e9s qui sont r\u00e9duits \u00e0 la famine. Il a ajout\u00e9 que leur patron a profit\u00e9 de la conjoncture de l\u2019\u00e9pid\u00e9mie pour refuser de les payer, sous pr\u00e9texte qu\u2019ils sont au ch\u00f4mage technique.<\/p>\n<p>Un autre protestataire a accus\u00e9 le propri\u00e9taire de la soci\u00e9t\u00e9 de vouloir la mettre en faillite, puisqu\u2019il tarde, depuis cinq ans, dans le payement de ses salari\u00e9s, et refuse de ramener de la mati\u00e8re premi\u00e8re pour leur permettre de travailler.<\/p>\n<p>Les salari\u00e9s se plaignent de rester dans le doute ne sachant pas s\u2019ils vont reprendre le travail ou pas, ou s\u2019ils vont \u00eatre pay\u00e9s pour plusieurs mois de travail ou non, sachant que leur patron n\u2019a, m\u00eame, pas pay\u00e9 leurs cotisations \u00e0 la caisse de s\u00e9curit\u00e9 sociale.<\/p>\n<p>Certains salari\u00e9s ont, m\u00eame, accus\u00e9 l\u2019Etat de le soutenir dans le but d\u2019affamer la r\u00e9gion du Sahel, puisque ce n\u2019est pas la premi\u00e8re usine de la r\u00e9gion qui subit ce sort.<br \/><iframe loading=\"lazy\" class=\"c4\" src=\"https:\/\/www.facebook.com\/plugins\/video.php?href=https%3A%2F%2Fwww.facebook.com%2FRadioNejmaFM%2Fvideos%2F537333640285317%2F&amp;show_text=0&amp;width=267\" width=\"267\" height=\"476\" frameborder=\"0\" scrolling=\"no\" allowfullscreen=\"allowfullscreen\">[embedded content]<\/iframe><\/p>\n<div class=\"swp_social_panel swp_horizontal_panel swp_flat_fresh swp_default_full_color swp_individual_full_color swp_other_full_color scale-100 scale-\" data-min-width=\"1100\" data-float-color=\"#ffffff\" data-float=\"bottom\" data-float-mobile=\"bottom\" data-transition=\"slide\">\n<div class=\"nc_tweetContainer swp_share_button total_shares total_sharesalt\"><span class=\"swp_count\">1 <span class=\"swp_label\">Partages<\/span><\/span><\/div>\n<\/div>\n<p><strong>Que se passe-t-il en Tunisie?<\/strong><br \/>Nous expliquons sur notre <a href=\"https:\/\/www.youtube.com\/channel\/UCRzypVq0B_yBad5eGrwBx0Q?sub_confirmation=1\" target=\"_blank\" rel=\"noopener noreferrer\">cha\u00eene YouTube<\/a> . <a href=\"https:\/\/www.youtube.com\/channel\/UCRzypVq0B_yBad5eGrwBx0Q?sub_confirmation=1\" target=\"_blank\" rel=\"noopener noreferrer\">Abonnez-vous!<\/a><\/p>\n<div class=\"mvp-org-wrap mvp-org-logo\" itemprop=\"publisher\" itemscope=\"\" itemtype=\"https:\/\/schema.org\/Organization\"><img decoding=\"async\" src=\"https:\/\/www.tunisienumerique.com\/wp-content\/uploads\/2017\/02\/logo_tunisie_numerique.png\"\/><\/div>\n<div class=\"mvp-related-posts left relative\">\n<h4 class=\"post-header\"><span class=\"post-header\">Lire aussi<\/span><\/h4>\n<\/div>\n<div id=\"article-ad\"><ins class=\"adsbygoogle c5\" data-ad-client=\"ca-pub-2102118777505746\" data-ad-slot=\"6513972734\" data-ad-format=\"auto\" data-full-width-responsive=\"true\"\/> <\/div>\n<\/div>\n<div id=\"post-sidebar-wrap\"><ins class=\"adsbygoogle c5\" data-ad-client=\"ca-pub-2102118777505746\" data-ad-slot=\"6168283410\" data-ad-format=\"auto\" data-full-width-responsive=\"true\"\/> <\/div>\n<p>Auteur: LM<br \/>\n<a href=\"https:\/\/www.tunisienumerique.com\/tunisie-video-les-salaries-dams-accusent-letat-de-connivence-avec-leur-patron-pour-affamer-la-region-du-sahel\/\">Cliquez ici pour lire l&rsquo;article depuis sa source.<\/a><\/p>\n","protected":false},"excerpt":{"rendered":"<p>Les salari\u00e9s des Ateliers M\u00e9caniques du Sahel, propri\u00e9t\u00e9 de l\u2019homme d\u2019affaires Bassem Loukil, ont organis\u00e9, durant le mois de Ramadan, un sit in, devant le si\u00e8ge du gouvernorat de Sousse, pour demander l\u2019intervention de l\u2019Etat, et sp\u00e9cialement celle de Kais Saied, le pr\u00e9sident de la R\u00e9publique, pour les aider \u00e0 recevoir leurs salaires et primes, [&hellip;]<\/p>\n","protected":false},"author":1789,"featured_media":86997,"comment_status":"closed","ping_status":"closed","sticky":false,"template":"","format":"standard","meta":{"fifu_image_url":"","fifu_image_alt":"","footnotes":""},"categories":[73,55],"tags":[],"class_list":["post-86996","post","type-post","status-publish","format-standard","has-post-thumbnail","hentry","category-actualite","category-tunisie"],"_links":{"self":[{"href":"https:\/\/linitiative.ca\/International\/wp-json\/wp\/v2\/posts\/86996","targetHints":{"allow":["GET"]}}],"collection":[{"href":"https:\/\/linitiative.ca\/International\/wp-json\/wp\/v2\/posts"}],"about":[{"href":"https:\/\/linitiative.ca\/International\/wp-json\/wp\/v2\/types\/post"}],"author":[{"embeddable":true,"href":"https:\/\/linitiative.ca\/International\/wp-json\/wp\/v2\/users\/1789"}],"replies":[{"embeddable":true,"href":"https:\/\/linitiative.ca\/International\/wp-json\/wp\/v2\/comments?post=86996"}],"version-history":[{"count":0,"href":"https:\/\/linitiative.ca\/International\/wp-json\/wp\/v2\/posts\/86996\/revisions"}],"wp:featuredmedia":[{"embeddable":true,"href":"https:\/\/linitiative.ca\/International\/wp-json\/"}],"wp:attachment":[{"href":"https:\/\/linitiative.ca\/International\/wp-json\/wp\/v2\/media?parent=86996"}],"wp:term":[{"taxonomy":"category","embeddable":true,"href":"https:\/\/linitiative.ca\/International\/wp-json\/wp\/v2\/categories?post=86996"},{"taxonomy":"post_tag","embeddable":true,"href":"https:\/\/linitiative.ca\/International\/wp-json\/wp\/v2\/tags?post=86996"}],"curies":[{"name":"wp","href":"https:\/\/api.w.org\/{rel}","templated":true}]}}