{"id":86999,"date":"2020-05-28T16:24:48","date_gmt":"2020-05-28T20:24:48","guid":{"rendered":"https:\/\/linitiative.ca\/International\/assouplissement-des-conditions-de-mise-en-liberte-de-laurent-gbagbo-et-ble-goude\/"},"modified":"2020-05-28T16:24:48","modified_gmt":"2020-05-28T20:24:48","slug":"assouplissement-des-conditions-de-mise-en-liberte-de-laurent-gbagbo-et-ble-goude","status":"publish","type":"post","link":"https:\/\/linitiative.ca\/International\/assouplissement-des-conditions-de-mise-en-liberte-de-laurent-gbagbo-et-ble-goude\/","title":{"rendered":"ASSOUPLISSEMENT DES CONDITIONS DE MISE EN LIBERTE DE LAURENT GBAGBO ET BLE GOUDE"},"content":{"rendered":"<div class=\"stream-item stream-item-above-post-content\">\n<p><noscript><\/p>\n<p><a href=\"\/\/www3.smartadserver.com\/ac?jump=1&amp;nwid=2136&amp;siteid=240610&amp;pgname=rg&amp;fmtid=49046&amp;visit=m&amp;tmstp=[timestamp]&amp;out=nonrich\" target=\"_blank\" rel=\"noopener noreferrer\"><img decoding=\"async\" src=\"http:\/\/www3.smartadserver.com\/ac?out=nonrich&amp;nwid=2136&amp;siteid=240610&amp;pgname=rg&amp;fmtid=49046&amp;visit=m&amp;tmstp=[timestamp]\" border=\"0\" alt=\"\"\/><\/a><\/p>\n<p><\/noscript><\/div>\n<p class=\"c3\"><em>Les avocats de Laurent Gbagbo et de Charles Bl\u00e9 Goud\u00e9 viennent d\u2019obtenir une victoire d\u2019\u00e9tape pour la lib\u00e9ration de leurs clients. En effet, la Chambre d\u2019appel de la Cour p\u00e9nale internationale (CPI) a d\u00e9cid\u00e9, hier,- 28 mai 2020, de r\u00e9voquer certaines conditions de mise en libert\u00e9 impos\u00e9es aux deux hommes. Ainsi, Laurent Gbagbo et Charles Bl\u00e9 Goud\u00e9 ne seront plus emp\u00each\u00e9s de se d\u00e9placer en dehors des limites de la municipalit\u00e9 dans laquelle ils r\u00e9sident. Aussi, ils n\u2019auront plus \u00e0 remettre au Greffe toutes les pi\u00e8ces d\u2019identit\u00e9 dont ils disposent, en l\u2019occurrence leur passeport. Et ce n\u2019est pas tout, les deux fid\u00e8les compagnons ne devront plus se pr\u00e9senter chaque semaine aupr\u00e8s des autorit\u00e9s de l\u2019Etat d\u2019accueil ou aupr\u00e8s du Greffe. Autrement dit, les deux hommes qui avaient \u00e9t\u00e9 acquitt\u00e9 en 2019, peuvent d\u00e9sormais se rendre en toute libert\u00e9 dans tout autre pays signataire du Trait\u00e9 de Rome dont la C\u00f4te d\u2019Ivoire, pour peu qu\u2019ils aient le quitus des autorit\u00e9s. Mais Abidjan prendra-t-elle le risque de les accueillir\u00a0? Bien malin qui saurait r\u00e9pondre \u00e0 cette question. On le sait, le pouvoir ADO n\u2019a jamais fait myst\u00e8re de sa volont\u00e9 d\u2019\u0153uvrer pour le maintien de l\u2019ancien pr\u00e9sident et son ministre de la Jeunesse en d\u00e9tention. N\u2019est-ce pas d\u2019ailleurs \u00e0 cette fin qu\u2019il avait engag\u00e9 des avocats dont l\u2019action n\u2019aura pas produit les r\u00e9sultats escompt\u00e9s? Le moins que l\u2019on puisse dire, c\u2019est que cet assouplissement des conditions de mise en libert\u00e9 de l\u2019ancien pr\u00e9sident ivoirien va, \u00e0 coup s\u00fbr, troubler le sommeil d\u2019ADO. L\u2019on pourrait m\u00eame dire que le locataire du palais de Cocody est d\u00e9sormais face \u00e0 un dilemme. Faut-il accepter ou refuser le retour au pays de ces deux figures embl\u00e9matiques du Front populaire ivoirien (FPI)\u00a0? S\u2019il accepte que les deux hommes politiques foulent \u00e0 nouveau le sol ivoirien, ADO court le risque de faire \u00e9chouer son dauphin \u00e0 la sant\u00e9 fragile \u00e0 la prochaine pr\u00e9sidentielle.<\/em><\/p>\n<p class=\"c3\"><strong><em>Le camp Gbagbo est d\u00e9sormais gonfl\u00e9 \u00e0 bloc<\/em><\/strong><\/p>\n<p class=\"c3\"><em>En tout cas, une \u00e9ventuelle pr\u00e9sence de Laurent Gbagbo en C\u00f4te d\u2019Ivoire, m\u00eame soumis au droit de r\u00e9serve, va in\u00e9luctablement entra\u00eener une reconfiguration de la classe politique voire chambouler l\u2019ordre pr\u00e9\u00e9tabli au sein de l\u2019\u00e9tat-major du RHDP. Et cela, ADO le sait mieux que quiconque. Mais s\u2019il refuse que le Christ de Mama regagne son village natal, il pourrait susciter le courroux de ses partisans. Or, \u00e0 quelques mois de la pr\u00e9sidentielle en C\u00f4te d\u2019Ivoire, une telle situation pourrait avoir des cons\u00e9quences graves pour le pouvoir en place. M\u00eame si ADO semble avoir pris les devants en faisant condamner ce farouche adversaire politique par la Justice ivoirienne \u00e0 20 ans de prison ferme, force est de reconna\u00eetre que ce ne sera pas ais\u00e9 pour le pouvoir d\u2019emp\u00eacher ce vieux loup de la sc\u00e8ne politique ivoirienne de troubler la qui\u00e9tude de son \u00e9quipe de campagne pour la pr\u00e9sidentielle de 2020. Autant dire qu\u2019ADO a du pain sur la planche. En tout cas, c\u2019est peu dire que cette d\u00e9cision de la Chambre d\u2019appel de la CPI est une douche froide pour ADO et ses partisans, mais une victoire d\u2019\u00e9tape pour les partisans de Laurent Gbagbo qui piaffent d\u2019impatience de voir leur mentor regagner le bercail et y apporter son g\u00e9nie dans le jeu politique. Quoi qu\u2019il en soit, le camp Gbagbo est d\u00e9sormais gonfl\u00e9 \u00e0 bloc par cette d\u00e9cision de la Chambre d\u2019appel de la CPI, lui qui a toujours clam\u00e9 l\u2019innocence de son idole. En tout \u00e9tat de cause, il faut souhaiter que cette d\u00e9cision de la Chambre d\u2019appel de la CPI fasse plus de bien que de mal \u00e0 la C\u00f4te d\u2019Ivoire.<\/em><\/p>\n<p class=\"c3\"><strong><em>DZ<\/em><\/strong><\/p>\n<p>Auteur: Le Pays<br \/>\n<a href=\"http:\/\/lepays.bf\/assouplissement-des-conditions-de-mise-en-liberte-de-laurent-gbagbo-et-ble-goude\/\">Cliquez ici pour lire l&rsquo;article depuis sa source.<\/a><\/p>\n","protected":false},"excerpt":{"rendered":"<p>Les avocats de Laurent Gbagbo et de Charles Bl\u00e9 Goud\u00e9 viennent d\u2019obtenir une victoire d\u2019\u00e9tape pour la lib\u00e9ration de leurs clients. En effet, la Chambre d\u2019appel de la Cour p\u00e9nale internationale (CPI) a d\u00e9cid\u00e9, hier,- 28 mai 2020, de r\u00e9voquer certaines conditions de mise en libert\u00e9 impos\u00e9es aux deux hommes. Ainsi, Laurent Gbagbo et Charles [&hellip;]<\/p>\n","protected":false},"author":1813,"featured_media":0,"comment_status":"closed","ping_status":"closed","sticky":false,"template":"","format":"standard","meta":{"fifu_image_url":"","fifu_image_alt":"","footnotes":""},"categories":[73,81],"tags":[],"class_list":["post-86999","post","type-post","status-publish","format-standard","hentry","category-actualite","category-burkina-faso"],"_links":{"self":[{"href":"https:\/\/linitiative.ca\/International\/wp-json\/wp\/v2\/posts\/86999","targetHints":{"allow":["GET"]}}],"collection":[{"href":"https:\/\/linitiative.ca\/International\/wp-json\/wp\/v2\/posts"}],"about":[{"href":"https:\/\/linitiative.ca\/International\/wp-json\/wp\/v2\/types\/post"}],"author":[{"embeddable":true,"href":"https:\/\/linitiative.ca\/International\/wp-json\/wp\/v2\/users\/1813"}],"replies":[{"embeddable":true,"href":"https:\/\/linitiative.ca\/International\/wp-json\/wp\/v2\/comments?post=86999"}],"version-history":[{"count":0,"href":"https:\/\/linitiative.ca\/International\/wp-json\/wp\/v2\/posts\/86999\/revisions"}],"wp:attachment":[{"href":"https:\/\/linitiative.ca\/International\/wp-json\/wp\/v2\/media?parent=86999"}],"wp:term":[{"taxonomy":"category","embeddable":true,"href":"https:\/\/linitiative.ca\/International\/wp-json\/wp\/v2\/categories?post=86999"},{"taxonomy":"post_tag","embeddable":true,"href":"https:\/\/linitiative.ca\/International\/wp-json\/wp\/v2\/tags?post=86999"}],"curies":[{"name":"wp","href":"https:\/\/api.w.org\/{rel}","templated":true}]}}