{"id":87000,"date":"2020-05-27T18:21:09","date_gmt":"2020-05-27T22:21:09","guid":{"rendered":"https:\/\/linitiative.ca\/International\/deces-de-douze-personnes-a-tanwalbougou\/"},"modified":"2020-05-27T18:21:09","modified_gmt":"2020-05-27T22:21:09","slug":"deces-de-douze-personnes-a-tanwalbougou","status":"publish","type":"post","link":"https:\/\/linitiative.ca\/International\/deces-de-douze-personnes-a-tanwalbougou\/","title":{"rendered":"D\u00e9c\u00e8s de douze personnes \u00e0 Tanwalbougou"},"content":{"rendered":"<div class=\"td-post-featured-image\"><a href=\"https:\/\/www.sidwaya.info\/wp-content\/uploads\/2020\/05\/procureurf.jpg\" data-caption=\"\"><img loading=\"lazy\" decoding=\"async\" width=\"696\" height=\"392\" class=\"entry-thumb td-modal-image\" src=\"https:\/\/www.sidwaya.info\/wp-content\/uploads\/2020\/05\/procureurf-696x392.jpg\" srcset=\"https:\/\/www.sidwaya.info\/wp-content\/uploads\/2020\/05\/procureurf-696x392.jpg 696w, https:\/\/www.sidwaya.info\/wp-content\/uploads\/2020\/05\/procureurf-300x169.jpg 300w, https:\/\/www.sidwaya.info\/wp-content\/uploads\/2020\/05\/procureurf-768x432.jpg 768w, https:\/\/www.sidwaya.info\/wp-content\/uploads\/2020\/05\/procureurf-746x420.jpg 746w, https:\/\/www.sidwaya.info\/wp-content\/uploads\/2020\/05\/procureurf.jpg 787w\" sizes=\"auto, (max-width: 696px) 100vw, 696px\" alt=\"\" title=\"procureurf\"\/><\/a><\/div>\n<p><strong>Le Procureur g\u00e9n\u00e9ral pr\u00e8s la Cour d\u2019appel de Fada N\u2019Gourma, Rasman\u00e9 Bikienga, et le Procureur du Faso pr\u00e8s le Tribunal de grande instance de Fada N\u2019Gourma, Judica\u00ebl Kadeba, ont anim\u00e9, le mercredi 27 mai 2020, dans la cit\u00e9 de Yendabli, un point de presse pour informer l\u2019opinion publique de la r\u00e9alit\u00e9 des faits sur l\u2019affaire de douze personnes gard\u00e9es \u00e0 vue d\u00e9c\u00e9d\u00e9es \u00e0 Tanwalboubou.<\/strong><\/p>\n<p>L\u2019affaire sur les douze personnes d\u00e9c\u00e9d\u00e9es \u00e0 la gendarmerie de Tanwalboubou, localit\u00e9 situ\u00e9e \u00e0 environ 50 kilom\u00e8tres de Fada N\u2019Gourma, continue de faire couler beaucoup d\u2019encre et de salive. De ce fait, le Procureur g\u00e9n\u00e9ral pr\u00e8s la Cour d\u2019appel de Fada N\u2019Gourma, Rasman\u00e9 Bikienga, et le Procureur du Faso pr\u00e8s le Tribunal de grande instance de Fada N\u2019Gourma, Judica\u00ebl Kadeba, ont anim\u00e9, le mercredi 27 mai 2020, dans la cit\u00e9 de Yendabli, un point de presse, \u00e0 l\u2019allure d\u2019une conf\u00e9rence publique, pour partager des informations sur le drame et rassurer l\u2019opinion publique qu\u2019une enqu\u00eate est en cours afin de situer les responsabilit\u00e9s. Le procureur Kadeba, dans sa d\u00e9claration liminaire, a affirm\u00e9 que le chef de poste du Centre de sant\u00e9 et de promotion sociale (CSPS) de Tanwalbougou a \u00e9tabli un certificat m\u00e9dical au sujet de la mort suspecte des douze gard\u00e9s \u00e0 vue. Il ressort, selon lui, de ce document que l\u2019examen physique r\u00e9v\u00e8le \u00ab des corps inertes, rigides \u00e0 la palpation, sans saignement et sans l\u00e9sions d\u2019allure traumatique \u00bb. Il a poursuivi que l\u2019infirmier, n\u2019ayant aucun \u00e9l\u00e9ment mat\u00e9riel pour pr\u00e9ciser la cause exacte des d\u00e9c\u00e8s, a recommand\u00e9 une autopsie. D\u2019apr\u00e8s Judica\u00ebl Kadeba, c\u2019est dans cette perspective que les corps ont \u00e9t\u00e9 \u00e9vacu\u00e9s \u00e0 la morgue du Centre hospitalier r\u00e9gional (CHR) de Fada N\u2019Gourma.<br \/>\u00ab Malheureusement, la morgue ne disposant pas de chambre froide, les corps n\u2019ont pas pu b\u00e9n\u00e9ficier de bonnes conditions de conservation. Ils \u00e9taient d\u00e9j\u00e0 en \u00e9tat de putr\u00e9faction avanc\u00e9 et dans ces conditions, l\u2019autopsie ne pouvait \u00eatre faite \u00bb, a-t-il expliqu\u00e9. C\u2019est ainsi qu\u2019avec l\u2019autorisation des m\u00e9decins requis, les corps ont \u00e9t\u00e9 mis \u00e0 la disposition des familles, pr\u00e9sentes \u00e0 la morgue ce jour, pour l\u2019inhumation, a ajout\u00e9 le Procureur du Faso pr\u00e8s le Tribunal de grande instance de Fada N\u2019Gourma, Judica\u00ebl Kadeba.<br \/>Par ailleurs, celui-ci a confi\u00e9 que dans le cadre de l\u2019enqu\u00eate pour \u00e9lucider l\u2019affaire, quinze personnes ont \u00e9t\u00e9 auditionn\u00e9es. Il s\u2019agit du commandant de la brigade de gendarmerie de Tanwalbougou, de douze d\u00e9tenus survivants, le treizi\u00e8me ayant \u00e9t\u00e9 lib\u00e9r\u00e9 provisoirement pour raison de sant\u00e9, et de deux parents des personnes d\u00e9c\u00e9d\u00e9es. L\u2019homme de droit a indiqu\u00e9 que les r\u00e9sultats de ces enqu\u00eates ne permettent toujours pas de d\u00e9terminer les causes exactes des d\u00e9c\u00e8s. Quoiqu\u2019il en soit, souligne-t-il, les faits, tels qu\u2019ils r\u00e9sultent de l\u2019enqu\u00eate, rel\u00e8vent de la comp\u00e9tence du Tribunal militaire. D\u2019o\u00f9 l\u2019id\u00e9e de transmettre la proc\u00e9dure au Procureur militaire pour des investigations plus approfondies.<\/p>\n<p>Mort par balles<br \/>ou par \u00e9touffement ?<\/p>\n<div class=\"td-a-rec td-a-rec-id-content_inline tdi_30_066 td_block_template_1\"><img loading=\"lazy\" decoding=\"async\" class=\"aligncenter size-full wp-image-21314\" src=\"https:\/\/www.sidwaya.info\/wp-content\/uploads\/2020\/04\/Bandeau-Covid-19-Sidwaya-1.jpg\" alt=\"\" width=\"790\" height=\"98\"\/><\/div>\n<p>A la suite de cet expos\u00e9, les conf\u00e9renciers ont \u00e9chang\u00e9 \u00e0 b\u00e2tons rompus avec les journalistes. Les douze personnes ont-elles \u00e9t\u00e9 tu\u00e9es par balle comme l\u2019insinuent certaines personnes ? Des propos mettent en doute l\u2019impartialit\u00e9 du Procureur. Y a-t-il des craintes quant \u00e0 la transparence et la fiabilit\u00e9 de la proc\u00e9dure ? Quelle est la capacit\u00e9 de d\u00e9tention de la brigade de gendarmerie de Tanwalbougou ?<br \/>L\u2019hypoth\u00e8se du d\u00e9c\u00e8s par \u00e9touffement est-elle confirm\u00e9e ? Pourquoi ne peut-on pas faire d\u2019autopsie sur des corps en \u00e9tat de putr\u00e9faction avanc\u00e9 ? Que disent les t\u00e9moins (rescap\u00e9s) que vous avez auditionn\u00e9s ? La gendarmerie a-t-elle particip\u00e9 \u00e0 l\u2019enqu\u00eate ? Si c\u2019est le cas, quelle cr\u00e9dibilit\u00e9 accorder \u00e0 la proc\u00e9dure d\u2019autant plus que des \u00e9l\u00e9ments de la gendarmerie sont index\u00e9s dans l\u2019affaire? A ces interrogations, le Procureur g\u00e9n\u00e9ral pr\u00e8s la Cour d\u2019appel de Fada N\u2019Gourma, Rasman\u00e9 Bikienga, et le Procureur du Faso pr\u00e8s le Tribunal de grande instance de Fada N\u2019Gourma, Judica\u00ebl Kadeba ont apport\u00e9 quelques \u00e9l\u00e9ments de r\u00e9ponse. Concernant la pr\u00e9occupation sur les suspicions d\u2019assassinat par balles des douze personnes, ces deux hommes de droit ont r\u00e9pondu qu\u2019il n\u2019en est rien. \u00ab Nous affirmons sans ambages qu\u2019\u00e0 la date d\u2019aujourd\u2019hui et au vu des \u00e9l\u00e9ments que nous poss\u00e9dons que les douze personnes n\u2019ont pas \u00e9t\u00e9 tu\u00e9es par balles. Les trois rescap\u00e9s qui partageaient la m\u00eame cellule que les infortun\u00e9s ont mentionn\u00e9 qu\u2019ils n\u2019ont pas \u00e9t\u00e9 ex\u00e9cut\u00e9s \u00bb, a laiss\u00e9 entendre Rasman\u00e9 Bikienga. Pour lui, face \u00e0 cette situation dramatique d\u00e9plorable, le parquet n\u2019a rien \u00e0 cacher \u00e0 personne. \u00ab Au terme de la proc\u00e9dure judiciaire en cours, la v\u00e9rit\u00e9 jaillira \u00bb, a-t-il assur\u00e9. Quant \u00e0 la question relative au doute sur la partialit\u00e9 du procureur dans l\u2019affaire. il a coup\u00e9 court : \u00ab Nous observons une neutralit\u00e9 dans cette affaire. S\u2019il y a des preuves contre des personnes, celles-ci r\u00e9pondront de leurs actes devant l\u2019instance ou la juridiction comp\u00e9tente. Le parquet fait son travail dans les r\u00e8gles de l\u2019art \u00bb.<\/p>\n<p>L\u2019autopsie toujours possible<\/p>\n<p>Au sujet de la capacit\u00e9 de d\u00e9tention de la brigade de gendarmerie de Tanwalbougou, le Procureur g\u00e9n\u00e9ral pr\u00e8s la Cour d\u2019appel de Fada N\u2019Gourma, Rasman\u00e9 Bikienga, a fait savoir que ladite brigade dispose de deux cellules de d\u00e9tention. \u00ab Donc les 25 personnes ont \u00e9t\u00e9 divis\u00e9es en deux. 15 dans la premi\u00e8re cellule et 10 autres dans la seconde. Mais nous ne saurions vous dire si ces deux cellules pouvaient les contenir ou pas. Seule l\u2019enqu\u00eate nous permettra d\u2019en savoir davantage\u00bb, a-t-il dit. Pour ce qui est de l\u2019hypoth\u00e8se du d\u00e9c\u00e8s par \u00e9touffement des infortun\u00e9s, le Procureur du Faso pr\u00e8s le Tribunal de grande instance de Fada N\u2019Gourma, Judica\u00ebl Kadeba, a d\u00e9clar\u00e9 \u00ab n\u2019avoir jamais dit que les douze personnes sont mortes par \u00e9touffement \u00bb. En ce qui concerne l\u2019\u00e9pineuse question de la r\u00e9alisation de l\u2019autopsie sur des \u00abcorps en \u00e9tat de putr\u00e9faction avanc\u00e9 \u00bb, il a affirm\u00e9 que le CHR de Fada n\u2019a aucun m\u00e9decin l\u00e9giste. Pis, a-t-il rench\u00e9ri, l\u2019h\u00f4pital ne dispose pas d\u2019un plateau technique ad\u00e9quat pour r\u00e9aliser l\u2019autopsie. Il a soutenu que des sp\u00e9cialistes ont assur\u00e9 que jusqu\u2019\u00e0 trois mois, l\u2019autopsie peut \u00eatre faite.<br \/>\u00ab Nous aurons donc la possibilit\u00e9 d\u2019exhumer les corps, de les examiner et de r\u00e9pondre \u00e0 la question \u00bb a-t-il relev\u00e9.<br \/>S\u2019agissant de la pr\u00e9occupation selon laquelle la gendarmerie a particip\u00e9 \u00e0 l\u2019enqu\u00eate, le Procureur g\u00e9n\u00e9ral pr\u00e8s la Cour d\u2019appel de Fada N\u2019Gourma, Rasman\u00e9 Bikienga, a r\u00e9pondu que m\u00eame si c\u2019est le cas, les officiers de police judiciaire sont des gendarmes asserment\u00e9s qui travaillent sous la direction du procureur du Faso et sous le contr\u00f4le du parquet g\u00e9n\u00e9ral.<\/p>\n<p>Joanny SOW<\/p>\n<div class=\"td-a-rec td-a-rec-id-content_bottom tdi_31_3e5 td_block_template_1\"><img loading=\"lazy\" decoding=\"async\" class=\"aligncenter size-full wp-image-22415\" src=\"https:\/\/www.sidwaya.info\/wp-content\/uploads\/2020\/05\/Bandeau-paiement-mobile-site.png\" alt=\"\" width=\"728\" height=\"90\"\/><\/div>\n<p>Auteur: BM. Sidwaya<br \/>\n<a href=\"https:\/\/www.sidwaya.info\/blog\/2020\/05\/27\/deces-de-douze-personnes-a-tanwalbougou\/\">Cliquez ici pour lire l&rsquo;article depuis sa source.<\/a><\/p>\n","protected":false},"excerpt":{"rendered":"<p>Le Procureur g\u00e9n\u00e9ral pr\u00e8s la Cour d\u2019appel de Fada N\u2019Gourma, Rasman\u00e9 Bikienga, et le Procureur du Faso pr\u00e8s le Tribunal de grande instance de Fada N\u2019Gourma, Judica\u00ebl Kadeba, ont anim\u00e9, le mercredi 27 mai 2020, dans la cit\u00e9 de Yendabli, un point de presse pour informer l\u2019opinion publique de la r\u00e9alit\u00e9 des faits sur l\u2019affaire [&hellip;]<\/p>\n","protected":false},"author":1816,"featured_media":87001,"comment_status":"closed","ping_status":"closed","sticky":false,"template":"","format":"standard","meta":{"fifu_image_url":"","fifu_image_alt":"","footnotes":""},"categories":[73,81],"tags":[],"class_list":["post-87000","post","type-post","status-publish","format-standard","has-post-thumbnail","hentry","category-actualite","category-burkina-faso"],"_links":{"self":[{"href":"https:\/\/linitiative.ca\/International\/wp-json\/wp\/v2\/posts\/87000","targetHints":{"allow":["GET"]}}],"collection":[{"href":"https:\/\/linitiative.ca\/International\/wp-json\/wp\/v2\/posts"}],"about":[{"href":"https:\/\/linitiative.ca\/International\/wp-json\/wp\/v2\/types\/post"}],"author":[{"embeddable":true,"href":"https:\/\/linitiative.ca\/International\/wp-json\/wp\/v2\/users\/1816"}],"replies":[{"embeddable":true,"href":"https:\/\/linitiative.ca\/International\/wp-json\/wp\/v2\/comments?post=87000"}],"version-history":[{"count":0,"href":"https:\/\/linitiative.ca\/International\/wp-json\/wp\/v2\/posts\/87000\/revisions"}],"wp:featuredmedia":[{"embeddable":true,"href":"https:\/\/linitiative.ca\/International\/wp-json\/"}],"wp:attachment":[{"href":"https:\/\/linitiative.ca\/International\/wp-json\/wp\/v2\/media?parent=87000"}],"wp:term":[{"taxonomy":"category","embeddable":true,"href":"https:\/\/linitiative.ca\/International\/wp-json\/wp\/v2\/categories?post=87000"},{"taxonomy":"post_tag","embeddable":true,"href":"https:\/\/linitiative.ca\/International\/wp-json\/wp\/v2\/tags?post=87000"}],"curies":[{"name":"wp","href":"https:\/\/api.w.org\/{rel}","templated":true}]}}