{"id":87009,"date":"2020-05-28T12:53:12","date_gmt":"2020-05-28T16:53:12","guid":{"rendered":"https:\/\/linitiative.ca\/International\/cameroun-six-blesses-graves-dans-un-incendie-a-la-prison-centrale-de-douala\/"},"modified":"2020-05-28T12:53:12","modified_gmt":"2020-05-28T16:53:12","slug":"cameroun-six-blesses-graves-dans-un-incendie-a-la-prison-centrale-de-douala","status":"publish","type":"post","link":"https:\/\/linitiative.ca\/International\/cameroun-six-blesses-graves-dans-un-incendie-a-la-prison-centrale-de-douala\/","title":{"rendered":"Cameroun: six bless\u00e9s graves dans un incendie \u00e0 la Prison centrale de Douala"},"content":{"rendered":"<div readability=\"32\">\n<p>Publi\u00e9 le 28.05.2020 \u00e0 17h53 par Jean-Christian Nselel<\/p>\n<\/div>\n<div readability=\"53\">\n<h2 class=\"c6\">Six d\u00e9tenus ont \u00e9t\u00e9 bless\u00e9s au cours d\u2019un incendie survenu\u00a0ce jeudi \u00e0 la Prison centrale de Douala .<\/h2>\n<p class=\"c7\">Dans le d\u00e9tail, trois prisonniers gravement br\u00fbl\u00e9s ont \u00e9t\u00e9 conduit dans un h\u00f4pital. Deux autres dans un \u00e9tat moins grave\u00a0 ainsi qu\u2019un autre l\u00e9g\u00e8rement bless\u00e9 ont \u00e9t\u00e9 admis \u00e0 l\u2019infirmerie de la prison o\u00f9 ils re\u00e7oivent des soins.<\/p>\n<p class=\"c7\">Selon des sources proches du lieu de l\u2019incident, les flammes se seraient d\u00e9clar\u00e9es aux environ de 15 heures.<\/p>\n<p class=\"c7\">Au moment de la mise sous presse de cet article, les sapeurs pompiers se sont d\u00e9ploy\u00e9s sur les lieux pour ma\u00eetriser les flammes.<\/p>\n<p class=\"c7\">Pour le moment, l\u2019origine des flammes reste inconnue. Toutefois, l\u2019on sait que \u00ab\u00a0le quartier Texas\u00a0\u00bb, un compartiment\u00a0 de cette prison o\u00f9 pr\u00e9vaut une certaine ins\u00e9curit\u00e9 est le point le plus affect\u00e9 par les flammes.<\/p>\n<p class=\"c7\">Il s\u2019agit du second incendie d\u2019ampleur qu\u2019enregistre ce p\u00e9nitencier au cours de ces 5 derni\u00e8res ann\u00e9es. Le dernier en date remonte \u00e0 2015.<\/p>\n<\/div>\n<p>Auteur: Jean-Christian Nselel<br \/>\n<a href=\"https:\/\/www.journalducameroun.com\/cameroun-six-detenus-blesses-graves-dans-un-incendie-a-la-prison-centrale-de-douala\/\">Cliquez ici pour lire l&rsquo;article depuis sa source.<\/a><\/p>\n","protected":false},"excerpt":{"rendered":"<p>Publi\u00e9 le 28.05.2020 \u00e0 17h53 par Jean-Christian Nselel Six d\u00e9tenus ont \u00e9t\u00e9 bless\u00e9s au cours d\u2019un incendie survenu\u00a0ce jeudi \u00e0 la Prison centrale de Douala . Dans le d\u00e9tail, trois prisonniers gravement br\u00fbl\u00e9s ont \u00e9t\u00e9 conduit dans un h\u00f4pital. Deux autres dans un \u00e9tat moins grave\u00a0 ainsi qu\u2019un autre l\u00e9g\u00e8rement bless\u00e9 ont \u00e9t\u00e9 admis \u00e0 [&hellip;]<\/p>\n","protected":false},"author":1965,"featured_media":0,"comment_status":"closed","ping_status":"closed","sticky":false,"template":"","format":"standard","meta":{"fifu_image_url":"","fifu_image_alt":"","footnotes":""},"categories":[73,82],"tags":[],"class_list":["post-87009","post","type-post","status-publish","format-standard","hentry","category-actualite","category-cameroun"],"_links":{"self":[{"href":"https:\/\/linitiative.ca\/International\/wp-json\/wp\/v2\/posts\/87009","targetHints":{"allow":["GET"]}}],"collection":[{"href":"https:\/\/linitiative.ca\/International\/wp-json\/wp\/v2\/posts"}],"about":[{"href":"https:\/\/linitiative.ca\/International\/wp-json\/wp\/v2\/types\/post"}],"author":[{"embeddable":true,"href":"https:\/\/linitiative.ca\/International\/wp-json\/wp\/v2\/users\/1965"}],"replies":[{"embeddable":true,"href":"https:\/\/linitiative.ca\/International\/wp-json\/wp\/v2\/comments?post=87009"}],"version-history":[{"count":0,"href":"https:\/\/linitiative.ca\/International\/wp-json\/wp\/v2\/posts\/87009\/revisions"}],"wp:attachment":[{"href":"https:\/\/linitiative.ca\/International\/wp-json\/wp\/v2\/media?parent=87009"}],"wp:term":[{"taxonomy":"category","embeddable":true,"href":"https:\/\/linitiative.ca\/International\/wp-json\/wp\/v2\/categories?post=87009"},{"taxonomy":"post_tag","embeddable":true,"href":"https:\/\/linitiative.ca\/International\/wp-json\/wp\/v2\/tags?post=87009"}],"curies":[{"name":"wp","href":"https:\/\/api.w.org\/{rel}","templated":true}]}}