{"id":87012,"date":"2020-05-28T15:18:03","date_gmt":"2020-05-28T19:18:03","guid":{"rendered":"https:\/\/linitiative.ca\/International\/la-cpi-modifie-les-conditions-de-mise-en-liberte-de-gbagbo-et-ble-goude\/"},"modified":"2020-05-28T15:18:03","modified_gmt":"2020-05-28T19:18:03","slug":"la-cpi-modifie-les-conditions-de-mise-en-liberte-de-gbagbo-et-ble-goude","status":"publish","type":"post","link":"https:\/\/linitiative.ca\/International\/la-cpi-modifie-les-conditions-de-mise-en-liberte-de-gbagbo-et-ble-goude\/","title":{"rendered":"La CPI modifie les conditions de mise en libert\u00e9 de Gbagbo et Bl\u00e9 Goud\u00e9"},"content":{"rendered":"<div readability=\"32\">\n<p>Publi\u00e9 le 28.05.2020 \u00e0 20h18 par APA News<\/p>\n<\/div>\n<div readability=\"86\">\n<h2>La Chambre d\u2019appel de la Cour p\u00e9nale internationale (CPI) a d\u00e9cid\u00e9 jeudi de rejeter la requ\u00eate de la d\u00e9fense de M. Gbagbo demandant \u00e0 la Chambre de r\u00e9examiner son arr\u00eat lui accordant, ainsi qu\u2019\u00e0 M. Bl\u00e9 Goud\u00e9, son co-accus\u00e9, une mise en libert\u00e9 conditionnelle.<\/h2>\n<p>La Chambre d\u2019appel a toutefois d\u00e9cid\u00e9 de revoir les conditions de mise en libert\u00e9, indique un communiqu\u00e9 de la Cour qui note que cette d\u00e9cision ne concerne pas l\u2019appel contre l\u2019acquittement de MM. Gbagbo et Bl\u00e9 Goud\u00e9.<\/p>\n<p>La Chambre d\u2019appel a fait observer que la d\u00e9fense de M. Gbagbo n\u2019avait pas d\u00e9montr\u00e9 d\u2019erreur manifeste de raisonnement, ni que des circonstances particuli\u00e8res justifiaient le r\u00e9examen de l\u2019arr\u00eat des juges.<\/p>\n<p>Les juges ont toutefois d\u00e9cid\u00e9 de r\u00e9examiner la n\u00e9cessit\u00e9 de maintenir les conditions impos\u00e9es pour leur mise en libert\u00e9, et d\u00e9cid\u00e9 de r\u00e9voquer quelques conditions. D\u00e9sormais, MM. Gbagbo et Bl\u00e9 Goud\u00e9 ne peuvent se d\u00e9placer en dehors des limites de la municipalit\u00e9 dans laquelle ils r\u00e9sident dans l\u2019\u00c9tat d\u2019accueil, \u00e0 moins d\u2019y avoir \u00e9t\u00e9 express\u00e9ment autoris\u00e9s au pr\u00e9alable par la Cour.<\/p>\n<p>Ils devront remettre au greffe toutes les pi\u00e8ces d\u2019identit\u00e9 dont ils disposent, en particulier leur passeport, en outre se pr\u00e9senter chaque semaine aupr\u00e8s des autorit\u00e9s de l\u2019\u00c9tat d\u2019accueil ou aupr\u00e8s du greffe et se conformer \u00e0 toute autre condition raisonnable impos\u00e9e par l\u2019\u00c9tat dans lequel ils seront lib\u00e9r\u00e9s.<\/p>\n<p>Les autres conditions restent en vigueur, mentionne la Chambre, avant d\u2019ajouter que MM. Gbagbo et Bl\u00e9 Goud\u00e9 se conformeront \u00e0 toutes les ordonnances de la Cour.Le 15 janvier 2019, la Chambre de premi\u00e8re instance I, \u00e0 la majorit\u00e9, a acquitt\u00e9 MM. Gbagbo et Bl\u00e9 Goud\u00e9 de toutes les charges de crimes contre l\u2019humanit\u00e9 pr\u00e9tendument perp\u00e9tr\u00e9s en C\u00f4te d\u2019Ivoire en 2010 et 2011. Mme la juge Herrera Carbuccia avait \u00e9mis une opinion dissidente.<\/p>\n<p>Une d\u00e9cision d\u00fbment motiv\u00e9e a \u00e9t\u00e9 rendue par \u00e9crit le 16 juillet 2019. L\u2019Accusation a fait appel de cette d\u00e9cision, donnant lieu \u00e0 un proc\u00e8s dans cette affaire qui s\u2019est ouvert le 28 janvier 2016 pour des charges de crimes contre l\u2019humanit\u00e9 (meurtre, viol, autres actes inhumains \u2026) perp\u00e9tr\u00e9s dans le contexte des violences post-\u00e9lectorales en C\u00f4te d\u2019Ivoire entre le 16 d\u00e9cembre 2010 et le 12 avril 2011.<\/p>\n<p>Le 7 octobre 2019, le Conseil de M. Gbagbo a demand\u00e9 \u00e0 la Chambre d\u2019appel de reconsid\u00e9rer son arr\u00eat et d\u2019ordonner la mise en libert\u00e9 imm\u00e9diate sans conditions de M. Gbagbo. Une audience sur cette question a \u00e9t\u00e9 tenue par la Chambre d\u2019appel le 6 f\u00e9vrier 2020.<\/p>\n<p>Le 1er f\u00e9vrier 2019, \u00e0 la suite d\u2019un appel du procureur contre la d\u00e9cision orale de la Chambre de premi\u00e8re instance I du 16 janvier 2019 ordonnant la mise en libert\u00e9 sans conditions des personnes acquitt\u00e9es, la Chambre d\u2019appel a rendu son arr\u00eat sur la question, dans lequel elle a modifi\u00e9 la d\u00e9cision orale et impos\u00e9 un certain nombre de conditions \u00e0 la mise en libert\u00e9 de MM. Gbagbo et Bl\u00e9 Goud\u00e9.<\/p>\n<\/div>\n<p>Auteur: APA News<br \/>\n<a href=\"https:\/\/www.journalducameroun.com\/la-cpi-modifie-les-conditions-de-mise-en-liberte-de-gbagbo-et-ble-goude\/\">Cliquez ici pour lire l&rsquo;article depuis sa source.<\/a><\/p>\n","protected":false},"excerpt":{"rendered":"<p>Publi\u00e9 le 28.05.2020 \u00e0 20h18 par APA News La Chambre d\u2019appel de la Cour p\u00e9nale internationale (CPI) a d\u00e9cid\u00e9 jeudi de rejeter la requ\u00eate de la d\u00e9fense de M. Gbagbo demandant \u00e0 la Chambre de r\u00e9examiner son arr\u00eat lui accordant, ainsi qu\u2019\u00e0 M. Bl\u00e9 Goud\u00e9, son co-accus\u00e9, une mise en libert\u00e9 conditionnelle. La Chambre d\u2019appel [&hellip;]<\/p>\n","protected":false},"author":1965,"featured_media":0,"comment_status":"closed","ping_status":"closed","sticky":false,"template":"","format":"standard","meta":{"fifu_image_url":"","fifu_image_alt":"","footnotes":""},"categories":[73,82],"tags":[],"class_list":["post-87012","post","type-post","status-publish","format-standard","hentry","category-actualite","category-cameroun"],"_links":{"self":[{"href":"https:\/\/linitiative.ca\/International\/wp-json\/wp\/v2\/posts\/87012","targetHints":{"allow":["GET"]}}],"collection":[{"href":"https:\/\/linitiative.ca\/International\/wp-json\/wp\/v2\/posts"}],"about":[{"href":"https:\/\/linitiative.ca\/International\/wp-json\/wp\/v2\/types\/post"}],"author":[{"embeddable":true,"href":"https:\/\/linitiative.ca\/International\/wp-json\/wp\/v2\/users\/1965"}],"replies":[{"embeddable":true,"href":"https:\/\/linitiative.ca\/International\/wp-json\/wp\/v2\/comments?post=87012"}],"version-history":[{"count":0,"href":"https:\/\/linitiative.ca\/International\/wp-json\/wp\/v2\/posts\/87012\/revisions"}],"wp:attachment":[{"href":"https:\/\/linitiative.ca\/International\/wp-json\/wp\/v2\/media?parent=87012"}],"wp:term":[{"taxonomy":"category","embeddable":true,"href":"https:\/\/linitiative.ca\/International\/wp-json\/wp\/v2\/categories?post=87012"},{"taxonomy":"post_tag","embeddable":true,"href":"https:\/\/linitiative.ca\/International\/wp-json\/wp\/v2\/tags?post=87012"}],"curies":[{"name":"wp","href":"https:\/\/api.w.org\/{rel}","templated":true}]}}