{"id":87013,"date":"2020-05-28T16:21:06","date_gmt":"2020-05-28T20:21:06","guid":{"rendered":"https:\/\/linitiative.ca\/International\/cameroun-covid-19-le-gouvernement-autorise-lhon-nourane-fotsing-a-lancer-une-collecte-des-fonds-contre-la-pandemie\/"},"modified":"2020-05-28T16:21:06","modified_gmt":"2020-05-28T20:21:06","slug":"cameroun-covid-19-le-gouvernement-autorise-lhon-nourane-fotsing-a-lancer-une-collecte-des-fonds-contre-la-pandemie","status":"publish","type":"post","link":"https:\/\/linitiative.ca\/International\/cameroun-covid-19-le-gouvernement-autorise-lhon-nourane-fotsing-a-lancer-une-collecte-des-fonds-contre-la-pandemie\/","title":{"rendered":"Cameroun \/ Covid-19 : le gouvernement autorise l\u2019Hon Nourane Fotsing \u00e0 lancer une collecte des fonds contre la pand\u00e9mie"},"content":{"rendered":"<div readability=\"32\">\n<p>Publi\u00e9 le 28.05.2020 \u00e0 21h21 par Christian Djimadeu<\/p>\n<\/div>\n<div readability=\"52\">\n<h2 class=\"c6\">Dans un arr\u00eat\u00e9 sign\u00e9 ce 28 mai, le ministre de l\u2019administration territoriale donne l\u2019accord au d\u00e9put\u00e9 du PCRN pour lancer un appel \u00e0 g\u00e9n\u00e9rosit\u00e9 publique pour lutter contre le Covid-19.<\/h2>\n<p class=\"c7\">\u00a0\u2039\u2039 <em>Est autoris\u00e9e dans les villes de Douala, Bafoussam, Foumban et Yaound\u00e9, pour une p\u00e9riode de quarante-cinq (45) jours \u00e0 compter de la date de signature du pr\u00e9sent arr\u00eat\u00e9, l\u2019organisation par Madame NOURANE MOLUH HASSANA Epse FOT\u2019sING, d\u00e9put\u00e9 \u00e0 l\u2019Assembl\u00e9e Nationale, d une qu\u00eate publique au titre de la mobilisation des ressources financi\u00e8res n\u00e9cessaires \u00e0 la riposte au niveau local contre la pand\u00e9mie du COVID-9<\/em> \u203a\u203a, d\u00e9cide Paul Atanga Nji.<\/p>\n<p class=\"c7\">Le ministre de l\u2019Administration territoriale pr\u00e9cise toutefois\u00a0 Cette que cette op\u00e9ration sera organis\u00e9e par les comit\u00e9s de collecte et de gestion institu\u00e9s \u00e0 cet effet, sous le contr\u00f4le des autorit\u00e9s administratives.<\/p>\n<p class=\"c7\">Rappelons que cette autorisation arrive apr\u00e8s une suspension. Car, l\u2019honorable NOURANE ainsi qu\u2019une branche du parti de Maurice Kamto\u00a0 d\u00e9nomm\u00e9e Survie-Cameroun avait initi\u00e9 des appels \u00e0 g\u00e9n\u00e9rosit\u00e9 publique sans autorisation du Minat.<\/p>\n<\/div>\n<p>Auteur: Christian DJIMADEU<br \/>\n<a href=\"https:\/\/www.journalducameroun.com\/cameroun-covid-19-paul-atanga-nji-autorise-cameroun\/\">Cliquez ici pour lire l&rsquo;article depuis sa source.<\/a><\/p>\n","protected":false},"excerpt":{"rendered":"<p>Publi\u00e9 le 28.05.2020 \u00e0 21h21 par Christian Djimadeu Dans un arr\u00eat\u00e9 sign\u00e9 ce 28 mai, le ministre de l\u2019administration territoriale donne l\u2019accord au d\u00e9put\u00e9 du PCRN pour lancer un appel \u00e0 g\u00e9n\u00e9rosit\u00e9 publique pour lutter contre le Covid-19. \u00a0\u2039\u2039 Est autoris\u00e9e dans les villes de Douala, Bafoussam, Foumban et Yaound\u00e9, pour une p\u00e9riode de quarante-cinq [&hellip;]<\/p>\n","protected":false},"author":1965,"featured_media":0,"comment_status":"closed","ping_status":"closed","sticky":false,"template":"","format":"standard","meta":{"fifu_image_url":"","fifu_image_alt":"","footnotes":""},"categories":[73,82],"tags":[],"class_list":["post-87013","post","type-post","status-publish","format-standard","hentry","category-actualite","category-cameroun"],"_links":{"self":[{"href":"https:\/\/linitiative.ca\/International\/wp-json\/wp\/v2\/posts\/87013","targetHints":{"allow":["GET"]}}],"collection":[{"href":"https:\/\/linitiative.ca\/International\/wp-json\/wp\/v2\/posts"}],"about":[{"href":"https:\/\/linitiative.ca\/International\/wp-json\/wp\/v2\/types\/post"}],"author":[{"embeddable":true,"href":"https:\/\/linitiative.ca\/International\/wp-json\/wp\/v2\/users\/1965"}],"replies":[{"embeddable":true,"href":"https:\/\/linitiative.ca\/International\/wp-json\/wp\/v2\/comments?post=87013"}],"version-history":[{"count":0,"href":"https:\/\/linitiative.ca\/International\/wp-json\/wp\/v2\/posts\/87013\/revisions"}],"wp:attachment":[{"href":"https:\/\/linitiative.ca\/International\/wp-json\/wp\/v2\/media?parent=87013"}],"wp:term":[{"taxonomy":"category","embeddable":true,"href":"https:\/\/linitiative.ca\/International\/wp-json\/wp\/v2\/categories?post=87013"},{"taxonomy":"post_tag","embeddable":true,"href":"https:\/\/linitiative.ca\/International\/wp-json\/wp\/v2\/tags?post=87013"}],"curies":[{"name":"wp","href":"https:\/\/api.w.org\/{rel}","templated":true}]}}