{"id":87014,"date":"2020-05-28T09:29:48","date_gmt":"2020-05-28T13:29:48","guid":{"rendered":"https:\/\/linitiative.ca\/International\/le-cholera-fait-deux-morts-dans-le-dja-et-lobo\/"},"modified":"2020-05-28T09:29:48","modified_gmt":"2020-05-28T13:29:48","slug":"le-cholera-fait-deux-morts-dans-le-dja-et-lobo","status":"publish","type":"post","link":"https:\/\/linitiative.ca\/International\/le-cholera-fait-deux-morts-dans-le-dja-et-lobo\/","title":{"rendered":"Le chol\u00e9ra fait deux morts dans le Dja-et-Lobo"},"content":{"rendered":"<div id=\"the-post\">\n<div class=\"featured-area featured-area-inner\"><img loading=\"lazy\" decoding=\"async\" width=\"780\" height=\"461\" src=\"https:\/\/ecomatin.net\/wp-content\/uploads\/2020\/05\/H\u00f4pital-de-Sangm\u00e9lima-780x461.jpg\" class=\"attachment-jannah-image-post size-jannah-image-post wp-post-image\" alt=\"\" data-attachment-id=\"16199\" data-permalink=\"https:\/\/ecomatin.net\/le-cholera-fait-deux-morts-dans-le-dja-et-lobo\/hopital-de-sangmelima\/\" data-orig-file=\"https:\/\/ecomatin.net\/wp-content\/uploads\/2020\/05\/H&#xF4;pital-de-Sangm&#xE9;lima.jpg\" data-orig-size=\"998,461\" data-comments-opened=\"0\" data-image-meta=\"{&quot;aperture&quot;:&quot;0&quot;,&quot;credit&quot;:&quot;&quot;,&quot;camera&quot;:&quot;&quot;,&quot;caption&quot;:&quot;&quot;,&quot;created_timestamp&quot;:&quot;0&quot;,&quot;copyright&quot;:&quot;&quot;,&quot;focal_length&quot;:&quot;0&quot;,&quot;iso&quot;:&quot;0&quot;,&quot;shutter_speed&quot;:&quot;0&quot;,&quot;title&quot;:&quot;&quot;,&quot;orientation&quot;:&quot;0&quot;}\" data-image-title=\"H&#xF4;pital de Sangm&#xE9;lima\" data-image-description=\"\" data-medium-file=\"https:\/\/ecomatin.net\/wp-content\/uploads\/2020\/05\/H&#xF4;pital-de-Sangm&#xE9;lima-300x139.jpg\" data-large-file=\"https:\/\/ecomatin.net\/wp-content\/uploads\/2020\/05\/H&#xF4;pital-de-Sangm&#xE9;lima.jpg\"\/><\/div>\n<div class=\"entry-content entry clearfix\" readability=\"44.518828451883\">\n<p>Alors que toutes les \u00e9nergies sont d\u00e9ploy\u00e9es vers la lutte contre la pand\u00e9mie du coronavirus, d\u2019autres maladies tissent discr\u00e8tement leur toile. C\u2019est le cas du Chol\u00e9ra qui a refait sur face dans le d\u00e9partement du Dja-et-Lobo, r\u00e9gion du sud Cameroun. Dans son \u00e9dition du 28 mai 2020, le quotidien national Bilingue, Cameroon Tribune rapporte que l\u2019\u00e9pid\u00e9mie a fait deux victimes la semaine derni\u00e8re \u00e0 Ngam-Yembong, un petit village situ\u00e9 \u00e0 une dizaine de kilom\u00e8tres de Sangmelima. Il s\u2019agit d\u2019un couple, qui, de retour d\u2019un voyage dans la r\u00e9gion de l\u2019Ouest a commenc\u00e9 \u00e0 ressentir des sympt\u00f4mes de la maladie. \u00ab\u00a0D\u2019abord, c\u2019est l\u2019\u00e9pouse qui a fait de la diarrh\u00e9e abondante, des naus\u00e9es, vomissements et pr\u00e9sente des signes de fatigue. Personne ne pense \u00e0 la terrible et tr\u00e8s contagieuse infection. Des d\u00e9coctions locales sont alors utilis\u00e9es. Malheureusement la dame meurt\u00a0\u00bb rapporte le journal. Elle sera suivie par son \u00e9poux qui pr\u00e9sentait les m\u00eames sympt\u00f4mes. Malgr\u00e9 que ce dernier ait \u00e9t\u00e9 transport\u00e9 d\u2019urgence \u00e0 l\u2019h\u00f4pital, il n\u2019en sortira pas vivant.<\/p>\n<p class=\"has-background has-very-light-gray-background-color c2\"><strong>&gt;&gt;Lire aussi-<\/strong> <a href=\"https:\/\/ecomatin.net\/le-taux-de-contamination-lie-au-coronavirus-en-evolution-rapide-au-cameroun\/\"><strong>Le taux de contamination li\u00e9 au Coronavirus en \u00e9volution rapide au Cameroun<\/strong> <\/a><\/p>\n<p>Dans la foul\u00e9e, les autorit\u00e9s sanitaires vont d\u00e9couvrir un autre foyer de contamination dans le m\u00eame d\u00e9partement. Cette fois ci, c\u2019est un village situ\u00e9 \u00e0 la limite des centres de sant\u00e9 de Zo\u00e9t\u00e9l\u00e9 et de Meyomessala qui est concern\u00e9. Trois cas seront confirm\u00e9s et imm\u00e9diatement pris en charge par les autorit\u00e9s sanitaires. Trois autres cas test\u00e9s attendent encore les r\u00e9sultats d\u2019examen de laboratoire.<\/p>\n<p class=\"has-background has-very-light-gray-background-color c2\"><strong>&gt;&gt;Lire aussi-<\/strong> <strong><a href=\"https:\/\/ecomatin.net\/jean-louis-beh-mengue-atteint-de-coronavirus\/\">Jean-Louis Beh Mengue atteint de coronavirus<\/a><\/strong><\/p>\n<div class=\"awac-wrapper awac widget posts-list-widget-13\">\n<h4 class=\"widget-title\">Recent Posts<\/h4>\n<\/div>\n<\/div>\n<\/div>\n<div readability=\"31.5\">\n<div class=\"container-wrapper subscribe-widget widget-inner-wrap subscribe-widget-content\" id=\"post-newsletter\" readability=\"33\">\n<h4>With Product You Purchase<\/h4>\n<h3>Subscribe to our mailing list to get the new updates!<\/h3>\n<p>Lorem ipsum dolor sit amet, consectetur.<\/p>\n<\/div>\n<\/div>\n<p>Auteur: EcoMatin<br \/>\n<a href=\"https:\/\/ecomatin.net\/le-cholera-fait-deux-morts-dans-le-dja-et-lobo\/\">Cliquez ici pour lire l&rsquo;article depuis sa source.<\/a><\/p>\n","protected":false},"excerpt":{"rendered":"<p>Alors que toutes les \u00e9nergies sont d\u00e9ploy\u00e9es vers la lutte contre la pand\u00e9mie du coronavirus, d\u2019autres maladies tissent discr\u00e8tement leur toile. C\u2019est le cas du Chol\u00e9ra qui a refait sur face dans le d\u00e9partement du Dja-et-Lobo, r\u00e9gion du sud Cameroun. Dans son \u00e9dition du 28 mai 2020, le quotidien national Bilingue, Cameroon Tribune rapporte que [&hellip;]<\/p>\n","protected":false},"author":1969,"featured_media":87015,"comment_status":"closed","ping_status":"closed","sticky":false,"template":"","format":"standard","meta":{"fifu_image_url":"","fifu_image_alt":"","footnotes":""},"categories":[82,78],"tags":[],"class_list":["post-87014","post","type-post","status-publish","format-standard","has-post-thumbnail","hentry","category-cameroun","category-economie"],"_links":{"self":[{"href":"https:\/\/linitiative.ca\/International\/wp-json\/wp\/v2\/posts\/87014","targetHints":{"allow":["GET"]}}],"collection":[{"href":"https:\/\/linitiative.ca\/International\/wp-json\/wp\/v2\/posts"}],"about":[{"href":"https:\/\/linitiative.ca\/International\/wp-json\/wp\/v2\/types\/post"}],"author":[{"embeddable":true,"href":"https:\/\/linitiative.ca\/International\/wp-json\/wp\/v2\/users\/1969"}],"replies":[{"embeddable":true,"href":"https:\/\/linitiative.ca\/International\/wp-json\/wp\/v2\/comments?post=87014"}],"version-history":[{"count":0,"href":"https:\/\/linitiative.ca\/International\/wp-json\/wp\/v2\/posts\/87014\/revisions"}],"wp:featuredmedia":[{"embeddable":true,"href":"https:\/\/linitiative.ca\/International\/wp-json\/"}],"wp:attachment":[{"href":"https:\/\/linitiative.ca\/International\/wp-json\/wp\/v2\/media?parent=87014"}],"wp:term":[{"taxonomy":"category","embeddable":true,"href":"https:\/\/linitiative.ca\/International\/wp-json\/wp\/v2\/categories?post=87014"},{"taxonomy":"post_tag","embeddable":true,"href":"https:\/\/linitiative.ca\/International\/wp-json\/wp\/v2\/tags?post=87014"}],"curies":[{"name":"wp","href":"https:\/\/api.w.org\/{rel}","templated":true}]}}