{"id":87016,"date":"2020-05-28T09:50:00","date_gmt":"2020-05-28T13:50:00","guid":{"rendered":"https:\/\/linitiative.ca\/International\/chanas-s-a-ameliore-son-compte-dexploitation\/"},"modified":"2020-05-28T09:50:00","modified_gmt":"2020-05-28T13:50:00","slug":"chanas-s-a-ameliore-son-compte-dexploitation","status":"publish","type":"post","link":"https:\/\/linitiative.ca\/International\/chanas-s-a-ameliore-son-compte-dexploitation\/","title":{"rendered":"Chanas S. A am\u00e9liore son compte d\u2019exploitation"},"content":{"rendered":"<p>\u00abLes r\u00e9sultats sont bons. Ils sont b\u00e9n\u00e9ficiaires et mieux qu\u2019en 2018\u00bb ainsi se satisfait <strong>Maurice Matanga<\/strong>, le Pr\u00e9sident du conseil d\u2019administration(Pca) de <strong>Chanas Assurances S.A<\/strong>. \u00e0 l\u2019issus de l\u2019assembl\u00e9e g\u00e9n\u00e9rale ordinaire tenue ce 27 mai 2020 et qui a permis de le bilan comptable de la compagnie d\u2019assurance pour l\u2019exercice 2019. L\u2019embellie du compte d\u2019exploitation de la compagnie reste sans doute l\u2019une des performances remarquables r\u00e9alis\u00e9es par cette compagnie. Ledit compte affiche au 31 d\u00e9cembre 2019, un montant de 487 millions de F CFA. \u00ab C\u2019est le meilleur r\u00e9sultat d\u00e9gag\u00e9 par notre compte d\u2019exploitation \u00a0depuis 2014\u00bb pr\u00e9cise Maurice Matanga. La session ordinaire de ce 27 mai 2020 \u00e9tait consacr\u00e9e \u00e0 l\u2019adoption des comptes de Chanas S.A au 31 d\u00e9cembre 2019 \u00ables chiffres complets vous seront communiqu\u00e9s. Mais retenez que tous les actionnaires recevront leurs dividendes\u00bb, a rassur\u00e9 le pr\u00e9sident du conseil d\u2019administration, entour\u00e9 de <strong>L\u00e9once Augou<\/strong>, le Directeur g\u00e9n\u00e9ral de Chanas S.A et <strong>Henri Th\u00e9odore Bayouak<\/strong>, le Directeur g\u00e9n\u00e9ral adjoint. Chanas S. A a \u00e9galement r\u00e9alis\u00e9 un b\u00e9n\u00e9fice avant imp\u00f4t de 700.000.000 de fcfa (sept cent millions).<\/p>\n<p class=\"has-background has-very-light-gray-background-color c2\"><strong>&gt;&gt;Lire aussi<\/strong>\u2013<strong><a href=\"https:\/\/ecomatin.net\/la-cour-supreme-met-fin-du-bicephalisme-a-chanas-assurances-s-a\/\">La cour supr\u00eame met fin du bic\u00e9phalisme \u00e0 Chanas Assurances S.A.<\/a><\/strong><\/p>\n<p>Les bons r\u00e9sultats de Chanas S.A interviennent au lendemain de l\u2019ordonnance 002\/CE du 29 avril 2020 de la Chambre judiciaire de la Cour supr\u00eame d\u00e9clarant sans objet la proc\u00e9dure intent\u00e9e contre Chanas S.A par les pr\u00e9sum\u00e9s mandataires des ayant-droit. A ce sujet, le Pca s\u2019est voulu intransigeant \u00abil n\u2019y a jamais \u00a0eu de bic\u00e9phalisme \u00e0 Chanas S.A. L\u2019arr\u00eat rendu par la Cour supr\u00eame me conforte comme pr\u00e9sident du conseil d\u2019administration de Chanas. Les pr\u00e9sum\u00e9s mandataires des ayants droit de Laugier et Gillot ne peuvent par cons\u00e9quent pas assumer, directement ou indirectement, des fonctions ou titres dans une soci\u00e9t\u00e9 d\u2019assurances,\u00a0conform\u00e9ment aux dispositions pertinentes de l\u2019Acte uniforme Ohada\u00bb, a-t-il pr\u00e9cis\u00e9. L\u2019occasion faisant le larron, Maurice Matanga en a profit\u00e9 pour rendre un vibrant hommage \u00e0 <strong>Adolphe Moudiki<\/strong>, l\u2019administrateur directeur g\u00e9n\u00e9ral de la Soci\u00e9t\u00e9 nationale des hydrocarbures (<strong>Snh<\/strong>) et principal actionnaire de Chanas assurances \u00abnotre partenaire strat\u00e9gique a men\u00e9 des actions \u00e9nergiques pour mettre fin \u00e0 cette imposture\u00bb.\u00a0 Apr\u00e8s le conseil d\u2019administration du 6 mai 2020 marqu\u00e9 par la certification des comptes au 31 d\u00e9cembre 2019, l\u2019assembl\u00e9e g\u00e9n\u00e9rale de ce 27 mai 2020 a \u00e9galement \u00e9t\u00e9 l\u2019occasion pour Maurice Matanga de d\u00e9voiler aux actionnaires les grandes lignes des projets de la soci\u00e9t\u00e9, ainsi que les acquis pr\u00e9serv\u00e9s au cours de l\u2019ann\u00e9e 2019.\u00a0<\/p>\n<p class=\"has-background has-very-light-gray-background-color c2\"><strong>&gt;&gt;Lire aussi<\/strong>\u2013 <strong><a href=\"https:\/\/ecomatin.net\/la-snh-na-pas-repris-les-parts-de-jacqueline-casalegno\/\">Chanas Assurance :la SNH n\u2019a pas repris les parts de Jacqueline Casalegno<\/a><\/strong><\/p>\n<p>L\u2019assembl\u00e9e g\u00e9n\u00e9rale ordinaire de Chanas S.A a constitu\u00e9 un pr\u00e9texte pour en savoir plus sur la gestion par la compagnie d\u2019assurances de ses assur\u00e9s atteints de Covid-19. \u00abl\u2019Etat prend en charge toutes les d\u00e9penses y aff\u00e9rentes. Mais nous sommes en train d\u2019examiner cette situation avec le concours de l\u2019Asac\u00bb, a r\u00e9pondu le ma\u00eetre des c\u00e9ans. Chanas assurances S.A est une compagnie d\u2019assurances agr\u00e9\u00e9e suivant l\u2019Arr\u00eat\u00e9 du ministre des finances du 24 mars 2000. Avec un capital social de 6.051.116.000 fcfa, Chanas assurances d\u00e9tient l\u2019un des plus importants portefeuille d\u2019assurances au Cameroun (assurances des personnes, des biens, responsabilit\u00e9 civile, transports, finances etc\u2026). Chanas assurances S.A est majoritairement d\u00e9tenue par la Snh (45,26%).<\/p>\n<p class=\"has-background has-very-light-gray-background-color c2\"><strong>&gt;&gt;Lire aussi<\/strong>\u2013 <strong><a href=\"https:\/\/ecomatin.net\/management-les-chantiers-qui-attendent-le-nouveau-directeur-general-de-chanas-assurances\/\">Management : les chantiers qui attendent le nouveau directeur g\u00e9n\u00e9ral de Chanas Assurances<\/a><\/strong><\/p>\n<div class=\"awac-wrapper awac widget posts-list-widget-13\">\n<h4 class=\"widget-title\">Recent Posts<\/h4>\n<\/div>\n<p>Auteur: EcoMatin<br \/>\n<a href=\"https:\/\/ecomatin.net\/chanas-s-a-ameliore-son-compte-dexploitation\/\">Cliquez ici pour lire l&rsquo;article depuis sa source.<\/a><\/p>\n","protected":false},"excerpt":{"rendered":"<p>\u00abLes r\u00e9sultats sont bons. Ils sont b\u00e9n\u00e9ficiaires et mieux qu\u2019en 2018\u00bb ainsi se satisfait Maurice Matanga, le Pr\u00e9sident du conseil d\u2019administration(Pca) de Chanas Assurances S.A. \u00e0 l\u2019issus de l\u2019assembl\u00e9e g\u00e9n\u00e9rale ordinaire tenue ce 27 mai 2020 et qui a permis de le bilan comptable de la compagnie d\u2019assurance pour l\u2019exercice 2019. L\u2019embellie du compte d\u2019exploitation [&hellip;]<\/p>\n","protected":false},"author":1969,"featured_media":0,"comment_status":"closed","ping_status":"closed","sticky":false,"template":"","format":"standard","meta":{"fifu_image_url":"","fifu_image_alt":"","footnotes":""},"categories":[82,78],"tags":[],"class_list":["post-87016","post","type-post","status-publish","format-standard","hentry","category-cameroun","category-economie"],"_links":{"self":[{"href":"https:\/\/linitiative.ca\/International\/wp-json\/wp\/v2\/posts\/87016","targetHints":{"allow":["GET"]}}],"collection":[{"href":"https:\/\/linitiative.ca\/International\/wp-json\/wp\/v2\/posts"}],"about":[{"href":"https:\/\/linitiative.ca\/International\/wp-json\/wp\/v2\/types\/post"}],"author":[{"embeddable":true,"href":"https:\/\/linitiative.ca\/International\/wp-json\/wp\/v2\/users\/1969"}],"replies":[{"embeddable":true,"href":"https:\/\/linitiative.ca\/International\/wp-json\/wp\/v2\/comments?post=87016"}],"version-history":[{"count":0,"href":"https:\/\/linitiative.ca\/International\/wp-json\/wp\/v2\/posts\/87016\/revisions"}],"wp:attachment":[{"href":"https:\/\/linitiative.ca\/International\/wp-json\/wp\/v2\/media?parent=87016"}],"wp:term":[{"taxonomy":"category","embeddable":true,"href":"https:\/\/linitiative.ca\/International\/wp-json\/wp\/v2\/categories?post=87016"},{"taxonomy":"post_tag","embeddable":true,"href":"https:\/\/linitiative.ca\/International\/wp-json\/wp\/v2\/tags?post=87016"}],"curies":[{"name":"wp","href":"https:\/\/api.w.org\/{rel}","templated":true}]}}