{"id":87017,"date":"2020-05-28T11:10:42","date_gmt":"2020-05-28T15:10:42","guid":{"rendered":"https:\/\/linitiative.ca\/International\/les-exploitants-forestiers-demandent-une-baisse-des-taxes-dabattage\/"},"modified":"2020-05-28T11:10:42","modified_gmt":"2020-05-28T15:10:42","slug":"les-exploitants-forestiers-demandent-une-baisse-des-taxes-dabattage","status":"publish","type":"post","link":"https:\/\/linitiative.ca\/International\/les-exploitants-forestiers-demandent-une-baisse-des-taxes-dabattage\/","title":{"rendered":"Les exploitants forestiers demandent une baisse des taxes d\u2019abattage"},"content":{"rendered":"<div id=\"the-post\">\n<div class=\"featured-area featured-area-inner\"><img loading=\"lazy\" decoding=\"async\" width=\"730\" height=\"441\" src=\"https:\/\/ecomatin.net\/wp-content\/uploads\/2020\/05\/Exploitants-forestiers.jpg\" class=\"attachment-jannah-image-post size-jannah-image-post wp-post-image\" alt=\"\" srcset=\"https:\/\/ecomatin.net\/wp-content\/uploads\/2020\/05\/Exploitants-forestiers.jpg 730w, https:\/\/ecomatin.net\/wp-content\/uploads\/2020\/05\/Exploitants-forestiers-300x181.jpg 300w\" sizes=\"auto, (max-width: 730px) 100vw, 730px\" data-attachment-id=\"16205\" data-permalink=\"https:\/\/ecomatin.net\/les-exploitants-forestiers-demandent-une-baisse-des-taxes-dabattage\/exploitants-forestiers\/\" data-orig-file=\"https:\/\/ecomatin.net\/wp-content\/uploads\/2020\/05\/Exploitants-forestiers.jpg\" data-orig-size=\"730,441\" data-comments-opened=\"0\" data-image-meta=\"{&quot;aperture&quot;:&quot;0&quot;,&quot;credit&quot;:&quot;&quot;,&quot;camera&quot;:&quot;&quot;,&quot;caption&quot;:&quot;&quot;,&quot;created_timestamp&quot;:&quot;0&quot;,&quot;copyright&quot;:&quot;&quot;,&quot;focal_length&quot;:&quot;0&quot;,&quot;iso&quot;:&quot;0&quot;,&quot;shutter_speed&quot;:&quot;0&quot;,&quot;title&quot;:&quot;&quot;,&quot;orientation&quot;:&quot;0&quot;}\" data-image-title=\"Exploitants forestiers\" data-image-description=\"\" data-medium-file=\"https:\/\/ecomatin.net\/wp-content\/uploads\/2020\/05\/Exploitants-forestiers-300x181.jpg\" data-large-file=\"https:\/\/ecomatin.net\/wp-content\/uploads\/2020\/05\/Exploitants-forestiers.jpg\"\/><\/div>\n<div class=\"entry-content entry clearfix\" readability=\"44.856227106227\">\n<p>Ce 27 mai 2020, le ministre des For\u00eats et de la Faune, <strong>Jules Doret Ndongo<\/strong> recevait en audience le pr\u00e9sident du Groupement de la fili\u00e8re bois du Cameroun(Gfbc) <strong>Giorgio Giorgetti<\/strong>. Une audience qui a permis \u00e0 ce dernier d\u2019\u00e9grainer le chapelet des difficult\u00e9s que traversent les <strong>entreprises foresti\u00e8res<\/strong> \u00e0 cause de la pand\u00e9mie du coronavirus. Avec la r\u00e9cession qu\u2019a connue la Chine (grand consommateur de bois) en d\u00e9but d\u2019ann\u00e9e, la chute des prix sur le march\u00e9 international et l\u2019annulation de plusieurs contrats, les <strong>exportations de bois<\/strong> ont consid\u00e9rablement chut\u00e9.\u00a0 A cela s\u2019ajoutent des licenciements du personnel, conduisant \u00e0 une baisse consid\u00e9rable de l\u2019abattage des arbres. Un \u00e9tat de fait qui aura de lourdes cons\u00e9quences sur le paiement, par ces exploitants, de la redevance foresti\u00e8re annuelle. \u00ab\u00a0Avec le coronavirus, la situation du secteur forestier s\u2019est aggrav\u00e9e\u00a0\u00bb pr\u00e9cise la pr\u00e9sident du <strong>Gfbc<\/strong>.<\/p>\n<p class=\"has-background has-very-light-gray-background-color c2\"><strong>&gt;&gt;Lire aussi-<a href=\"https:\/\/ecomatin.net\/exploitation-illegale-du-bois-le-coup-depee-dans-leau-datanga-nji\/\">Exploitation ill\u00e9gale du bois: le coup d\u2019\u00e9p\u00e9e dans l\u2019eau d\u2019Atanga Nji<\/a><\/strong><\/p>\n<p>Pour garder la t\u00eate hors de l\u2019eau, les exploitants forestiers sollicitent un r\u00e9\u00e9chelonnement de ces paiements. Ils souhaitent par ailleurs une r\u00e9duction de 1,5% de la <strong>taxe d\u2019abattage<\/strong>. Soit 2,5% au lieu de 4% tel que pr\u00e9vu par la loi de finances 2020. Ils sollicitent \u00e9galement au titre des dol\u00e9ances, que l\u2019Etat baisse les droits de douane sur le bois transform\u00e9, de 10% tel que fix\u00e9 par la loi, \u00e0 5,65%.<\/p>\n<p>Des dol\u00e9ances toutes enregistr\u00e9es par le <strong>Minfof<\/strong> qui a promis de les transmettre \u00e0 qui de droit.<\/p>\n<p class=\"has-background has-very-light-gray-background-color c2\"><strong>&gt;&gt;Lire aussi-<\/strong> <strong><a href=\"https:\/\/ecomatin.net\/le-cameroun-fait-32-milliards-de-recettes-forestieres-au-cours-de-lexercice-2018\/\">Le Cameroun fait 32 milliards de recettes foresti\u00e8res au cours de l\u2019exercice 2018<\/a><\/strong><\/p>\n<div class=\"awac-wrapper awac widget posts-list-widget-13\">\n<h4 class=\"widget-title\">Recent Posts<\/h4>\n<\/div>\n<\/div>\n<\/div>\n<div readability=\"31.5\">\n<div class=\"container-wrapper subscribe-widget widget-inner-wrap subscribe-widget-content\" id=\"post-newsletter\" readability=\"33\">\n<h4>With Product You Purchase<\/h4>\n<h3>Subscribe to our mailing list to get the new updates!<\/h3>\n<p>Lorem ipsum dolor sit amet, consectetur.<\/p>\n<\/div>\n<\/div>\n<p>Auteur: EcoMatin<br \/>\n<a href=\"https:\/\/ecomatin.net\/les-exploitants-forestiers-demandent-une-baisse-des-taxes-dabattage\/\">Cliquez ici pour lire l&rsquo;article depuis sa source.<\/a><\/p>\n","protected":false},"excerpt":{"rendered":"<p>Ce 27 mai 2020, le ministre des For\u00eats et de la Faune, Jules Doret Ndongo recevait en audience le pr\u00e9sident du Groupement de la fili\u00e8re bois du Cameroun(Gfbc) Giorgio Giorgetti. Une audience qui a permis \u00e0 ce dernier d\u2019\u00e9grainer le chapelet des difficult\u00e9s que traversent les entreprises foresti\u00e8res \u00e0 cause de la pand\u00e9mie du coronavirus. [&hellip;]<\/p>\n","protected":false},"author":1969,"featured_media":87018,"comment_status":"closed","ping_status":"closed","sticky":false,"template":"","format":"standard","meta":{"fifu_image_url":"","fifu_image_alt":"","footnotes":""},"categories":[82,78],"tags":[],"class_list":["post-87017","post","type-post","status-publish","format-standard","has-post-thumbnail","hentry","category-cameroun","category-economie"],"_links":{"self":[{"href":"https:\/\/linitiative.ca\/International\/wp-json\/wp\/v2\/posts\/87017","targetHints":{"allow":["GET"]}}],"collection":[{"href":"https:\/\/linitiative.ca\/International\/wp-json\/wp\/v2\/posts"}],"about":[{"href":"https:\/\/linitiative.ca\/International\/wp-json\/wp\/v2\/types\/post"}],"author":[{"embeddable":true,"href":"https:\/\/linitiative.ca\/International\/wp-json\/wp\/v2\/users\/1969"}],"replies":[{"embeddable":true,"href":"https:\/\/linitiative.ca\/International\/wp-json\/wp\/v2\/comments?post=87017"}],"version-history":[{"count":0,"href":"https:\/\/linitiative.ca\/International\/wp-json\/wp\/v2\/posts\/87017\/revisions"}],"wp:featuredmedia":[{"embeddable":true,"href":"https:\/\/linitiative.ca\/International\/wp-json\/"}],"wp:attachment":[{"href":"https:\/\/linitiative.ca\/International\/wp-json\/wp\/v2\/media?parent=87017"}],"wp:term":[{"taxonomy":"category","embeddable":true,"href":"https:\/\/linitiative.ca\/International\/wp-json\/wp\/v2\/categories?post=87017"},{"taxonomy":"post_tag","embeddable":true,"href":"https:\/\/linitiative.ca\/International\/wp-json\/wp\/v2\/tags?post=87017"}],"curies":[{"name":"wp","href":"https:\/\/api.w.org\/{rel}","templated":true}]}}