{"id":87019,"date":"2020-05-28T12:03:26","date_gmt":"2020-05-28T16:03:26","guid":{"rendered":"https:\/\/linitiative.ca\/International\/la-coree-du-sud-va-offrir-du-materiel-medical-dune-valeur-de-180-millions-de-f-au-cameroun\/"},"modified":"2020-05-28T12:03:26","modified_gmt":"2020-05-28T16:03:26","slug":"la-coree-du-sud-va-offrir-du-materiel-medical-dune-valeur-de-180-millions-de-f-au-cameroun","status":"publish","type":"post","link":"https:\/\/linitiative.ca\/International\/la-coree-du-sud-va-offrir-du-materiel-medical-dune-valeur-de-180-millions-de-f-au-cameroun\/","title":{"rendered":"La Cor\u00e9e du Sud  va offrir du mat\u00e9riel m\u00e9dical  d\u2019une valeur de 180 millions de F au Cameroun"},"content":{"rendered":"<div id=\"the-post\">\n<div class=\"featured-area featured-area-inner\"><img loading=\"lazy\" decoding=\"async\" width=\"780\" height=\"470\" src=\"https:\/\/ecomatin.net\/wp-content\/uploads\/2020\/05\/star-building-boosting-the-customs-sector-discussed-780x470.jpg\" class=\"attachment-jannah-image-post size-jannah-image-post wp-post-image\" alt=\"\" data-attachment-id=\"16211\" data-permalink=\"https:\/\/ecomatin.net\/la-coree-du-sud-va-offrir-du-materiel-medical-dune-valeur-de-180-millions-de-f-au-cameroun\/star-building-boosting-the-customs-sector-discussed\/\" data-orig-file=\"https:\/\/ecomatin.net\/wp-content\/uploads\/2020\/05\/star-building-boosting-the-customs-sector-discussed.jpg\" data-orig-size=\"1000,662\" data-comments-opened=\"0\" data-image-meta=\"{&quot;aperture&quot;:&quot;0&quot;,&quot;credit&quot;:&quot;&quot;,&quot;camera&quot;:&quot;&quot;,&quot;caption&quot;:&quot;&quot;,&quot;created_timestamp&quot;:&quot;0&quot;,&quot;copyright&quot;:&quot;&quot;,&quot;focal_length&quot;:&quot;0&quot;,&quot;iso&quot;:&quot;0&quot;,&quot;shutter_speed&quot;:&quot;0&quot;,&quot;title&quot;:&quot;&quot;,&quot;orientation&quot;:&quot;0&quot;}\" data-image-title=\"star-building-boosting-the-customs-sector-discussed\" data-image-description=\"\" data-medium-file=\"https:\/\/ecomatin.net\/wp-content\/uploads\/2020\/05\/star-building-boosting-the-customs-sector-discussed-300x199.jpg\" data-large-file=\"https:\/\/ecomatin.net\/wp-content\/uploads\/2020\/05\/star-building-boosting-the-customs-sector-discussed.jpg\"\/><\/div>\n<div class=\"entry-content entry clearfix\" readability=\"41.145394006659\">\n<p>Le premier ministre <strong>Joseph Dion Ngute<\/strong> a re\u00e7u \u00e0 l\u2019immeuble \u00e9toile le 27 mai dernier, la diplomate cor\u00e9enne <strong>Bok- Ryeol Rhyou<\/strong>. Arriv\u00e9e en fin de s\u00e9jour, celle-ci est venue faire ses adieux au chef du gouvernement. Occasion pour les deux personnalit\u00e9s de revisiter la coop\u00e9ration bilat\u00e9rale entre les deux pays. Au sortir de cette audience, la diplomate qui avait pr\u00e9sent\u00e9 ses lettres de cr\u00e9ance au chef de l\u2019Etat le 05 juillet 2018, a r\u00e9v\u00e9l\u00e9 \u00e0 la presse que son pays a d\u00e9cid\u00e9 de faire un don de mat\u00e9riel m\u00e9dical d\u2019une valeur de 300\u00a0000 dollars, soit \u00e0 peu pr\u00e8s 180 millions de FCFA.<\/p>\n<p class=\"has-background has-very-light-gray-background-color c2\"><strong>&gt;&gt;Lire aussi-<a href=\"https:\/\/ecomatin.net\/lauf-finance-7-projets-camerounais-de-lutte-contre-le-coronavirus\/\">L\u2019AUF finance 7 projets camerounais de lutte contre le Coronavirus<\/a><\/strong><\/p>\n<p>Le geste de la <strong>r\u00e9publique de Cor\u00e9e<\/strong> intervient au moment o\u00f9 le pays entre dans une phase tr\u00e8s critique de la propagation de la pand\u00e9mie du <strong>coronavirus<\/strong>.\u00a0 Selon les derni\u00e8res donn\u00e9es, le pays enregistre 5\u00a0436 cas confirm\u00e9s soit 2\u00a0860 cas actifs, 1\u00a0997 gu\u00e9risons et 177 d\u00e9c\u00e8s.<\/p>\n<p>Suivant l\u2019\u00e9volution de la pand\u00e9mie en Afrique, l\u2019Organisation mondiale de la Sant\u00e9 classe le Cameroun \u00e0 la 7<sup>\u00e8me<\/sup>\u00a0place des cas confirm\u00e9s sur le continent, du c\u00f4t\u00e9 de l\u2019Afrique subsaharienne il occupe le 4<sup>\u00e8me<\/sup>\u00a0rang des cas confirm\u00e9s et le 6<sup>\u00e8me<\/sup>\u00a0concernant le nombre de d\u00e9c\u00e8s<\/p>\n<p class=\"has-background has-very-light-gray-background-color c2\"><strong>&gt;&gt;Lire aussi-<\/strong> <strong><a href=\"https:\/\/ecomatin.net\/le-taux-de-contamination-lie-au-coronavirus-en-evolution-rapide-au-cameroun\/\">Le taux de contamination li\u00e9 au Coronavirus en \u00e9volution rapide au Cameroun<\/a><\/strong><\/p>\n<div class=\"awac-wrapper awac widget posts-list-widget-13\">\n<h4 class=\"widget-title\">Recent Posts<\/h4>\n<\/div>\n<\/div>\n<\/div>\n<div readability=\"31.5\">\n<div class=\"container-wrapper subscribe-widget widget-inner-wrap subscribe-widget-content\" id=\"post-newsletter\" readability=\"33\">\n<h4>With Product You Purchase<\/h4>\n<h3>Subscribe to our mailing list to get the new updates!<\/h3>\n<p>Lorem ipsum dolor sit amet, consectetur.<\/p>\n<\/div>\n<\/div>\n<p>Auteur: EcoMatin<br \/>\n<a href=\"https:\/\/ecomatin.net\/la-coree-du-sud-va-offrir-du-materiel-medical-dune-valeur-de-180-millions-de-f-au-cameroun\/\">Cliquez ici pour lire l&rsquo;article depuis sa source.<\/a><\/p>\n","protected":false},"excerpt":{"rendered":"<p>Le premier ministre Joseph Dion Ngute a re\u00e7u \u00e0 l\u2019immeuble \u00e9toile le 27 mai dernier, la diplomate cor\u00e9enne Bok- Ryeol Rhyou. Arriv\u00e9e en fin de s\u00e9jour, celle-ci est venue faire ses adieux au chef du gouvernement. Occasion pour les deux personnalit\u00e9s de revisiter la coop\u00e9ration bilat\u00e9rale entre les deux pays. Au sortir de cette audience, [&hellip;]<\/p>\n","protected":false},"author":1969,"featured_media":87020,"comment_status":"closed","ping_status":"closed","sticky":false,"template":"","format":"standard","meta":{"fifu_image_url":"","fifu_image_alt":"","footnotes":""},"categories":[82,78],"tags":[],"class_list":["post-87019","post","type-post","status-publish","format-standard","has-post-thumbnail","hentry","category-cameroun","category-economie"],"_links":{"self":[{"href":"https:\/\/linitiative.ca\/International\/wp-json\/wp\/v2\/posts\/87019","targetHints":{"allow":["GET"]}}],"collection":[{"href":"https:\/\/linitiative.ca\/International\/wp-json\/wp\/v2\/posts"}],"about":[{"href":"https:\/\/linitiative.ca\/International\/wp-json\/wp\/v2\/types\/post"}],"author":[{"embeddable":true,"href":"https:\/\/linitiative.ca\/International\/wp-json\/wp\/v2\/users\/1969"}],"replies":[{"embeddable":true,"href":"https:\/\/linitiative.ca\/International\/wp-json\/wp\/v2\/comments?post=87019"}],"version-history":[{"count":0,"href":"https:\/\/linitiative.ca\/International\/wp-json\/wp\/v2\/posts\/87019\/revisions"}],"wp:featuredmedia":[{"embeddable":true,"href":"https:\/\/linitiative.ca\/International\/wp-json\/"}],"wp:attachment":[{"href":"https:\/\/linitiative.ca\/International\/wp-json\/wp\/v2\/media?parent=87019"}],"wp:term":[{"taxonomy":"category","embeddable":true,"href":"https:\/\/linitiative.ca\/International\/wp-json\/wp\/v2\/categories?post=87019"},{"taxonomy":"post_tag","embeddable":true,"href":"https:\/\/linitiative.ca\/International\/wp-json\/wp\/v2\/tags?post=87019"}],"curies":[{"name":"wp","href":"https:\/\/api.w.org\/{rel}","templated":true}]}}