{"id":87021,"date":"2020-05-28T14:37:31","date_gmt":"2020-05-28T18:37:31","guid":{"rendered":"https:\/\/linitiative.ca\/International\/un-cas-de-covid-19-a-ecomatin\/"},"modified":"2020-05-28T14:37:31","modified_gmt":"2020-05-28T18:37:31","slug":"un-cas-de-covid-19-a-ecomatin","status":"publish","type":"post","link":"https:\/\/linitiative.ca\/International\/un-cas-de-covid-19-a-ecomatin\/","title":{"rendered":"Un cas de Covid-19 \u00e0 EcoMatin"},"content":{"rendered":"<div id=\"the-post\">\n<div class=\"featured-area featured-area-inner\"><img loading=\"lazy\" decoding=\"async\" width=\"780\" height=\"470\" src=\"https:\/\/ecomatin.net\/wp-content\/uploads\/2020\/05\/IMG-20200528-WA0033-780x470.jpg\" class=\"attachment-jannah-image-post size-jannah-image-post wp-post-image\" alt=\"\" data-attachment-id=\"16218\" data-permalink=\"https:\/\/ecomatin.net\/un-cas-de-covid-19-a-ecomatin\/img-20200528-wa0033\/\" data-orig-file=\"https:\/\/ecomatin.net\/wp-content\/uploads\/2020\/05\/IMG-20200528-WA0033.jpg\" data-orig-size=\"810,1080\" data-comments-opened=\"0\" data-image-meta=\"{&quot;aperture&quot;:&quot;0&quot;,&quot;credit&quot;:&quot;&quot;,&quot;camera&quot;:&quot;&quot;,&quot;caption&quot;:&quot;&quot;,&quot;created_timestamp&quot;:&quot;0&quot;,&quot;copyright&quot;:&quot;&quot;,&quot;focal_length&quot;:&quot;0&quot;,&quot;iso&quot;:&quot;0&quot;,&quot;shutter_speed&quot;:&quot;0&quot;,&quot;title&quot;:&quot;&quot;,&quot;orientation&quot;:&quot;0&quot;}\" data-image-title=\"IMG-20200528-WA0033\" data-image-description=\"\" data-medium-file=\"https:\/\/ecomatin.net\/wp-content\/uploads\/2020\/05\/IMG-20200528-WA0033-225x300.jpg\" data-large-file=\"https:\/\/ecomatin.net\/wp-content\/uploads\/2020\/05\/IMG-20200528-WA0033-768x1024.jpg\"\/><\/div>\n<div class=\"entry-content entry clearfix\" readability=\"46.436403508772\">\n<p>Ce 28 mai 2020, le directeur de Publication de votre journal, EcoMatin, a \u00e9t\u00e9 diagnostiqu\u00e9 positif au coronavirus. Alert\u00e9 par la manifestation des sympt\u00f4mes de la maladie le 19 mai dernier, Emile Fidieck a subi le test y relatif le m\u00eame jour avant d\u2019entrer en auto-confinement. Une fois le r\u00e9sultat connu, le Directeur de publication de votre journal a \u00e9t\u00e9 pris en charge par les \u00e9quipes sp\u00e9cialis\u00e9es. Ce dernier a imm\u00e9diatement saisit les autorit\u00e9s sanitaires pour un d\u00e9pistage complet de tous le personnel de l\u2019entreprise ainsi que la d\u00e9sinfection totale si\u00e8ge.<\/p>\n<p>D\u2019apr\u00e8s le Directeur ex\u00e9cutif de l\u2019entreprise de presse, cette d\u00e9marche vise \u00e0 \u00ab\u00a0\u00e9valuer tr\u00e8s rapidement le niveau de propagation du virus dans l\u2019entreprise et de veiller en cas de d\u00e9tection d\u2019autres cas d\u2019infection, \u00e0 la prise en charge rapide et ad\u00e9quate de ces \u00e9ventuels cas\u00a0\u00bb. Par ailleurs, Serge d\u00e9sir\u00e9 Bontsebe annonce que la direction ex\u00e9cutive a pris des mesures visant \u00e0 r\u00e9duire tout risque de contamination au sein de l\u2019entreprise. Il s\u2019agit notamment du \u00ab\u00a0renforcement des mesures de t\u00e9l\u00e9travail instaur\u00e9 depuis le 23 mars 2020\u2026 un durcissement des mesures barri\u00e8res, l\u2019octroi a chaque personnel du si\u00e8ge d\u2019un kit de protection (masque facial et gel hydroalcoolique) et la r\u00e9duction de la production \u00e9ditoriale de l\u2019entreprise\u00a0\u00bb.<\/p>\n<p>Le directeur ex\u00e9cutif a \u00e9galement tenu \u00e0 rassurer les lecteurs et partenaire du journal Ecomatin \u00ab\u00a0pour la confiance qu\u2019ils lui renouvellent et pour tout le soutien qu\u2019ils lui apportent dans ce moment particulier\u00a0\u00bb. L\u2019entreprise s\u2019engage de ce fait \u00e0 \u00ab\u00a0communiquer \u00e0 l\u2019opinion nationale, toute nouvelle information pertinente en relation avec la gestion de cette crise en son sein\u00a0\u00bb peut-on lire sur le communiqu\u00e9.<\/p>\n<div class=\"awac-wrapper awac widget posts-list-widget-13\">\n<h4 class=\"widget-title\">Recent Posts<\/h4>\n<\/div>\n<\/div>\n<\/div>\n<div readability=\"31.5\">\n<div class=\"container-wrapper subscribe-widget widget-inner-wrap subscribe-widget-content\" id=\"post-newsletter\" readability=\"33\">\n<h4>With Product You Purchase<\/h4>\n<h3>Subscribe to our mailing list to get the new updates!<\/h3>\n<p>Lorem ipsum dolor sit amet, consectetur.<\/p>\n<\/div>\n<\/div>\n<p>Auteur: EcoMatin<br \/>\n<a href=\"https:\/\/ecomatin.net\/un-cas-de-covid-19-a-ecomatin\/\">Cliquez ici pour lire l&rsquo;article depuis sa source.<\/a><\/p>\n","protected":false},"excerpt":{"rendered":"<p>Ce 28 mai 2020, le directeur de Publication de votre journal, EcoMatin, a \u00e9t\u00e9 diagnostiqu\u00e9 positif au coronavirus. Alert\u00e9 par la manifestation des sympt\u00f4mes de la maladie le 19 mai dernier, Emile Fidieck a subi le test y relatif le m\u00eame jour avant d\u2019entrer en auto-confinement. Une fois le r\u00e9sultat connu, le Directeur de publication [&hellip;]<\/p>\n","protected":false},"author":1969,"featured_media":87022,"comment_status":"closed","ping_status":"closed","sticky":false,"template":"","format":"standard","meta":{"fifu_image_url":"","fifu_image_alt":"","footnotes":""},"categories":[82,78],"tags":[],"class_list":["post-87021","post","type-post","status-publish","format-standard","has-post-thumbnail","hentry","category-cameroun","category-economie"],"_links":{"self":[{"href":"https:\/\/linitiative.ca\/International\/wp-json\/wp\/v2\/posts\/87021","targetHints":{"allow":["GET"]}}],"collection":[{"href":"https:\/\/linitiative.ca\/International\/wp-json\/wp\/v2\/posts"}],"about":[{"href":"https:\/\/linitiative.ca\/International\/wp-json\/wp\/v2\/types\/post"}],"author":[{"embeddable":true,"href":"https:\/\/linitiative.ca\/International\/wp-json\/wp\/v2\/users\/1969"}],"replies":[{"embeddable":true,"href":"https:\/\/linitiative.ca\/International\/wp-json\/wp\/v2\/comments?post=87021"}],"version-history":[{"count":0,"href":"https:\/\/linitiative.ca\/International\/wp-json\/wp\/v2\/posts\/87021\/revisions"}],"wp:featuredmedia":[{"embeddable":true,"href":"https:\/\/linitiative.ca\/International\/wp-json\/"}],"wp:attachment":[{"href":"https:\/\/linitiative.ca\/International\/wp-json\/wp\/v2\/media?parent=87021"}],"wp:term":[{"taxonomy":"category","embeddable":true,"href":"https:\/\/linitiative.ca\/International\/wp-json\/wp\/v2\/categories?post=87021"},{"taxonomy":"post_tag","embeddable":true,"href":"https:\/\/linitiative.ca\/International\/wp-json\/wp\/v2\/tags?post=87021"}],"curies":[{"name":"wp","href":"https:\/\/api.w.org\/{rel}","templated":true}]}}