{"id":87026,"date":"2020-05-28T20:18:07","date_gmt":"2020-05-29T00:18:07","guid":{"rendered":"https:\/\/linitiative.ca\/International\/covid-19-le-maroc-sapproche-de-la-zone-de-succes\/"},"modified":"2020-05-28T20:18:07","modified_gmt":"2020-05-29T00:18:07","slug":"covid-19-le-maroc-sapproche-de-la-zone-de-succes","status":"publish","type":"post","link":"https:\/\/linitiative.ca\/International\/covid-19-le-maroc-sapproche-de-la-zone-de-succes\/","title":{"rendered":"Covid-19: Le Maroc s\u2019approche de la \u00ab\u00a0zone de succ\u00e8s)"},"content":{"rendered":"<div readability=\"32\">\n<p>Publi\u00e9 le 29.05.2020 \u00e0 01h18 par APA News<\/p>\n<\/div>\n<div readability=\"94\">\n<p>Le Maroc s\u2019approche de \u00ab la zone de succ\u00e8s \u00bb, qui comprend des pays ayant atteint le contr\u00f4le de l\u2019\u00e9pid\u00e9mie du coronavirus, rel\u00e8ve jeudi le haut-commissariat au plan (HCP), une institution publique charg\u00e9e de la statistique.<\/p>\n<p>\u00a0Dans une \u00e9tude intitul\u00e9e \u00ab Approche par un benchmark de la situation de la pand\u00e9mie Covid-19 au Maroc, un espoir r\u00e9el\u00a0d\u2019une\u00a0lev\u00e9e\u00a0ma\u00eetris\u00e9e\u00a0du confinement\u00ab , le HCP souligne que le Royaume serait dans le Groupe 3, soit le quadrant des pays relativement peu touch\u00e9s \u00e0 ce stade et qui sont en qu\u00eate de la ma\u00eetrise de la propagation, du fait que le nombre de reproduction (R0) serait en dessous de 1 et sa progression r\u00e9cente sur les 10 derniers jours de 1,4% et en baisse continue.<\/p>\n<p>La confirmation de la tendance \u00e0 la baisse de R0, permettra ainsi de s\u2019assurer que le d\u00e9confinement prochain d\u2019une partie de sa population, dict\u00e9 par des raisons \u00e9conomiques et sociales \u00e9videntes, ne fera pas d\u00e9vier le Maroc de la trajectoire qui devrait le conduire vers la configuration du groupe de succ\u00e8s compos\u00e9 des pays relativement peu atteints et qui sont en cours d\u2019\u00e9radication de la maladie, indique le HCP.<\/p>\n<p>Le HCP met en avant que le renforcement de la vigilance et l\u2019intensification des tests actuellement en cours laisse penser que le Maroc s\u2019achemine vers une logique de d\u00e9confinement sous contr\u00f4le.<\/p>\n<p>Cependant, le document fait ressortir que la courbe des cas quotidiens (au 22 mai) fait n\u00e9anmoins appara\u00eetre des soubresauts pr\u00e9occupants et la courbe des cas cumul\u00e9s est toujours \u00e0 la hausse avec quelques indices de d\u00e9but d\u2019aplatissement mais surtout n\u2019est plus dans une tendance exponentielle.<\/p>\n<p>La classification de l\u2019\u00e9tude fait appara\u00eetre quatre groupes, \u00e0 savoir un 1er groupe constitu\u00e9 des pays tr\u00e8s atteints par la pand\u00e9mie mais qui n\u2019ont pas pu, \u00e0 ce stade selon des degr\u00e9s divers, ma\u00eetriser son \u00e9volution, un 2\u00e8me groupe qui se r\u00e9f\u00e8re aux pays fortement touch\u00e9s mais qui ont r\u00e9ussi \u00e0 atteindre une assez bonne maitrise de la propagation de la maladie (Espagne, Italie, France, Allemagne), un 3\u00e8 groupe qui fait \u00e9tat des pays relativement peu touch\u00e9s mais n\u2019ayant pas encore atteint un contr\u00f4le total de la propagation et un dernier groupe compos\u00e9 des pays qui ont atteint le contr\u00f4le de l\u2019\u00e9pid\u00e9mie et o\u00f9 son impact relatif est limit\u00e9.<\/p>\n<p>L\u2019\u00e9tude a fait ressortir que l\u2019Afrique est relativement \u00e9pargn\u00e9e par la maladie puisqu\u2019elle enregistre \u00e0 ce stade environ 100.000 cas cumul\u00e9s (75 cas\/million d\u2019habitants) et 3.100 d\u00e9c\u00e8s (2,3 d\u00e9c\u00e8s\/million habitants), pr\u00e9cisant que le taux de propagation est sup\u00e9rieur \u00e0 1%.<\/p>\n<p>La plupart des pays Africains se retrouvent ainsi dans ce groupe 3 indiquant ainsi un impact limit\u00e9 du virus \u00e0 ce jour. M\u00eame les grands pays africains (Nigeria, Egypte, Afrique du Sud) sont pour la plupart relativement peu touch\u00e9s mais enregistrent g\u00e9n\u00e9ralement une progression moyenne assez \u00e9lev\u00e9e (au-del\u00e0 de 4%) ce qui indique, \u00e0 des degr\u00e9s divers, une faible ma\u00eetrise de l\u2019\u00e9volution de la maladie.<\/p>\n<\/div>\n<p>Auteur: APA News<br \/>\n<a href=\"https:\/\/www.journalducameroun.com\/covid-19-le-maroc-sapproche-de-la-zone-de-succes\/\">Cliquez ici pour lire l&rsquo;article depuis sa source.<\/a><\/p>\n","protected":false},"excerpt":{"rendered":"<p>Publi\u00e9 le 29.05.2020 \u00e0 01h18 par APA News Le Maroc s\u2019approche de \u00ab la zone de succ\u00e8s \u00bb, qui comprend des pays ayant atteint le contr\u00f4le de l\u2019\u00e9pid\u00e9mie du coronavirus, rel\u00e8ve jeudi le haut-commissariat au plan (HCP), une institution publique charg\u00e9e de la statistique. \u00a0Dans une \u00e9tude intitul\u00e9e \u00ab Approche par un benchmark de la [&hellip;]<\/p>\n","protected":false},"author":1965,"featured_media":0,"comment_status":"closed","ping_status":"closed","sticky":false,"template":"","format":"standard","meta":{"fifu_image_url":"","fifu_image_alt":"","footnotes":""},"categories":[73,82],"tags":[],"class_list":["post-87026","post","type-post","status-publish","format-standard","hentry","category-actualite","category-cameroun"],"_links":{"self":[{"href":"https:\/\/linitiative.ca\/International\/wp-json\/wp\/v2\/posts\/87026","targetHints":{"allow":["GET"]}}],"collection":[{"href":"https:\/\/linitiative.ca\/International\/wp-json\/wp\/v2\/posts"}],"about":[{"href":"https:\/\/linitiative.ca\/International\/wp-json\/wp\/v2\/types\/post"}],"author":[{"embeddable":true,"href":"https:\/\/linitiative.ca\/International\/wp-json\/wp\/v2\/users\/1965"}],"replies":[{"embeddable":true,"href":"https:\/\/linitiative.ca\/International\/wp-json\/wp\/v2\/comments?post=87026"}],"version-history":[{"count":0,"href":"https:\/\/linitiative.ca\/International\/wp-json\/wp\/v2\/posts\/87026\/revisions"}],"wp:attachment":[{"href":"https:\/\/linitiative.ca\/International\/wp-json\/wp\/v2\/media?parent=87026"}],"wp:term":[{"taxonomy":"category","embeddable":true,"href":"https:\/\/linitiative.ca\/International\/wp-json\/wp\/v2\/categories?post=87026"},{"taxonomy":"post_tag","embeddable":true,"href":"https:\/\/linitiative.ca\/International\/wp-json\/wp\/v2\/tags?post=87026"}],"curies":[{"name":"wp","href":"https:\/\/api.w.org\/{rel}","templated":true}]}}