{"id":87029,"date":"2020-05-28T16:00:12","date_gmt":"2020-05-28T20:00:12","guid":{"rendered":"https:\/\/linitiative.ca\/International\/le-taux-de-guerison-grimpe-a-907-a-marrakech-safi-drs\/"},"modified":"2020-05-28T16:00:12","modified_gmt":"2020-05-28T20:00:12","slug":"le-taux-de-guerison-grimpe-a-907-a-marrakech-safi-drs","status":"publish","type":"post","link":"https:\/\/linitiative.ca\/International\/le-taux-de-guerison-grimpe-a-907-a-marrakech-safi-drs\/","title":{"rendered":"Le taux de gu\u00e9rison grimpe \u00e0 90,7% \u00e0 Marrakech-Safi (DRS)"},"content":{"rendered":"<div readability=\"39\">\n<p>Marrakech \u2013 Le taux de gu\u00e9rison du Covid-19 dans la r\u00e9gion Marrakech-Safi s\u2019est inscrit en hausse pour atteindre 90,7%, jeudi \u00e0 18H00, avec 20 nouvelles r\u00e9missions enregistr\u00e9es durant les derni\u00e8res 24 heures, portant \u00e0 1.206 le nombre total des personnes d\u00e9clar\u00e9es d\u00e9finitivement r\u00e9tablies \u00e0 l\u2019\u00e9chelle de la r\u00e9gion depuis le d\u00e9clenchement de la pand\u00e9mie.<\/p>\n<\/div>\n<div readability=\"76\">\n<p>Ces nouveaux cas de gu\u00e9rison ont \u00e9t\u00e9 tous recens\u00e9s dans la pr\u00e9fecture de Marrakech, fait ressortir la Direction R\u00e9gionale de la Sant\u00e9 (DRS) dans son nouveau bilan.<\/p>\n<p>Ainsi, le total des cas gu\u00e9ris est ventil\u00e9 entre la pr\u00e9fecture de Marrakech (893) et les provinces de Rehamna (231), d\u2019Al Haouz (49), de Chichaoua (23), d\u2019El Kel\u00e2a des Sraghna (04), d\u2019Essaouira (04) et de Safi (02).<\/p>\n<p>La DRS fait \u00e9tat \u00e9galement d\u2019un seul nouveau cas d\u2019infection au Covid-19 d\u00e9tect\u00e9 en 24 heures, portant \u00e0 1.329 le nombre total des contaminations confirm\u00e9es dans la r\u00e9gion depuis l\u2019apparition de la pand\u00e9mie.<\/p>\n<p>Par ailleurs, 75 patients sont actuellement sous traitement, r\u00e9partis entre la pr\u00e9fecture de Marrakech (70) et les provinces de Safi (3 d\u00e9tect\u00e9s au niveau de la r\u00e9gion de Casablanca-Settat), d\u2019Al Haouz (01) et de Chichaoua (1), indique la m\u00eame source.<\/p>\n<p>Le nombre des cas exclus apr\u00e8s des r\u00e9sultats n\u00e9gatifs d\u2019analyses effectu\u00e9es au laboratoire a atteint 16.436, alors que celui des d\u00e9c\u00e8s s\u2019est stabilis\u00e9 \u00e0 51, indique la Direction r\u00e9gionale de la Sant\u00e9.<\/p>\n<p>Au niveau national, 42 nouveaux cas d\u2019infection au coronavirus ont \u00e9t\u00e9 confirm\u00e9s au cours des derni\u00e8res 24 heures, portant \u00e0 7.643 le nombre total des cas de contamination.<\/p>\n<p>Le nombre de personnes d\u00e9clar\u00e9es gu\u00e9ries s\u2019est \u00e9lev\u00e9, jusqu\u2019\u00e0 jeudi \u00e0 18H00, \u00e0 5.195, avec 217 nouvelles r\u00e9missions, soit un taux de gu\u00e9rison de 68%, selon les chiffres du minist\u00e8re de la Sant\u00e9.<\/p>\n<\/div>\n<p>Auteur: Meriem IGASS<br \/>\n<a href=\"http:\/\/www.mapmarrakech.ma\/fr\/le-taux-de-guerison-grimpe-a-907-a-marrakech-safi-drs\/\">Cliquez ici pour lire l&rsquo;article depuis sa source.<\/a><\/p>\n","protected":false},"excerpt":{"rendered":"<p>Marrakech \u2013 Le taux de gu\u00e9rison du Covid-19 dans la r\u00e9gion Marrakech-Safi s\u2019est inscrit en hausse pour atteindre 90,7%, jeudi \u00e0 18H00, avec 20 nouvelles r\u00e9missions enregistr\u00e9es durant les derni\u00e8res 24 heures, portant \u00e0 1.206 le nombre total des personnes d\u00e9clar\u00e9es d\u00e9finitivement r\u00e9tablies \u00e0 l\u2019\u00e9chelle de la r\u00e9gion depuis le d\u00e9clenchement de la pand\u00e9mie. Ces [&hellip;]<\/p>\n","protected":false},"author":1788,"featured_media":0,"comment_status":"closed","ping_status":"closed","sticky":false,"template":"","format":"standard","meta":{"fifu_image_url":"","fifu_image_alt":"","footnotes":""},"categories":[54,76],"tags":[],"class_list":["post-87029","post","type-post","status-publish","format-standard","hentry","category-maroc","category-regions"],"_links":{"self":[{"href":"https:\/\/linitiative.ca\/International\/wp-json\/wp\/v2\/posts\/87029","targetHints":{"allow":["GET"]}}],"collection":[{"href":"https:\/\/linitiative.ca\/International\/wp-json\/wp\/v2\/posts"}],"about":[{"href":"https:\/\/linitiative.ca\/International\/wp-json\/wp\/v2\/types\/post"}],"author":[{"embeddable":true,"href":"https:\/\/linitiative.ca\/International\/wp-json\/wp\/v2\/users\/1788"}],"replies":[{"embeddable":true,"href":"https:\/\/linitiative.ca\/International\/wp-json\/wp\/v2\/comments?post=87029"}],"version-history":[{"count":0,"href":"https:\/\/linitiative.ca\/International\/wp-json\/wp\/v2\/posts\/87029\/revisions"}],"wp:attachment":[{"href":"https:\/\/linitiative.ca\/International\/wp-json\/wp\/v2\/media?parent=87029"}],"wp:term":[{"taxonomy":"category","embeddable":true,"href":"https:\/\/linitiative.ca\/International\/wp-json\/wp\/v2\/categories?post=87029"},{"taxonomy":"post_tag","embeddable":true,"href":"https:\/\/linitiative.ca\/International\/wp-json\/wp\/v2\/tags?post=87029"}],"curies":[{"name":"wp","href":"https:\/\/api.w.org\/{rel}","templated":true}]}}