{"id":87034,"date":"2020-05-28T19:36:39","date_gmt":"2020-05-28T23:36:39","guid":{"rendered":"https:\/\/linitiative.ca\/International\/coronavirus-54-nouveaux-cas-7-697-au-total-vendredi-29-mai-a-10h\/"},"modified":"2020-05-28T19:36:39","modified_gmt":"2020-05-28T23:36:39","slug":"coronavirus-54-nouveaux-cas-7-697-au-total-vendredi-29-mai-a-10h","status":"publish","type":"post","link":"https:\/\/linitiative.ca\/International\/coronavirus-54-nouveaux-cas-7-697-au-total-vendredi-29-mai-a-10h\/","title":{"rendered":"Coronavirus : 54 nouveaux cas, 7.697 au total, vendredi 29 mai \u00e0 10h"},"content":{"rendered":"<p><strong>Cinquante-quatre nouveaux cas d\u2019infection au\u00a0<\/strong><a href=\"https:\/\/www.challenge.ma\/ce-que-vous-devez-savoir-sur-le-coronavirus-134568\/\"><strong>coronavirus (Covid-19)<\/strong><\/a><strong>\u00a0ont \u00e9t\u00e9 confirm\u00e9s au Maroc jusqu\u2019\u00e0 vendredi \u00e0 10h, portant \u00e0 7.697 le nombre total des cas de contamination, annonce le minist\u00e8re de la Sant\u00e9.<\/strong><\/p>\n<div class=\"c10\"\/>\n<p>Le nombre de cas gu\u00e9ris s\u2019\u00e9l\u00e8ve \u00e0 5.223 avec 28 nouvelles r\u00e9missions, alors que le nombre de d\u00e9c\u00e8s s\u2019\u00e9tablit \u00e0 202 cas, pr\u00e9cise le minist\u00e8re sur le portail \u00ab\u00a0www.covidmaroc.ma\u00a0\u00bb.<\/p>\n<p><strong>Lire aussi |<\/strong> <a rel=\"noreferrer noopener\" aria-label=\"Ce que vous devez savoir sur le coronavirus (s&#x2019;ouvre dans un nouvel onglet)\" href=\"https:\/\/www.challenge.ma\/ce-que-vous-devez-savoir-sur-le-coronavirus-134568\/\" target=\"_blank\"><strong>Ce que vous devez savoir sur le coronavirus<\/strong><\/a><\/p>\n<p>Par ailleurs, le nombre des cas exclus apr\u00e8s des r\u00e9sultats n\u00e9gatifs d\u2019analyses effectu\u00e9es au laboratoire s\u2019\u00e9l\u00e8ve \u00e0 178.169.<\/p>\n<div class=\"c17\">\n<fieldset class=\"c16\">\n<legend><strong><span class=\"c11\">Challenge<\/span><span class=\"c12\">news<\/span><\/strong><\/legend>\n<div class=\"c15\">Le meilleur de Challenge s\u00e9lectionn\u00e9 par la r\u00e9daction :<\/p>\n<\/div>\n<\/fieldset>\n<\/div>\n<p>Auteur: Hajar DARI<br \/>\n<a href=\"https:\/\/www.challenge.ma\/coronavirus-54-nouveaux-cas-7-697-au-total-vendredi-29-mai-a-10h-142179\/\">Cliquez ici pour lire l&rsquo;article depuis sa source.<\/a><\/p>\n","protected":false},"excerpt":{"rendered":"<p>Cinquante-quatre nouveaux cas d\u2019infection au\u00a0coronavirus (Covid-19)\u00a0ont \u00e9t\u00e9 confirm\u00e9s au Maroc jusqu\u2019\u00e0 vendredi \u00e0 10h, portant \u00e0 7.697 le nombre total des cas de contamination, annonce le minist\u00e8re de la Sant\u00e9. Le nombre de cas gu\u00e9ris s\u2019\u00e9l\u00e8ve \u00e0 5.223 avec 28 nouvelles r\u00e9missions, alors que le nombre de d\u00e9c\u00e8s s\u2019\u00e9tablit \u00e0 202 cas, pr\u00e9cise le minist\u00e8re [&hellip;]<\/p>\n","protected":false},"author":1787,"featured_media":0,"comment_status":"closed","ping_status":"closed","sticky":false,"template":"","format":"standard","meta":{"fifu_image_url":"","fifu_image_alt":"","footnotes":""},"categories":[78,54],"tags":[],"class_list":["post-87034","post","type-post","status-publish","format-standard","hentry","category-economie","category-maroc"],"_links":{"self":[{"href":"https:\/\/linitiative.ca\/International\/wp-json\/wp\/v2\/posts\/87034","targetHints":{"allow":["GET"]}}],"collection":[{"href":"https:\/\/linitiative.ca\/International\/wp-json\/wp\/v2\/posts"}],"about":[{"href":"https:\/\/linitiative.ca\/International\/wp-json\/wp\/v2\/types\/post"}],"author":[{"embeddable":true,"href":"https:\/\/linitiative.ca\/International\/wp-json\/wp\/v2\/users\/1787"}],"replies":[{"embeddable":true,"href":"https:\/\/linitiative.ca\/International\/wp-json\/wp\/v2\/comments?post=87034"}],"version-history":[{"count":0,"href":"https:\/\/linitiative.ca\/International\/wp-json\/wp\/v2\/posts\/87034\/revisions"}],"wp:attachment":[{"href":"https:\/\/linitiative.ca\/International\/wp-json\/wp\/v2\/media?parent=87034"}],"wp:term":[{"taxonomy":"category","embeddable":true,"href":"https:\/\/linitiative.ca\/International\/wp-json\/wp\/v2\/categories?post=87034"},{"taxonomy":"post_tag","embeddable":true,"href":"https:\/\/linitiative.ca\/International\/wp-json\/wp\/v2\/tags?post=87034"}],"curies":[{"name":"wp","href":"https:\/\/api.w.org\/{rel}","templated":true}]}}