{"id":87038,"date":"2020-05-28T18:40:32","date_gmt":"2020-05-28T22:40:32","guid":{"rendered":"https:\/\/linitiative.ca\/International\/promesse-de-roch-marc-christian-kabore-les-premiers-etudiants-recoivent-leurs-ordinateurs\/"},"modified":"2020-05-28T18:40:32","modified_gmt":"2020-05-28T22:40:32","slug":"promesse-de-roch-marc-christian-kabore-les-premiers-etudiants-recoivent-leurs-ordinateurs","status":"publish","type":"post","link":"https:\/\/linitiative.ca\/International\/promesse-de-roch-marc-christian-kabore-les-premiers-etudiants-recoivent-leurs-ordinateurs\/","title":{"rendered":"Promesse de Roch Marc Christian Kabor\u00e9 : Les premiers \u00e9tudiants re\u00e7oivent leurs ordinateurs"},"content":{"rendered":"<div class=\"td-post-featured-image\" readability=\"34\"><a href=\"https:\/\/www.sidwaya.info\/wp-content\/uploads\/2020\/05\/ordi.jpg\" data-caption=\"La ministre en charge de l&#x2019;&#xE9;conomie num&#xE9;rique, Hadja Fatimata Ouattara (gauche) a invit&#xE9; les &#xE9;tudiants &#xE0; en faire bon usage.\"><img loading=\"lazy\" decoding=\"async\" width=\"696\" height=\"464\" class=\"entry-thumb td-modal-image\" src=\"https:\/\/www.sidwaya.info\/wp-content\/uploads\/2020\/05\/ordi-696x464.jpg\" srcset=\"https:\/\/www.sidwaya.info\/wp-content\/uploads\/2020\/05\/ordi-696x464.jpg 696w, https:\/\/www.sidwaya.info\/wp-content\/uploads\/2020\/05\/ordi-300x200.jpg 300w, https:\/\/www.sidwaya.info\/wp-content\/uploads\/2020\/05\/ordi-768x512.jpg 768w, https:\/\/www.sidwaya.info\/wp-content\/uploads\/2020\/05\/ordi-630x420.jpg 630w, https:\/\/www.sidwaya.info\/wp-content\/uploads\/2020\/05\/ordi.jpg 787w\" sizes=\"auto, (max-width: 696px) 100vw, 696px\" alt=\"\" title=\"ordi\"\/><\/a>La ministre en charge de l\u2019\u00e9conomie num\u00e9rique, Hadja Fatimata Ouattara (gauche) a invit\u00e9 les \u00e9tudiants \u00e0 en faire bon usage.<\/div>\n<p><strong>Le minist\u00e8re de l\u2019Enseignement sup\u00e9rieur, de la Recherche scientifique et de l\u2019Innovation a organis\u00e9, le jeudi 28 mai 2020, \u00e0 Ouagadougou, une c\u00e9r\u00e9monie de remise officielle du premier ordinateur du programme pr\u00e9sidentiel \u00ab un \u00e9tudiant-un ordinateur \u00bb.<\/strong><\/p>\n<p>Environ 15 000 ordinateurs seront mis \u00e0 la disposition des \u00e9tudiants de niveau licence pour l\u2019ann\u00e9e 2020-2021. C\u2019est l\u2019information donn\u00e9e par le ministre de l\u2019Enseignement sup\u00e9rieur, de la Recherche scientifique et de l\u2019Innovation, Alkassoum Ma\u00efga, lors d\u2019une c\u00e9r\u00e9monie de remise officielle du premier ordinateur du programme pr\u00e9sidentiel \u00ab un \u00e9tudiant-un ordinateur \u00bb, organis\u00e9e par son d\u00e9partement, le jeudi 28 mai 2020 \u00e0 Ouagadougou. Ainsi, 14 ordinateurs ont \u00e9t\u00e9 remis \u00e0 des \u00e9tudiants, d\u00e9j\u00e0 inscrits audit programme.<\/p>\n<p>Pour le ministre Ma\u00efga, l\u2019objectif de ce plan est d\u2019am\u00e9liorer la qualit\u00e9 des enseignements et des apprentissages au pays des Hommes int\u00e8gres. Il a indiqu\u00e9 que son d\u00e9partement ne peut pas rester en marge de la r\u00e9volution du num\u00e9rique. \u00ab L\u2019acc\u00e8s \u00e0 un ordinateur et \u00e0 la connectivit\u00e9 facilite la recherche des connaissances. Il aide \u00e9galement l\u2019instruction \u00e0 distance \u00bb, a d\u00e9clar\u00e9 M. Ma\u00efga. Celui-ci a fait savoir que pour b\u00e9n\u00e9ficier de cette offre, il faut \u00eatre un \u00e9tudiant de niveau licence et \u00eatre visible sur la plateforme Campusfaso. Il a laiss\u00e9 entendre, qu\u2019un \u00e9tudiant n\u2019a droit qu\u2019\u00e0 un seul ordinateur.<\/p>\n<div class=\"td-a-rec td-a-rec-id-content_inline tdi_30_3bf td_block_template_1\"><img loading=\"lazy\" decoding=\"async\" class=\"aligncenter size-full wp-image-21314\" src=\"https:\/\/www.sidwaya.info\/wp-content\/uploads\/2020\/04\/Bandeau-Covid-19-Sidwaya-1.jpg\" alt=\"\" width=\"790\" height=\"98\"\/><\/div>\n<p><img loading=\"lazy\" decoding=\"async\" class=\"size-medium wp-image-22674\" src=\"https:\/\/www.sidwaya.info\/wp-content\/uploads\/2020\/05\/ordi2-300x225.jpg\" alt=\"\" width=\"300\" height=\"225\" srcset=\"https:\/\/www.sidwaya.info\/wp-content\/uploads\/2020\/05\/ordi2-300x225.jpg 300w, https:\/\/www.sidwaya.info\/wp-content\/uploads\/2020\/05\/ordi2-768x576.jpg 768w, https:\/\/www.sidwaya.info\/wp-content\/uploads\/2020\/05\/ordi2-696x522.jpg 696w, https:\/\/www.sidwaya.info\/wp-content\/uploads\/2020\/05\/ordi2-560x420.jpg 560w, https:\/\/www.sidwaya.info\/wp-content\/uploads\/2020\/05\/ordi2-80x60.jpg 80w, https:\/\/www.sidwaya.info\/wp-content\/uploads\/2020\/05\/ordi2-265x198.jpg 265w, https:\/\/www.sidwaya.info\/wp-content\/uploads\/2020\/05\/ordi2.jpg 787w\" sizes=\"auto, (max-width: 300px) 100vw, 300px\"\/>Le ministre en charge de l\u2019enseignement sup\u00e9rieur, Alkassoum Ma\u00efga :<br \/>\u00ab Un \u00e9tudiant a droit un seul ordinateur \u00bb.<\/p>\n<p>A l\u2019\u00e9couter, les universitaires du priv\u00e9 ne b\u00e9n\u00e9ficieront pas de ce programme. Car, a-t-il dit, ces derniers ne sont pas inscrits sur la plateforme. \u00ab Nous allons faire un recensement des \u00e9tudiants vuln\u00e9rables dans les universit\u00e9s priv\u00e9es. Et un millier d\u2019ordinateurs sera r\u00e9serv\u00e9 pour les universit\u00e9s priv\u00e9es \u00bb, a expliqu\u00e9 le patron de l\u2019Enseignement sup\u00e9rieur. Selon le pr\u00e9sident de l\u2019universit\u00e9 Joseph-Ki-Zerbo, Rabiou Ciss\u00e9, ce programme constitue un levier pour la formation des apprenants. De son avis, c\u2019est une initiative \u00e0 saluer. Il a invit\u00e9 les \u00e9tudiants \u00e0 faire bon usage des ordinateurs portables.<\/p>\n<h3>Une initiative salu\u00e9e par les \u00e9tudiants<\/h3>\n<p class=\"c1\">Le repr\u00e9sentant des \u00e9tudiants \u00e0 la c\u00e9r\u00e9monie, Antoine To\u00e9, a soulign\u00e9 que cette opportunit\u00e9 vient favoriser l\u2019acc\u00e8s aux cours en ligne, les recherches d\u2019informations. Il a, au nom de ses camarades, remerci\u00e9 le gouvernement pour son accompagnement. Selon Rahim Samdwidi, un des b\u00e9n\u00e9ficiaires d\u2019ordinateur portable, c\u2019est un plaisir de recevoir cet outil de travail. \u00ab Je remercie le Pr\u00e9sident du Faso pour avoir tenu sa promesse. Nous lui demandons de continuer dans cette lanc\u00e9e pour permettre \u00e0 tous les \u00e9tudiants du Burkina Faso d\u2019avoir un ordinateur. Cela nous permettra de r\u00e9duire les d\u00e9placements vers les cybers caf\u00e9 \u00bb, s\u2019est-il r\u00e9joui.<\/p>\n<p class=\"c2\"><strong>Aziz CONGO<\/strong><br \/>(Collaborateur)<\/p>\n<div class=\"td-a-rec td-a-rec-id-content_bottom tdi_31_c71 td_block_template_1\"><img loading=\"lazy\" decoding=\"async\" class=\"aligncenter size-full wp-image-22415\" src=\"https:\/\/www.sidwaya.info\/wp-content\/uploads\/2020\/05\/Bandeau-paiement-mobile-site.png\" alt=\"\" width=\"728\" height=\"90\"\/><\/div>\n<p>Auteur: JK. Sidwaya<br \/>\n<a href=\"https:\/\/www.sidwaya.info\/blog\/2020\/05\/28\/promesse-de-roch-marc-christian-kabore-les-premiers-etudiants-recoivent-leurs-ordinateurs\/\">Cliquez ici pour lire l&rsquo;article depuis sa source.<\/a><\/p>\n","protected":false},"excerpt":{"rendered":"<p>La ministre en charge de l\u2019\u00e9conomie num\u00e9rique, Hadja Fatimata Ouattara (gauche) a invit\u00e9 les \u00e9tudiants \u00e0 en faire bon usage. Le minist\u00e8re de l\u2019Enseignement sup\u00e9rieur, de la Recherche scientifique et de l\u2019Innovation a organis\u00e9, le jeudi 28 mai 2020, \u00e0 Ouagadougou, une c\u00e9r\u00e9monie de remise officielle du premier ordinateur du programme pr\u00e9sidentiel \u00ab un \u00e9tudiant-un [&hellip;]<\/p>\n","protected":false},"author":1816,"featured_media":87046,"comment_status":"closed","ping_status":"closed","sticky":false,"template":"","format":"standard","meta":{"fifu_image_url":"","fifu_image_alt":"","footnotes":""},"categories":[73,81],"tags":[],"class_list":["post-87038","post","type-post","status-publish","format-standard","has-post-thumbnail","hentry","category-actualite","category-burkina-faso"],"_links":{"self":[{"href":"https:\/\/linitiative.ca\/International\/wp-json\/wp\/v2\/posts\/87038","targetHints":{"allow":["GET"]}}],"collection":[{"href":"https:\/\/linitiative.ca\/International\/wp-json\/wp\/v2\/posts"}],"about":[{"href":"https:\/\/linitiative.ca\/International\/wp-json\/wp\/v2\/types\/post"}],"author":[{"embeddable":true,"href":"https:\/\/linitiative.ca\/International\/wp-json\/wp\/v2\/users\/1816"}],"replies":[{"embeddable":true,"href":"https:\/\/linitiative.ca\/International\/wp-json\/wp\/v2\/comments?post=87038"}],"version-history":[{"count":0,"href":"https:\/\/linitiative.ca\/International\/wp-json\/wp\/v2\/posts\/87038\/revisions"}],"wp:featuredmedia":[{"embeddable":true,"href":"https:\/\/linitiative.ca\/International\/wp-json\/"}],"wp:attachment":[{"href":"https:\/\/linitiative.ca\/International\/wp-json\/wp\/v2\/media?parent=87038"}],"wp:term":[{"taxonomy":"category","embeddable":true,"href":"https:\/\/linitiative.ca\/International\/wp-json\/wp\/v2\/categories?post=87038"},{"taxonomy":"post_tag","embeddable":true,"href":"https:\/\/linitiative.ca\/International\/wp-json\/wp\/v2\/tags?post=87038"}],"curies":[{"name":"wp","href":"https:\/\/api.w.org\/{rel}","templated":true}]}}