{"id":87048,"date":"2020-05-29T06:57:23","date_gmt":"2020-05-29T10:57:23","guid":{"rendered":"https:\/\/linitiative.ca\/International\/covid-19-deux-nouvelles-regions-depassent-la-barre-de-1-000-contaminations\/"},"modified":"2020-05-29T06:57:23","modified_gmt":"2020-05-29T10:57:23","slug":"covid-19-deux-nouvelles-regions-depassent-la-barre-de-1-000-contaminations","status":"publish","type":"post","link":"https:\/\/linitiative.ca\/International\/covid-19-deux-nouvelles-regions-depassent-la-barre-de-1-000-contaminations\/","title":{"rendered":"Covid-19 : deux nouvelles r\u00e9gions d\u00e9passent la barre de 1.000 contaminations"},"content":{"rendered":"<p>Apr\u00e8s Casablanca-Settat et Marrakech-Safi, deux autres r\u00e9gions viennent de d\u00e9passer, au cours des derniers jours, la sinistre barre de 1.000 cas de citoyens contamin\u00e9s par le Covid-19. Il s\u2019agit de Tanger-T\u00e9touan-El Hoceima qui a franchi ce cap en marge de l\u2019Aid Sghir que les marocains ont c\u00e9l\u00e9br\u00e9 les 24 et 25 mai ainsi que F\u00e8s-Meknes dont le milli\u00e8me cas de contamination a \u00e9t\u00e9 d\u00e9clar\u00e9 dans la nuit du 28 au 29 mai.\u00a0 Il faut dire que la r\u00e9gion pr\u00e9sid\u00e9e par Mohand Laenser avait connu une forte pouss\u00e9e de contamination au cours du mois d\u2019avril et plus particuli\u00e8rement entre le 11 et le 14 avril o\u00f9 114 nouveaux cas avaient \u00e9t\u00e9 recens\u00e9s suite \u00e0 la d\u00e9tection d\u2019un foyer d\u2019une cinquantaine d\u2019employ\u00e9s touch\u00e9s par le nouveau coronavirus au Carrefour Borj F\u00e8s. Un pic qui avait sem\u00e9 la panique aupr\u00e8s des citoyens de la capitale spirituelle surtout les visiteurs r\u00e9guliers de ce centre commercial.<\/p>\n<div class=\"c10\"\/>\n<p>Quant \u00e0 la r\u00e9gion Tanger-T\u00e9touan-El Hoceima et malgr\u00e9 une remarquable r\u00e9silience au d\u00e9but de la pand\u00e9mie, elle a rejoint rapidement le peloton de t\u00eate des r\u00e9gions les plus touch\u00e9es \u00e0 partir de la deuxi\u00e8me moiti\u00e9 du mois d\u2019avril \u00e0 cause de plusieurs foyers industriels et r\u00e9sidentiels d\u00e9tect\u00e9s coup par coup. Aujourd\u2019hui, le nombre de personnes ayant contract\u00e9 le Covid-19 dans les provinces du nord s\u2019\u00e9l\u00e8ve \u00e0 1.080.<\/p>\n<p><strong>Lire aussi |<a href=\"https:\/\/www.challenge.ma\/la-decision-prise-par-le-gouvernement-de-prolonger-le-confinement-est-celle-quil-fallait-prendre-141198\/\">Samir Machour : \u00ab je doute tr\u00e8s fort que l\u2019on puisse avoir un vaccin efficace dans les pharmacies d\u2019ici \u00e0 fin 2020 \u00bb<\/a><\/strong><\/p>\n<p>Rappelons que la r\u00e9gion de Casablanca-Settat et celle de Marrakech-Safi, les plus touch\u00e9es en absolu, avec respectivement 2.560 et 1.329 cas de contamination, soit \u00e0 elles seules, plus de la moiti\u00e9 des 7.697 cas que d\u00e9plore tout le pays \u00e0 la date du 29 mai 2020. Une palme que ces deux r\u00e9gions d\u00e9tiennent \u00e9galement en termes relatifs \u00e0 leurs populations respectives avec des pr\u00e9valences respectives de 3,4 cas et 2,8 cas par 10.000 habitants (voir tableau ci-apr\u00e8s). Il faut dire que sur ce registre, les r\u00e9gions qui affichent des taux plus \u00e9lev\u00e9s que la moyenne nationale de 2,1 cas par 10.000 habitants sont \u00e9galement les plus urbanis\u00e9es et qui affichent un taux de concentration \u00e9lev\u00e9 de leurs populations \u00e0 l\u2019exception de la r\u00e9gion de Draa-Tafilalt o\u00f9 des dizaines de contaminations avaient \u00e9t\u00e9 d\u00e9couvertes, il y a un peu plus d\u2019un mois, dans la prison du chef-lieu Ouarzazate.<\/p>\n<p><img decoding=\"async\" src=\"https:\/\/www.challenge.ma\/wp-content\/uploads\/2020\/05\/Capture-d\u2019e\u0301cran-2020-05-29-a\u0300-10.51.10-1024x665.png\" alt=\"\" class=\"wp-image-142198\" srcset=\"https:\/\/www.challenge.ma\/wp-content\/uploads\/2020\/05\/Capture-d&#x2019;e&#x301;cran-2020-05-29-a&#x300;-10.51.10-1024x665.png 1024w, https:\/\/www.challenge.ma\/wp-content\/uploads\/2020\/05\/Capture-d&#x2019;e&#x301;cran-2020-05-29-a&#x300;-10.51.10-300x195.png 300w, https:\/\/www.challenge.ma\/wp-content\/uploads\/2020\/05\/Capture-d&#x2019;e&#x301;cran-2020-05-29-a&#x300;-10.51.10-768x499.png 768w, https:\/\/www.challenge.ma\/wp-content\/uploads\/2020\/05\/Capture-d&#x2019;e&#x301;cran-2020-05-29-a&#x300;-10.51.10-360x234.png 360w, https:\/\/www.challenge.ma\/wp-content\/uploads\/2020\/05\/Capture-d&#x2019;e&#x301;cran-2020-05-29-a&#x300;-10.51.10-750x487.png 750w, https:\/\/www.challenge.ma\/wp-content\/uploads\/2020\/05\/Capture-d&#x2019;e&#x301;cran-2020-05-29-a&#x300;-10.51.10.png 1312w\" sizes=\"(max-width: 1024px) 100vw, 1024px\"\/>Maroc \u2013 Statistiques Covid19 au 29 mai 2020 \u00e0 10h<\/p>\n<div class=\"c17\">\n<fieldset class=\"c16\">\n<legend><strong><span class=\"c11\">Challenge<\/span><span class=\"c12\">news<\/span><\/strong><\/legend>\n<div class=\"c15\">Le meilleur de Challenge s\u00e9lectionn\u00e9 par la r\u00e9daction :<\/p>\n<\/div>\n<\/fieldset>\n<\/div>\n<p>Auteur: challenge<br \/>\n<a href=\"https:\/\/www.challenge.ma\/covid-19-deux-nouvelles-regions-depassent-la-barre-de-1-000-contaminations-142196\/\">Cliquez ici pour lire l&rsquo;article depuis sa source.<\/a><\/p>\n","protected":false},"excerpt":{"rendered":"<p>Apr\u00e8s Casablanca-Settat et Marrakech-Safi, deux autres r\u00e9gions viennent de d\u00e9passer, au cours des derniers jours, la sinistre barre de 1.000 cas de citoyens contamin\u00e9s par le Covid-19. Il s\u2019agit de Tanger-T\u00e9touan-El Hoceima qui a franchi ce cap en marge de l\u2019Aid Sghir que les marocains ont c\u00e9l\u00e9br\u00e9 les 24 et 25 mai ainsi que F\u00e8s-Meknes [&hellip;]<\/p>\n","protected":false},"author":1787,"featured_media":87055,"comment_status":"closed","ping_status":"closed","sticky":false,"template":"","format":"standard","meta":{"fifu_image_url":"","fifu_image_alt":"","footnotes":""},"categories":[78,54],"tags":[],"class_list":["post-87048","post","type-post","status-publish","format-standard","has-post-thumbnail","hentry","category-economie","category-maroc"],"_links":{"self":[{"href":"https:\/\/linitiative.ca\/International\/wp-json\/wp\/v2\/posts\/87048","targetHints":{"allow":["GET"]}}],"collection":[{"href":"https:\/\/linitiative.ca\/International\/wp-json\/wp\/v2\/posts"}],"about":[{"href":"https:\/\/linitiative.ca\/International\/wp-json\/wp\/v2\/types\/post"}],"author":[{"embeddable":true,"href":"https:\/\/linitiative.ca\/International\/wp-json\/wp\/v2\/users\/1787"}],"replies":[{"embeddable":true,"href":"https:\/\/linitiative.ca\/International\/wp-json\/wp\/v2\/comments?post=87048"}],"version-history":[{"count":0,"href":"https:\/\/linitiative.ca\/International\/wp-json\/wp\/v2\/posts\/87048\/revisions"}],"wp:featuredmedia":[{"embeddable":true,"href":"https:\/\/linitiative.ca\/International\/wp-json\/"}],"wp:attachment":[{"href":"https:\/\/linitiative.ca\/International\/wp-json\/wp\/v2\/media?parent=87048"}],"wp:term":[{"taxonomy":"category","embeddable":true,"href":"https:\/\/linitiative.ca\/International\/wp-json\/wp\/v2\/categories?post=87048"},{"taxonomy":"post_tag","embeddable":true,"href":"https:\/\/linitiative.ca\/International\/wp-json\/wp\/v2\/tags?post=87048"}],"curies":[{"name":"wp","href":"https:\/\/api.w.org\/{rel}","templated":true}]}}