{"id":87053,"date":"2020-05-29T06:43:59","date_gmt":"2020-05-29T10:43:59","guid":{"rendered":"https:\/\/linitiative.ca\/International\/deces-de-lancien-premier-ministre-abderrahmane-el-youssoufi-2\/"},"modified":"2020-05-29T06:43:59","modified_gmt":"2020-05-29T10:43:59","slug":"deces-de-lancien-premier-ministre-abderrahmane-el-youssoufi-2","status":"publish","type":"post","link":"https:\/\/linitiative.ca\/International\/deces-de-lancien-premier-ministre-abderrahmane-el-youssoufi-2\/","title":{"rendered":"D\u00e9c\u00e8s de l\u2019ancien Premier ministre, Abderrahmane El Youssoufi"},"content":{"rendered":"<div readability=\"37\">\n<p>L\u2019ancien Premier ministre, Abderrahmane El Youssoufi, est d\u00e9c\u00e9d\u00e9 dans la nuit de jeudi \u00e0 vendredi \u00e0 Casablanca, \u00e0 l\u2019\u00e2ge de 96 ans, a-t-on appris aupr\u00e8s de ses proches.<\/p>\n<\/div>\n<div readability=\"73\">\n<p class=\"c5\">Natif de Tanger le 8 mars 1924, feu Abderrahmane El Youssoufi avait rejoint les rangs du mouvement national alors qu\u2019il \u00e9tait encore \u00e9l\u00e8ve interne au Lyc\u00e9e Moulay Youssef de Rabat.<\/p>\n<p class=\"c5\">Le d\u00e9funt fut membre du secr\u00e9tariat g\u00e9n\u00e9ral de l\u2019Union nationale des forces populaires, qui va devenir en 1975 l\u2019Union socialiste des forces populaires (USFP), et r\u00e9dacteur en chef de son organe \u00ab\u00a0Attahrir\u00a0\u00bb entre 1959 et 1965.<\/p>\n<p class=\"c5\">Le 04 f\u00e9vrier 1998, Feu SM le Roi Hassan II l\u2019avait charg\u00e9 de former le gouvernement d\u2019alternance qu\u2019il pr\u00e9sentera au Souverain le 14 mars de la m\u00eame ann\u00e9e.<\/p>\n<p class=\"c5\">Apr\u00e8s la mort de feu SM le Roi Hassan II, SM le Roi Mohammed VI le maintient \u00e0 la t\u00eate du gouvernement en lui rendant un hommage remarquable.<\/p>\n<p class=\"c5\">Il est reconduit dans ses fonctions de Premier ministre dans le gouvernement form\u00e9 le 6 septembre 2000 et y restera jusqu\u2019au 9 octobre 2002.<\/p>\n<p class=\"c5\">En 2016, Sa Majest\u00e9 le Roi Mohammed VI avait inaugur\u00e9 \u00e0 Tanger une avenue portant le nom du d\u00e9funt, en hommage \u00e0 son patriotisme.<\/p>\n<p class=\"c5\">En 2019, le Souverain, Chef supr\u00eame et Chef d\u2019\u00c9tat-major g\u00e9n\u00e9ral des FAR, avait pr\u00e9sid\u00e9 \u00e0 T\u00e9touan la c\u00e9r\u00e9monie de prestation de serment de 1.839 officiers laur\u00e9ats des diff\u00e9rents instituts et \u00e9coles militaires et paramilitaires et officiers issus des rangs, dont 283 officiers femmes, et avait baptis\u00e9 cette promotion du nom de Aderrahmane El Youssoufi, en hommage \u00e0 ses principes immuables de patriotisme, d\u2019attachement aux symboles sacr\u00e9s de la Nation et \u00e0 l\u2019int\u00e9grit\u00e9 territoriale du Royaume.<\/p>\n<p class=\"c5\">L\u2019ancien Premier ministre, Abderrahmane El Youssoufi avait \u00e9t\u00e9 hospitalis\u00e9 dimanche dans la clinique Cheikh Khalifah \u00e0 Casablanca. Il avait \u00e9t\u00e9 admis en r\u00e9animation suite \u00e0 un probl\u00e8me de sant\u00e9.<\/p>\n<\/div>\n<p>Auteur: Meriem IGASS<br \/>\n<a href=\"http:\/\/www.mapmarrakech.ma\/fr\/deces-de-lancien-premier-ministre-abderrahmane-el-youssoufi\/\">Cliquez ici pour lire l&rsquo;article depuis sa source.<\/a><\/p>\n","protected":false},"excerpt":{"rendered":"<p>L\u2019ancien Premier ministre, Abderrahmane El Youssoufi, est d\u00e9c\u00e9d\u00e9 dans la nuit de jeudi \u00e0 vendredi \u00e0 Casablanca, \u00e0 l\u2019\u00e2ge de 96 ans, a-t-on appris aupr\u00e8s de ses proches. Natif de Tanger le 8 mars 1924, feu Abderrahmane El Youssoufi avait rejoint les rangs du mouvement national alors qu\u2019il \u00e9tait encore \u00e9l\u00e8ve interne au Lyc\u00e9e Moulay [&hellip;]<\/p>\n","protected":false},"author":1788,"featured_media":0,"comment_status":"closed","ping_status":"closed","sticky":false,"template":"","format":"standard","meta":{"fifu_image_url":"","fifu_image_alt":"","footnotes":""},"categories":[54,76],"tags":[],"class_list":["post-87053","post","type-post","status-publish","format-standard","hentry","category-maroc","category-regions"],"_links":{"self":[{"href":"https:\/\/linitiative.ca\/International\/wp-json\/wp\/v2\/posts\/87053","targetHints":{"allow":["GET"]}}],"collection":[{"href":"https:\/\/linitiative.ca\/International\/wp-json\/wp\/v2\/posts"}],"about":[{"href":"https:\/\/linitiative.ca\/International\/wp-json\/wp\/v2\/types\/post"}],"author":[{"embeddable":true,"href":"https:\/\/linitiative.ca\/International\/wp-json\/wp\/v2\/users\/1788"}],"replies":[{"embeddable":true,"href":"https:\/\/linitiative.ca\/International\/wp-json\/wp\/v2\/comments?post=87053"}],"version-history":[{"count":0,"href":"https:\/\/linitiative.ca\/International\/wp-json\/wp\/v2\/posts\/87053\/revisions"}],"wp:attachment":[{"href":"https:\/\/linitiative.ca\/International\/wp-json\/wp\/v2\/media?parent=87053"}],"wp:term":[{"taxonomy":"category","embeddable":true,"href":"https:\/\/linitiative.ca\/International\/wp-json\/wp\/v2\/categories?post=87053"},{"taxonomy":"post_tag","embeddable":true,"href":"https:\/\/linitiative.ca\/International\/wp-json\/wp\/v2\/tags?post=87053"}],"curies":[{"name":"wp","href":"https:\/\/api.w.org\/{rel}","templated":true}]}}