{"id":87054,"date":"2020-05-28T18:46:26","date_gmt":"2020-05-28T22:46:26","guid":{"rendered":"https:\/\/linitiative.ca\/International\/journee-internationale-des-casques-bleus-le-29-mai-hommage-au-caporal-abdoulaye-zerbo-lors-dune-ceremonie-a-lonu\/"},"modified":"2020-05-28T18:46:26","modified_gmt":"2020-05-28T22:46:26","slug":"journee-internationale-des-casques-bleus-le-29-mai-hommage-au-caporal-abdoulaye-zerbo-lors-dune-ceremonie-a-lonu","status":"publish","type":"post","link":"https:\/\/linitiative.ca\/International\/journee-internationale-des-casques-bleus-le-29-mai-hommage-au-caporal-abdoulaye-zerbo-lors-dune-ceremonie-a-lonu\/","title":{"rendered":"Journ\u00e9e internationale des Casques bleus le 29 mai : Hommage au caporal Abdoulaye Zerbo lors d\u2019une c\u00e9r\u00e9monie \u00e0 l\u2019ONU"},"content":{"rendered":"<div class=\"td-post-featured-image\"><a href=\"https:\/\/www.sidwaya.info\/wp-content\/uploads\/2020\/05\/guterres.jpg\" data-caption=\"\"><img loading=\"lazy\" decoding=\"async\" width=\"696\" height=\"403\" class=\"entry-thumb td-modal-image\" src=\"https:\/\/www.sidwaya.info\/wp-content\/uploads\/2020\/05\/guterres-696x403.jpg\" srcset=\"https:\/\/www.sidwaya.info\/wp-content\/uploads\/2020\/05\/guterres-696x403.jpg 696w, https:\/\/www.sidwaya.info\/wp-content\/uploads\/2020\/05\/guterres-300x174.jpg 300w, https:\/\/www.sidwaya.info\/wp-content\/uploads\/2020\/05\/guterres.jpg 700w\" sizes=\"auto, (max-width: 696px) 100vw, 696px\" alt=\"\" title=\"guterres\"\/><\/a><\/div>\n<p>Le Secr\u00e9taire g\u00e9n\u00e9ral de l\u2019ONU rendra hommage aux Casques bleus qui ont perdu la vie au service de la paix et d\u00e9cernera le prix du Militaire de l\u2019ann\u00e9e pour la d\u00e9fense de l\u2019\u00e9galit\u00e9 des genres<\/p>\n<p>La Journ\u00e9e internationale des Casques bleus de l\u2019ONU sera observ\u00e9e, le vendredi 29 mai 2020, au si\u00e8ge de l\u2019Organisation, \u00e0 New York. Le Secr\u00e9taire g\u00e9n\u00e9ral, Ant\u00f3nio Guterres, d\u00e9posera une gerbe en l\u2019honneur de tous les Casques bleus tomb\u00e9s sous le drapeau de l\u2019ONU depuis la premi\u00e8re mission de paix en 1948. Il pr\u00e9sidera \u00e9galement une c\u00e9r\u00e9monie de remise de la M\u00e9daille Dag Hammarskj\u00f6ld d\u00e9cern\u00e9e \u00e0 titre posthume aux 83 militaires, policiers et personnels civils qui ont perdu la vie en 2019.<\/p>\n<p>L\u2019un des militaires \u00e0 \u00eatre honor\u00e9 est du Burkina Faso : le Caporal Zerbo ABDOULAYE, qui servait au sein de la Mission multidimensionnelle int\u00e9gr\u00e9e des Nations Unies pour la stabilisation au Mali (MINUSMA).<\/p>\n<div class=\"td-a-rec td-a-rec-id-content_inline tdi_30_fbf td_block_template_1\"><img loading=\"lazy\" decoding=\"async\" class=\"aligncenter size-full wp-image-21314\" src=\"https:\/\/www.sidwaya.info\/wp-content\/uploads\/2020\/04\/Bandeau-Covid-19-Sidwaya-1.jpg\" alt=\"\" width=\"790\" height=\"98\"\/><\/div>\n<p>Le Secr\u00e9taire g\u00e9n\u00e9ral remettra par ailleurs le prix du \u00ab Militaire de l\u2019ann\u00e9e pour la d\u00e9fense de l\u2019\u00e9galit\u00e9 des genres \u00bb \u00e0 la Commandante Carla Monteiro de Castro Araujo, offici\u00e8re de la marine br\u00e9silienne travaillant \u00e0 la Mission multidimensionnelle int\u00e9gr\u00e9e des Nations Unies pour la stabilisation en R\u00e9publique centrafricaine (MINUSCA) et au Major Suman Gawani de l\u2019arm\u00e9e indienne, observatrice militaire de la Mission des Nations Unies au Soudan du Sud (MINUSS) lors d\u2019une c\u00e9r\u00e9monie en ligne.<\/p>\n<p>Cr\u00e9\u00e9 en 2016, le \u00ab Prix du Militaire de l\u2019ann\u00e9e pour la d\u00e9fense de l\u2019\u00e9galit\u00e9 des genres \u00bb d\u00e9cern\u00e9 par les Nations Unies reconna\u00eet le d\u00e9vouement et les efforts d\u2019un soldat de la paix dans la promotion des principes de la r\u00e9solution du Conseil de s\u00e9curit\u00e9 des Nations Unies 1325 sur les femmes, la paix et la s\u00e9curit\u00e9. Pour la premi\u00e8re fois, deux Casques bleus recevront conjointement le prix pour leur contribution \u00e0 cette cause importante.<\/p>\n<p>Dans un message vid\u00e9o \u00e0 l\u2019occasion de cette Journ\u00e9e, le Secr\u00e9taire g\u00e9n\u00e9ral a dit : \u00ab En cette journ\u00e9e, nous rendons hommage \u00e0 plus d\u2019un million de femmes et d\u2019hommes qui ont servi comme soldats de la paix des Nations Unies, et aux plus de 3 900 Casques bleus qui ont perdu la vie dans l\u2019exercice de leurs fonctions. Nous exprimons \u00e9galement notre gratitude aux 95 000 civils, policiers et militaires actuellement d\u00e9ploy\u00e9s dans le monde entier. Le d\u00e9fi auquel ils font face aujourd\u2019hui est l\u2019un des plus grands qu\u2019ils n\u2019aient jamais eu \u00e0 relever : s\u2019acquitter de leurs mandats en mati\u00e8re de paix et de s\u00e9curit\u00e9 tout en aidant les pays \u00e0 lutter contre la pand\u00e9mie de la COVID-19 \u00bb.<\/p>\n<p>Le Burkina Faso est le 15e pays contributeur de troupes et de policiers aux op\u00e9rations de maintien de la paix de l\u2019ONU. Plus de 1 450 soldats et policiers burkinab\u00e8 sont actuellement d\u00e9ploy\u00e9s dans les missions de l\u2019ONU \u00e0 Abyei, en R\u00e9publique Centrafricaine, en R\u00e9publique d\u00e9mocratique du Congo, au Liban, au Mali, au Sahara occidental, au Soudan et au Soudan du Sud.<\/p>\n<p>\u00ab Le th\u00e8me de la comm\u00e9moration retenu cette ann\u00e9e \u2013 Les femmes dans le maintien de la paix\u2013 souligne leur r\u00f4le central dans nos op\u00e9rations. Les femmes disposent souvent d\u2019un meilleur acc\u00e8s aux communaut\u00e9s que nous servons, ce qui nous permet d\u2019am\u00e9liorer la protection des civils, de promouvoir les droits humains et, de mani\u00e8re g\u00e9n\u00e9rale, de mieux remplir notre mission. Pourtant, les femmes ne repr\u00e9sentent toujours que 6 % du personnel en uniforme \u2013 militaires, policiers, personnel judiciaire et agents p\u00e9nitentiaires \u2013 des missions. Alors que nous c\u00e9l\u00e9brons le 20\u00e8me anniversaire de la r\u00e9solution 1325 du Conseil de s\u00e9curit\u00e9 sur \u00ab Les femmes, la paix et la s\u00e9curit\u00e9 \u00bb, nous devons faire davantage pour assurer une repr\u00e9sentation \u00e9gale des femmes dans tous les domaines de la paix et de la s\u00e9curit\u00e9 \u00bb, a-t-il ajout\u00e9.<\/p>\n<p>\u00ab Alors que nous faisons face au d\u00e9fi de la pand\u00e9mie de la COVID 19 et que les Casques bleus continuent de s\u2019acquitter de leur mandat, la participation pleine et \u00e9gale des femmes aux op\u00e9rations de paix et aux processus de paix et de d\u00e9cisions politiques est indispensable pour assurer la protection des civils et pour b\u00e2tir une paix durable \u00bb, a soulign\u00e9 Jean-Pierre Lacroix, Secr\u00e9taire g\u00e9n\u00e9ral adjoint aux op\u00e9rations de maintien de la paix.<\/p>\n<p>\u00ab La participation des femmes aux op\u00e9rations de paix rev\u00eat aujourd\u2019hui une importance particuli\u00e8re car les soldates de la paix sont en premi\u00e8re ligne pour aider \u00e0 combattre la COVID-19, et doivent jouer un r\u00f4le cl\u00e9 dans les initiatives de lutte contre la pand\u00e9mie au niveau international, national et local \u00bb, a-t-il ajout\u00e9.<\/p>\n<p>La Journ\u00e9e internationale des Casques bleus des Nations Unies a \u00e9t\u00e9 \u00e9tablie par l\u2019Assembl\u00e9e g\u00e9n\u00e9rale en 2002 pour rendre hommage \u00e0 tous les hommes et femmes servant dans les op\u00e9rations de maintien de la paix de l\u2019ONU et pour honorer la m\u00e9moire de ceux qui ont donn\u00e9 leur vie pour la cause de la paix. L\u2019Assembl\u00e9e g\u00e9n\u00e9rale a proclam\u00e9 le 29 mai Journ\u00e9e internationale des Casques bleus des Nations Unies, car c\u2019est \u00e0 cette date, en 1948, que la premi\u00e8re mission onusienne de maintien de la paix \u2013 l\u2019ONUST- a commenc\u00e9 ses op\u00e9rations en Palestine.<\/p>\n<p>* * * *<\/p>\n<p>Pour obtenir plus d\u2019informations, veuillez contacter M. Douglas Coffman, du D\u00e9partement de la communication globale-t\u00e9l.\/WhatsApp:\u00a0 +1\u00a0(917) 361-9923, courriel:\u00a0\u00a0coffmand@un.org; ou M. Aditya Mehta, du D\u00e9partement des op\u00e9rations de paix-t\u00e9l.\/ WhatsApp:\u00a0 +1 (917) 775-4249 courriel:\u00a0mehta2@un.org;<\/p>\n<p>Visitez le site d\u00e9di\u00e9 \u00e0 la c\u00e9l\u00e9bration de la Journ\u00e9e internationale des Casques bleus: https:\/\/www.un.org\/fr\/observances\/peacekeepers-day ou le site du D\u00e9partement des Op\u00e9rations de Paix\u00a0: https:\/\/peacekeeping.un.org\/fr<\/p>\n<p>Suivez la campagne #PKDay #womeninpeacekeeping sur Twitter, Facebook et Instagram.<\/p>\n<div class=\"td-a-rec td-a-rec-id-content_bottom tdi_31_188 td_block_template_1\"><img loading=\"lazy\" decoding=\"async\" class=\"aligncenter size-full wp-image-22415\" src=\"https:\/\/www.sidwaya.info\/wp-content\/uploads\/2020\/05\/Bandeau-paiement-mobile-site.png\" alt=\"\" width=\"728\" height=\"90\"\/><\/div>\n<p>Auteur: JK. Sidwaya<br \/>\n<a href=\"https:\/\/www.sidwaya.info\/blog\/2020\/05\/28\/journee-internationale-des-casques-bleus-le-29-mai-hommage-au-caporal-abdoulaye-zerbo-lors-dune-ceremonie-a-lonu\/\">Cliquez ici pour lire l&rsquo;article depuis sa source.<\/a><\/p>\n","protected":false},"excerpt":{"rendered":"<p>Le Secr\u00e9taire g\u00e9n\u00e9ral de l\u2019ONU rendra hommage aux Casques bleus qui ont perdu la vie au service de la paix et d\u00e9cernera le prix du Militaire de l\u2019ann\u00e9e pour la d\u00e9fense de l\u2019\u00e9galit\u00e9 des genres La Journ\u00e9e internationale des Casques bleus de l\u2019ONU sera observ\u00e9e, le vendredi 29 mai 2020, au si\u00e8ge de l\u2019Organisation, \u00e0 [&hellip;]<\/p>\n","protected":false},"author":1816,"featured_media":87063,"comment_status":"closed","ping_status":"closed","sticky":false,"template":"","format":"standard","meta":{"fifu_image_url":"","fifu_image_alt":"","footnotes":""},"categories":[73,81],"tags":[],"class_list":["post-87054","post","type-post","status-publish","format-standard","has-post-thumbnail","hentry","category-actualite","category-burkina-faso"],"_links":{"self":[{"href":"https:\/\/linitiative.ca\/International\/wp-json\/wp\/v2\/posts\/87054","targetHints":{"allow":["GET"]}}],"collection":[{"href":"https:\/\/linitiative.ca\/International\/wp-json\/wp\/v2\/posts"}],"about":[{"href":"https:\/\/linitiative.ca\/International\/wp-json\/wp\/v2\/types\/post"}],"author":[{"embeddable":true,"href":"https:\/\/linitiative.ca\/International\/wp-json\/wp\/v2\/users\/1816"}],"replies":[{"embeddable":true,"href":"https:\/\/linitiative.ca\/International\/wp-json\/wp\/v2\/comments?post=87054"}],"version-history":[{"count":0,"href":"https:\/\/linitiative.ca\/International\/wp-json\/wp\/v2\/posts\/87054\/revisions"}],"wp:featuredmedia":[{"embeddable":true,"href":"https:\/\/linitiative.ca\/International\/wp-json\/"}],"wp:attachment":[{"href":"https:\/\/linitiative.ca\/International\/wp-json\/wp\/v2\/media?parent=87054"}],"wp:term":[{"taxonomy":"category","embeddable":true,"href":"https:\/\/linitiative.ca\/International\/wp-json\/wp\/v2\/categories?post=87054"},{"taxonomy":"post_tag","embeddable":true,"href":"https:\/\/linitiative.ca\/International\/wp-json\/wp\/v2\/tags?post=87054"}],"curies":[{"name":"wp","href":"https:\/\/api.w.org\/{rel}","templated":true}]}}