{"id":87058,"date":"2020-05-29T07:27:53","date_gmt":"2020-05-29T11:27:53","guid":{"rendered":"https:\/\/linitiative.ca\/International\/divers-covid-19-maintien-du-confinement-partiel-jusquau-13-juin-levee-totale-pour-4-wilayas\/"},"modified":"2020-05-29T07:27:53","modified_gmt":"2020-05-29T11:27:53","slug":"divers-covid-19-maintien-du-confinement-partiel-jusquau-13-juin-levee-totale-pour-4-wilayas","status":"publish","type":"post","link":"https:\/\/linitiative.ca\/International\/divers-covid-19-maintien-du-confinement-partiel-jusquau-13-juin-levee-totale-pour-4-wilayas\/","title":{"rendered":"Divers : Covid-19: maintien du confinement partiel jusqu&rsquo;au 13 juin, lev\u00e9e totale pour 4 wilayas"},"content":{"rendered":"<div readability=\"32\">\n<p>Auteur : <span>APS<\/span> <span class=\"time\">jeudi 28 mai 2020 19:57<\/span><\/p>\n<\/div>\n<div id=\"post_core\" readability=\"66\">\n<p>Le gouvernement a d\u00e9cid\u00e9 de maintenir le confinement partiel \u00e0 domicile jusqu&rsquo;au 13 juin prochain dans la cadre des mesures de lutte contre la pand\u00e9mie de coronavirus (Covid-19) et de lever totalement ce confinement dans quatre wilayas, indique jeudi un communiqu\u00e9 des services du Premier ministre.\u00a0 Le Premier ministre, Abdelaziz Djerad, \u00ab\u00a0apr\u00e8s consultation du comit\u00e9 scientifique et de l\u2019autorit\u00e9 sanitaire sur l\u2019\u00e9volution de la situation \u00e9pid\u00e9miologique li\u00e9e au Coronavirus (Covid-19) et apr\u00e8s accord de Monsieur le Pr\u00e9sident de la R\u00e9publique\u00a0\u00bb, a d\u00e9cid\u00e9 de \u00ab\u00a0la lev\u00e9e totale du confinement pour les wilayas de Sa\u00efda, Tindouf, Illizi et Tamanrasset, pr\u00e9cise la m\u00eame source, ajoutant que cette d\u00e9cision est motiv\u00e9e par \u00ab\u00a0les r\u00e9sultats favorables enregistr\u00e9s\u00a0\u00bb.\u00a0 Par ailleurs, \u00ab\u00a0l&rsquo;application d&rsquo;un confinement partiel \u00e0 domicile, de 17 heures jusqu&rsquo;au lendemain \u00e0 7 heures du matin, applicable aux wilayas de Batna, B\u00e9jaia, Blida, Tlemcen, Tiaret, Tizi-Ouzou, Alger, S\u00e9tif, Sidi Bellabes, Constantine, Annaba, M\u00e9d\u00e9a, Oran, Bordj Bou Arreridj, Tipaza et Ain Defla et ce, pour une p\u00e9riode de quinze (15) jours, applicable \u00e0 compter du samedi 30 mai jusqu\u2019au samedi 13 Juin 2020\u00a0\u00bb, souligne la m\u00eame source. Il a \u00e9t\u00e9 \u00e9galement d\u00e9cid\u00e9 de \u00ab\u00a0la prorogation, pour le reste des wilayas, du confinement partiel \u00e0 domicile de 19h00 jusqu\u2019au lendemain \u00e0 7h00 du matin pour une p\u00e9riode de quinze (15) jours, applicable \u00e0 compter du samedi 30 mai.<\/p>\n<p><strong>Publi\u00e9 dans :<\/strong> <span>Covid-19<\/span><\/p>\n<\/div>\n<p>Auteur:<br \/>\n<a href=\"http:\/\/www.lebuteur.com\/article\/detail?titre=covid-19-maintien-du-confinement-partiel-jusquau-13-juin-levee-totale-pour-4-wilayas&#038;id=96087&#038;utm_source=feedburner&#038;utm_medium=feed&#038;utm_campaign=Feed%3A+GalerieFArtciles+%28Les+derniers+articles++-+lebuteur.com%29\">Cliquez ici pour lire l&rsquo;article depuis sa source.<\/a><\/p>\n","protected":false},"excerpt":{"rendered":"<p>Auteur : APS jeudi 28 mai 2020 19:57 Le gouvernement a d\u00e9cid\u00e9 de maintenir le confinement partiel \u00e0 domicile jusqu&rsquo;au 13 juin prochain dans la cadre des mesures de lutte contre la pand\u00e9mie de coronavirus (Covid-19) et de lever totalement ce confinement dans quatre wilayas, indique jeudi un communiqu\u00e9 des services du Premier ministre.\u00a0 Le [&hellip;]<\/p>\n","protected":false},"author":1738,"featured_media":87066,"comment_status":"closed","ping_status":"closed","sticky":false,"template":"","format":"standard","meta":{"fifu_image_url":"","fifu_image_alt":"","footnotes":""},"categories":[53,75],"tags":[],"class_list":["post-87058","post","type-post","status-publish","format-standard","has-post-thumbnail","hentry","category-algerie","category-sport"],"_links":{"self":[{"href":"https:\/\/linitiative.ca\/International\/wp-json\/wp\/v2\/posts\/87058","targetHints":{"allow":["GET"]}}],"collection":[{"href":"https:\/\/linitiative.ca\/International\/wp-json\/wp\/v2\/posts"}],"about":[{"href":"https:\/\/linitiative.ca\/International\/wp-json\/wp\/v2\/types\/post"}],"author":[{"embeddable":true,"href":"https:\/\/linitiative.ca\/International\/wp-json\/wp\/v2\/users\/1738"}],"replies":[{"embeddable":true,"href":"https:\/\/linitiative.ca\/International\/wp-json\/wp\/v2\/comments?post=87058"}],"version-history":[{"count":0,"href":"https:\/\/linitiative.ca\/International\/wp-json\/wp\/v2\/posts\/87058\/revisions"}],"wp:featuredmedia":[{"embeddable":true,"href":"https:\/\/linitiative.ca\/International\/wp-json\/"}],"wp:attachment":[{"href":"https:\/\/linitiative.ca\/International\/wp-json\/wp\/v2\/media?parent=87058"}],"wp:term":[{"taxonomy":"category","embeddable":true,"href":"https:\/\/linitiative.ca\/International\/wp-json\/wp\/v2\/categories?post=87058"},{"taxonomy":"post_tag","embeddable":true,"href":"https:\/\/linitiative.ca\/International\/wp-json\/wp\/v2\/tags?post=87058"}],"curies":[{"name":"wp","href":"https:\/\/api.w.org\/{rel}","templated":true}]}}