{"id":87059,"date":"2020-05-29T06:34:18","date_gmt":"2020-05-29T10:34:18","guid":{"rendered":"https:\/\/linitiative.ca\/International\/covid-19-le-cameroun-atteindra-8-millions-de-cas-positifs-selon-la-bmj-global-health\/"},"modified":"2020-05-29T06:34:18","modified_gmt":"2020-05-29T10:34:18","slug":"covid-19-le-cameroun-atteindra-8-millions-de-cas-positifs-selon-la-bmj-global-health","status":"publish","type":"post","link":"https:\/\/linitiative.ca\/International\/covid-19-le-cameroun-atteindra-8-millions-de-cas-positifs-selon-la-bmj-global-health\/","title":{"rendered":"Covid-19 : le Cameroun atteindra 8 millions de cas positifs selon la BMJ Global Health"},"content":{"rendered":"<div readability=\"32\">\n<p>Publi\u00e9 le 29.05.2020 \u00e0 11h34 par Christian Djimadeu<\/p>\n<\/div>\n<div readability=\"58\">\n<h2 class=\"c6\">La revue scientifique anglaise British Medical Journal\u00a0Global Health (BMJ Global Health) pr\u00e9dit un pic chaotique de contamination au Covid-19 dans le pays de Paul Biya. Ainsi qu\u2019un nombre important de d\u00e9c\u00e8s estim\u00e9 \u00e0 5074.<\/h2>\n<p class=\"c7\">Dans son \u00e9tude sur l\u2019avenir de pand\u00e9mie du <strong>Covid-19<\/strong> en Afrique, <strong>BMJ Global Health<\/strong> n\u2019est pas optimiste sur la gestion de pand\u00e9mie au Cameroun. Selon son \u00a0rapport de 13 pages publi\u00e9 ce mois de mai, le nombre total estim\u00e9 des infections se situe \u00e0 8 millions 640 mille 261.<\/p>\n<p class=\"c7\">Le nombre d\u2019infections b\u00e9nignes (pas tr\u00e8s graves) pourrait \u00eatre de 687 117, tandis que celles s\u00e9v\u00e8res seront de 4791 et les plus critiques 2990. Pour un total de d\u00e9c\u00e8s 5074 d\u00e9c\u00e8s.<\/p>\n<p class=\"c7\">Et sans mesures ad\u00e9quates pour contr\u00f4ler la propagation du virus, les estimations pr\u00e9sagent une explosion des cas de contamination au Cameroun comme dans plusieurs pays du continent \u00e0 moyen et long terme. \u00ab\u00a0<em>La pand\u00e9mie pourrait se propager plus lentement en Afrique, avec moins de cas graves et de d\u00e9c\u00e8s que dans d\u2019autres parties du monde, comme aux \u00c9tats-Unis et en Europe, mais elle devrait persister plus longtemps, voire plusieurs ann\u00e9es.<\/em>\u00a0\u00bb<\/p>\n<p class=\"c7\">L\u2019Afrique du Sud, l\u2019Alg\u00e9rie et le Nigeria sont particuli\u00e8rement mal c\u00f4t\u00e9s dans le rapport de \u00a0British Medical Journal\u00a0Global Health. Tandis que les pays peu peupl\u00e9s, comme le Niger, la Mauritanie et le Tchad, sont probablement moins vuln\u00e9rables.<\/p>\n<\/div>\n<p>Auteur: Christian DJIMADEU<br \/>\n<a href=\"https:\/\/www.journalducameroun.com\/covid-19-le-cameroun-atteindra-8-millions-de-cas-positifs-selon-la-bmj-global-health-cameroun\/\">Cliquez ici pour lire l&rsquo;article depuis sa source.<\/a><\/p>\n","protected":false},"excerpt":{"rendered":"<p>Publi\u00e9 le 29.05.2020 \u00e0 11h34 par Christian Djimadeu La revue scientifique anglaise British Medical Journal\u00a0Global Health (BMJ Global Health) pr\u00e9dit un pic chaotique de contamination au Covid-19 dans le pays de Paul Biya. Ainsi qu\u2019un nombre important de d\u00e9c\u00e8s estim\u00e9 \u00e0 5074. Dans son \u00e9tude sur l\u2019avenir de pand\u00e9mie du Covid-19 en Afrique, BMJ Global [&hellip;]<\/p>\n","protected":false},"author":1965,"featured_media":0,"comment_status":"closed","ping_status":"closed","sticky":false,"template":"","format":"standard","meta":{"fifu_image_url":"","fifu_image_alt":"","footnotes":""},"categories":[73,82],"tags":[],"class_list":["post-87059","post","type-post","status-publish","format-standard","hentry","category-actualite","category-cameroun"],"_links":{"self":[{"href":"https:\/\/linitiative.ca\/International\/wp-json\/wp\/v2\/posts\/87059","targetHints":{"allow":["GET"]}}],"collection":[{"href":"https:\/\/linitiative.ca\/International\/wp-json\/wp\/v2\/posts"}],"about":[{"href":"https:\/\/linitiative.ca\/International\/wp-json\/wp\/v2\/types\/post"}],"author":[{"embeddable":true,"href":"https:\/\/linitiative.ca\/International\/wp-json\/wp\/v2\/users\/1965"}],"replies":[{"embeddable":true,"href":"https:\/\/linitiative.ca\/International\/wp-json\/wp\/v2\/comments?post=87059"}],"version-history":[{"count":0,"href":"https:\/\/linitiative.ca\/International\/wp-json\/wp\/v2\/posts\/87059\/revisions"}],"wp:attachment":[{"href":"https:\/\/linitiative.ca\/International\/wp-json\/wp\/v2\/media?parent=87059"}],"wp:term":[{"taxonomy":"category","embeddable":true,"href":"https:\/\/linitiative.ca\/International\/wp-json\/wp\/v2\/categories?post=87059"},{"taxonomy":"post_tag","embeddable":true,"href":"https:\/\/linitiative.ca\/International\/wp-json\/wp\/v2\/tags?post=87059"}],"curies":[{"name":"wp","href":"https:\/\/api.w.org\/{rel}","templated":true}]}}