{"id":87060,"date":"2020-05-29T06:00:41","date_gmt":"2020-05-29T10:00:41","guid":{"rendered":"https:\/\/linitiative.ca\/International\/cinq-eminents-scientifiques-integrent-le-conseil-scientifique-de-liresen\/"},"modified":"2020-05-29T06:00:41","modified_gmt":"2020-05-29T10:00:41","slug":"cinq-eminents-scientifiques-integrent-le-conseil-scientifique-de-liresen","status":"publish","type":"post","link":"https:\/\/linitiative.ca\/International\/cinq-eminents-scientifiques-integrent-le-conseil-scientifique-de-liresen\/","title":{"rendered":"Cinq \u00e9minents scientifiques int\u00e8grent le conseil scientifique de l\u2019Iresen"},"content":{"rendered":"<header>\n<\/header>\n<div class=\"entry-content clearfix\" readability=\"51\"><img decoding=\"async\" class=\"post_layout_5_img\" src=\"http:\/\/aujourdhui.ma\/wp-content\/uploads\/2019\/11\/Badr-Ikken-DG-de-l-IRESEN.jpg\" alt=\"Cinq &#xE9;minents scientifiques int&#xE8;grent le conseil scientifique de l&#x2019;Iresen\"\/><\/p>\n<p><span class=\"c7\"><strong>Cinq \u00e9minents scientifiques viennent d\u2019int\u00e9grer le conseil scientifique de l\u2019Institut de recherche en \u00e9nergie solaire et \u00e9nergies nouvelles (IRESEN).<\/strong><\/span><\/p>\n<p><span id=\"more-346097\"\/><br \/>Ces nouveaux membres, nomin\u00e9s par le conseil d\u2019administration de l\u2019Institut, sont actifs dans les domaines prioritaires et viennent enrichir l\u2019\u00e9ventail d\u2019experts qui y si\u00e8gent d\u00e9j\u00e0, a indiqu\u00e9 l\u2019Iresen dans un communiqu\u00e9.<\/p>\n<p>Il s\u2019agit ainsi du Pr Abdelhakim Artiba, pr\u00e9sident de l\u2019Universit\u00e9 Polytechnique Hauts-de-France, docteur en automatique et informatique de l\u2019Universit\u00e9 de Valenciennes et Hainaut-Cambresis et sp\u00e9cialiste en g\u00e9nie industriel et gestion des syst\u00e8mes, et du Dr Florence Lambert, directrice du Laboratoire d\u2019innovation pour les technologies des \u00e9nergies nouvelles et les nanomat\u00e9riaux au Commissariat fran\u00e7ais \u00e0 l\u2019\u00e9nergie atomique (CEA-LITEN), docteur en \u00e9lectrochimie du CEA de Cadarache et sp\u00e9cialiste dans le domaine du stockage de l\u2019\u00e9lectricit\u00e9 et de l\u2019hydrog\u00e8ne, pr\u00e9cise le communiqu\u00e9.<\/p>\n<\/div>\n<p>Auteur: ALM<br \/>\n<a href=\"https:\/\/aujourdhui.ma\/economie\/cinq-eminents-scientifiques-integrent-le-conseil-scientifique-de-liresen\">Cliquez ici pour lire l&rsquo;article depuis sa source.<\/a><\/p>\n","protected":false},"excerpt":{"rendered":"<p>Cinq \u00e9minents scientifiques viennent d\u2019int\u00e9grer le conseil scientifique de l\u2019Institut de recherche en \u00e9nergie solaire et \u00e9nergies nouvelles (IRESEN). Ces nouveaux membres, nomin\u00e9s par le conseil d\u2019administration de l\u2019Institut, sont actifs dans les domaines prioritaires et viennent enrichir l\u2019\u00e9ventail d\u2019experts qui y si\u00e8gent d\u00e9j\u00e0, a indiqu\u00e9 l\u2019Iresen dans un communiqu\u00e9. Il s\u2019agit ainsi du Pr [&hellip;]<\/p>\n","protected":false},"author":1759,"featured_media":87067,"comment_status":"closed","ping_status":"closed","sticky":false,"template":"","format":"standard","meta":{"fifu_image_url":"","fifu_image_alt":"","footnotes":""},"categories":[73,54],"tags":[],"class_list":["post-87060","post","type-post","status-publish","format-standard","has-post-thumbnail","hentry","category-actualite","category-maroc"],"_links":{"self":[{"href":"https:\/\/linitiative.ca\/International\/wp-json\/wp\/v2\/posts\/87060","targetHints":{"allow":["GET"]}}],"collection":[{"href":"https:\/\/linitiative.ca\/International\/wp-json\/wp\/v2\/posts"}],"about":[{"href":"https:\/\/linitiative.ca\/International\/wp-json\/wp\/v2\/types\/post"}],"author":[{"embeddable":true,"href":"https:\/\/linitiative.ca\/International\/wp-json\/wp\/v2\/users\/1759"}],"replies":[{"embeddable":true,"href":"https:\/\/linitiative.ca\/International\/wp-json\/wp\/v2\/comments?post=87060"}],"version-history":[{"count":0,"href":"https:\/\/linitiative.ca\/International\/wp-json\/wp\/v2\/posts\/87060\/revisions"}],"wp:featuredmedia":[{"embeddable":true,"href":"https:\/\/linitiative.ca\/International\/wp-json\/"}],"wp:attachment":[{"href":"https:\/\/linitiative.ca\/International\/wp-json\/wp\/v2\/media?parent=87060"}],"wp:term":[{"taxonomy":"category","embeddable":true,"href":"https:\/\/linitiative.ca\/International\/wp-json\/wp\/v2\/categories?post=87060"},{"taxonomy":"post_tag","embeddable":true,"href":"https:\/\/linitiative.ca\/International\/wp-json\/wp\/v2\/tags?post=87060"}],"curies":[{"name":"wp","href":"https:\/\/api.w.org\/{rel}","templated":true}]}}