{"id":87062,"date":"2020-05-28T16:23:22","date_gmt":"2020-05-28T20:23:22","guid":{"rendered":"https:\/\/linitiative.ca\/International\/marjane-annule-les-loyers-pour-ses-partenaires-locataires\/"},"modified":"2020-05-28T16:23:22","modified_gmt":"2020-05-28T20:23:22","slug":"marjane-annule-les-loyers-pour-ses-partenaires-locataires","status":"publish","type":"post","link":"https:\/\/linitiative.ca\/International\/marjane-annule-les-loyers-pour-ses-partenaires-locataires\/","title":{"rendered":"Marjane annule les loyers pour ses partenaires locataires"},"content":{"rendered":"<div class=\"dnd-atom-wrapper type-image context-sdl_editor_representation\" contenteditable=\"false\">\n<div class=\"dnd-drop-wrapper\">\n<div class=\"image\"><img loading=\"lazy\" decoding=\"async\" typeof=\"foaf:Image\" class=\"img-responsive\" src=\"https:\/\/redac.leconomiste.com\/sites\/default\/files\/eco7\/public\/thumbnails\/image\/marjane_sponsorise_tt.jpg\" width=\"660\" height=\"330\" alt=\"marjane_sponsorise_tt.jpg\" title=\"marjane_sponsorise_tt.jpg\"\/><\/div>\n<\/div>\n<\/div>\n<p>Compte tenu des circonstances exceptionnelles impos\u00e9es par la pand\u00e9mie du Covid-19, notre pays se trouve en situation d\u2019\u00e9tat d\u2019urgence sanitaire depuis le 20 mars 2020.<\/p>\n<p>Cette mesure, rendue n\u00e9cessaire pour limiter la propagation de l\u2019\u00e9pid\u00e9mie, a eu pour effet l\u2019arr\u00eat de l\u2019activit\u00e9 de nombreux partenaires locataires d\u2018espaces commerciaux dans nos galeries, centres, et parcs d\u2019activit\u00e9.<\/p>\n<p>Acteur historique de l\u2019immobilier commercial au Maroc, Marjane est r\u00e9solu \u00e0 soutenir ses partenaires locataires pour faire face aux cons\u00e9quences \u00e9conomiques de cette crise.<\/p>\n<p>Marjane a ainsi d\u00e9cid\u00e9, par d\u00e9rogation aux dispositions contractuelles des baux commerciaux conclus avec ses locataires, d\u2019annuler le paiement des loyers dus pour les locataires dont le commerce a \u00e9t\u00e9 ferm\u00e9 (\u00e0 l\u2019exclusion des charges), pour la p\u00e9riode s\u2019\u00e9tendant du 20 Mars 2020 jusqu\u2019\u00e0 la date de r\u00e9ouverture des Centres Commerciaux, des Galeries et des PACs, et au plus tard jusqu\u2019au 10 juin 2020.<\/p>\n<p>Cette mesure exceptionnelle sera effective d\u00e8s la signature conjointe d\u2019un avenant au Contrat de Bail Commercial pr\u00e9cisant les modalit\u00e9s de mise en \u0153uvre avec chacun des locataires.<\/p>\n<p>Nous invitons l\u2019ensemble de nos partenaires locataires \u00e0 conjuguer leurs efforts dans la pr\u00e9paration de la reprise de leurs activit\u00e9s commerciales respectives et dans la relance de ce secteur important pour l\u2019\u00e9conomie nationale, tout en veillant \u00e0 l\u2019adoption des mesures de protection sanitaires de leurs \u00e9quipes et leurs clients<\/p>\n<p><strong><span>Publi-r\u00e9dactionnel<\/span><\/strong><\/p>\n<p>Auteur: mbasraoui<br \/>\n<a href=\"https:\/\/www.leconomiste.com\/article\/1062582-marjane-annule-les-loyers-pour-ses-partenaires-locataires\">Cliquez ici pour lire l&rsquo;article depuis sa source.<\/a><\/p>\n","protected":false},"excerpt":{"rendered":"<p>Compte tenu des circonstances exceptionnelles impos\u00e9es par la pand\u00e9mie du Covid-19, notre pays se trouve en situation d\u2019\u00e9tat d\u2019urgence sanitaire depuis le 20 mars 2020. Cette mesure, rendue n\u00e9cessaire pour limiter la propagation de l\u2019\u00e9pid\u00e9mie, a eu pour effet l\u2019arr\u00eat de l\u2019activit\u00e9 de nombreux partenaires locataires d\u2018espaces commerciaux dans nos galeries, centres, et parcs d\u2019activit\u00e9. [&hellip;]<\/p>\n","protected":false},"author":1763,"featured_media":87071,"comment_status":"closed","ping_status":"closed","sticky":false,"template":"","format":"standard","meta":{"fifu_image_url":"","fifu_image_alt":"","footnotes":""},"categories":[78,54],"tags":[],"class_list":["post-87062","post","type-post","status-publish","format-standard","has-post-thumbnail","hentry","category-economie","category-maroc"],"_links":{"self":[{"href":"https:\/\/linitiative.ca\/International\/wp-json\/wp\/v2\/posts\/87062","targetHints":{"allow":["GET"]}}],"collection":[{"href":"https:\/\/linitiative.ca\/International\/wp-json\/wp\/v2\/posts"}],"about":[{"href":"https:\/\/linitiative.ca\/International\/wp-json\/wp\/v2\/types\/post"}],"author":[{"embeddable":true,"href":"https:\/\/linitiative.ca\/International\/wp-json\/wp\/v2\/users\/1763"}],"replies":[{"embeddable":true,"href":"https:\/\/linitiative.ca\/International\/wp-json\/wp\/v2\/comments?post=87062"}],"version-history":[{"count":0,"href":"https:\/\/linitiative.ca\/International\/wp-json\/wp\/v2\/posts\/87062\/revisions"}],"wp:featuredmedia":[{"embeddable":true,"href":"https:\/\/linitiative.ca\/International\/wp-json\/"}],"wp:attachment":[{"href":"https:\/\/linitiative.ca\/International\/wp-json\/wp\/v2\/media?parent=87062"}],"wp:term":[{"taxonomy":"category","embeddable":true,"href":"https:\/\/linitiative.ca\/International\/wp-json\/wp\/v2\/categories?post=87062"},{"taxonomy":"post_tag","embeddable":true,"href":"https:\/\/linitiative.ca\/International\/wp-json\/wp\/v2\/tags?post=87062"}],"curies":[{"name":"wp","href":"https:\/\/api.w.org\/{rel}","templated":true}]}}