{"id":87072,"date":"2020-05-29T07:27:58","date_gmt":"2020-05-29T11:27:58","guid":{"rendered":"https:\/\/linitiative.ca\/International\/international-andy-delort-repond-a-jean-michel-aulas\/"},"modified":"2020-05-29T07:27:58","modified_gmt":"2020-05-29T11:27:58","slug":"international-andy-delort-repond-a-jean-michel-aulas","status":"publish","type":"post","link":"https:\/\/linitiative.ca\/International\/international-andy-delort-repond-a-jean-michel-aulas\/","title":{"rendered":"International : Andy Delort r\u00e9pond \u00e0 Jean-Michel Aulas"},"content":{"rendered":"<div readability=\"32\">\n<p>Auteur : <span class=\"time\">vendredi 29 mai 2020 11:01<\/span><\/p>\n<\/div>\n<div id=\"post_core\" readability=\"55\">\n<p>Depuis l&rsquo;arr\u00eat de la saison de Ligue 1 en raison de la pand\u00e9mie de coronavirus, plusieurs clubs se sentent l\u00e9s\u00e9s. C&rsquo;est le cas de l&rsquo;Olympique Lyonnais, qui en raison de sa septi\u00e8me place au classement, ne participera \u00e0 aucune coupe d&rsquo;Europe la saison prochaine, sauf en cas de victoire contre le PSG en finale de la Coupe de la Ligue. Le pr\u00e9sident de l&rsquo;OL, Jean-Michel Aulas, clame haut et fort, quasiment tous les jours et sur tous les supports possibles, sa volont\u00e9 de reprendre le championnat. Andy Delort a tenu \u00e0 lui r\u00e9pondre sur Twitter ce vendredi. L&rsquo;attaquant du MHSC, buteur \u00e0 neuf reprises cette saison en Ligue 1, a interpell\u00e9 directement le patron de l&rsquo;OL. Pour tenter de raisonner ce dernier, l&rsquo;international alg\u00e9rien a \u00e9voqu\u00e9 le cas de Junior Samba, qui a \u00e9t\u00e9 test\u00e9 positif au Covid-19 et plac\u00e9 sous assistance respiratoire fin avril. \u00ab Pr\u00e9sident, un de mes co\u00e9quipiers a \u00e9t\u00e9 touch\u00e9 gravement par ce virus. On a \u00e9t\u00e9 choqu\u00e9, on a eu peur pour lui, pour nos proches, pour nous. Les malades du Covid-19 sont dans nos h\u00f4pitaux, se battent pour vivre et on remercie jamais assez le personnel soignant \u00bb, a-t-il \u00e9crit comme rapport\u00e9 par Foot Mercato.<\/p>\n<p><strong>Publi\u00e9 dans :<\/strong> <span>Aulas<\/span> <span>Delort<\/span><\/p>\n<\/div>\n<p>Auteur:<br \/>\n<a href=\"http:\/\/www.lebuteur.com\/article\/detail?titre=andy-delort-repond-a-jean-michel-aulas&#038;id=96088&#038;utm_source=feedburner&#038;utm_medium=feed&#038;utm_campaign=Feed%3A+GalerieFArtciles+%28Les+derniers+articles++-+lebuteur.com%29\">Cliquez ici pour lire l&rsquo;article depuis sa source.<\/a><\/p>\n","protected":false},"excerpt":{"rendered":"<p>Auteur : vendredi 29 mai 2020 11:01 Depuis l&rsquo;arr\u00eat de la saison de Ligue 1 en raison de la pand\u00e9mie de coronavirus, plusieurs clubs se sentent l\u00e9s\u00e9s. C&rsquo;est le cas de l&rsquo;Olympique Lyonnais, qui en raison de sa septi\u00e8me place au classement, ne participera \u00e0 aucune coupe d&rsquo;Europe la saison prochaine, sauf en cas de [&hellip;]<\/p>\n","protected":false},"author":1738,"featured_media":87080,"comment_status":"closed","ping_status":"closed","sticky":false,"template":"","format":"standard","meta":{"fifu_image_url":"","fifu_image_alt":"","footnotes":""},"categories":[53,75],"tags":[],"class_list":["post-87072","post","type-post","status-publish","format-standard","has-post-thumbnail","hentry","category-algerie","category-sport"],"_links":{"self":[{"href":"https:\/\/linitiative.ca\/International\/wp-json\/wp\/v2\/posts\/87072","targetHints":{"allow":["GET"]}}],"collection":[{"href":"https:\/\/linitiative.ca\/International\/wp-json\/wp\/v2\/posts"}],"about":[{"href":"https:\/\/linitiative.ca\/International\/wp-json\/wp\/v2\/types\/post"}],"author":[{"embeddable":true,"href":"https:\/\/linitiative.ca\/International\/wp-json\/wp\/v2\/users\/1738"}],"replies":[{"embeddable":true,"href":"https:\/\/linitiative.ca\/International\/wp-json\/wp\/v2\/comments?post=87072"}],"version-history":[{"count":0,"href":"https:\/\/linitiative.ca\/International\/wp-json\/wp\/v2\/posts\/87072\/revisions"}],"wp:featuredmedia":[{"embeddable":true,"href":"https:\/\/linitiative.ca\/International\/wp-json\/"}],"wp:attachment":[{"href":"https:\/\/linitiative.ca\/International\/wp-json\/wp\/v2\/media?parent=87072"}],"wp:term":[{"taxonomy":"category","embeddable":true,"href":"https:\/\/linitiative.ca\/International\/wp-json\/wp\/v2\/categories?post=87072"},{"taxonomy":"post_tag","embeddable":true,"href":"https:\/\/linitiative.ca\/International\/wp-json\/wp\/v2\/tags?post=87072"}],"curies":[{"name":"wp","href":"https:\/\/api.w.org\/{rel}","templated":true}]}}