{"id":87075,"date":"2020-05-29T06:05:31","date_gmt":"2020-05-29T10:05:31","guid":{"rendered":"https:\/\/linitiative.ca\/International\/covid-19-maroc-depuis-hier-18hr-54-nouveaux-cas-28-nouvelles-guerisons-zero-deces\/"},"modified":"2020-05-29T06:05:31","modified_gmt":"2020-05-29T10:05:31","slug":"covid-19-maroc-depuis-hier-18hr-54-nouveaux-cas-28-nouvelles-guerisons-zero-deces","status":"publish","type":"post","link":"https:\/\/linitiative.ca\/International\/covid-19-maroc-depuis-hier-18hr-54-nouveaux-cas-28-nouvelles-guerisons-zero-deces\/","title":{"rendered":"Covid-19 \/ Maroc : Depuis hier 18hr 54 nouveaux cas 28 nouvelles gu\u00e9risons Z\u00e9ro D\u00c9C\u00c8S"},"content":{"rendered":"<div>\n<p>Depuis hier 18hr 54 nouveaux cas 28 nouvelles gu&eacute;risons Z&eacute;ro D&Eacute;C&Egrave;S<\/p>\n<p><a href=\"https:\/\/aujourdhui.ma\/wp-content\/uploads\/2020\/05\/bilan-coronavirus-Maroc-29052020-10h00.jpg\"><img loading=\"lazy\" decoding=\"async\" class=\"alignnone size-full wp-image-346110\" src=\"https:\/\/aujourdhui.ma\/wp-content\/uploads\/2020\/05\/bilan-coronavirus-Maroc-29052020-10h00.jpg\" alt=\"\" width=\"805\" height=\"778\" srcset=\"\/\/aujourdhui.ma\/wp-content\/uploads\/2020\/05\/bilan-coronavirus-Maroc-29052020-10h00.jpg 805w, \/\/aujourdhui.ma\/wp-content\/uploads\/2020\/05\/bilan-coronavirus-Maroc-29052020-10h00-300x290.jpg 300w, \/\/aujourdhui.ma\/wp-content\/uploads\/2020\/05\/bilan-coronavirus-Maroc-29052020-10h00-768x742.jpg 768w, \/\/aujourdhui.ma\/wp-content\/uploads\/2020\/05\/bilan-coronavirus-Maroc-29052020-10h00-36x36.jpg 36w\" sizes=\"auto, (max-width: 805px) 100vw, 805px\"><\/a> <a href=\"https:\/\/aujourdhui.ma\/wp-content\/uploads\/2020\/05\/bilan-coronavirus-Maroc-29052020-10h00-regions.jpg\"><img loading=\"lazy\" decoding=\"async\" class=\"alignnone size-full wp-image-346109\" src=\"https:\/\/aujourdhui.ma\/wp-content\/uploads\/2020\/05\/bilan-coronavirus-Maroc-29052020-10h00-regions.jpg\" alt=\"\" width=\"1134\" height=\"731\" srcset=\"\/\/aujourdhui.ma\/wp-content\/uploads\/2020\/05\/bilan-coronavirus-Maroc-29052020-10h00-regions.jpg 1134w, \/\/aujourdhui.ma\/wp-content\/uploads\/2020\/05\/bilan-coronavirus-Maroc-29052020-10h00-regions-300x193.jpg 300w, \/\/aujourdhui.ma\/wp-content\/uploads\/2020\/05\/bilan-coronavirus-Maroc-29052020-10h00-regions-1024x660.jpg 1024w, \/\/aujourdhui.ma\/wp-content\/uploads\/2020\/05\/bilan-coronavirus-Maroc-29052020-10h00-regions-768x495.jpg 768w, \/\/aujourdhui.ma\/wp-content\/uploads\/2020\/05\/bilan-coronavirus-Maroc-29052020-10h00-regions-179x116.jpg 179w, \/\/aujourdhui.ma\/wp-content\/uploads\/2020\/05\/bilan-coronavirus-Maroc-29052020-10h00-regions-367x237.jpg 367w\" sizes=\"auto, (max-width: 1134px) 100vw, 1134px\"><\/a><\/p>\n<\/div>\n<p>Auteur: ALM<br \/>\n<a href=\"https:\/\/aujourdhui.ma\/actualite\/covid-19-maroc-depuis-hier-18hr-54-nouveaux-cas-28-nouvelles-guerisons-zero-deces\">Cliquez ici pour lire l&rsquo;article depuis sa source.<\/a><\/p>\n","protected":false},"excerpt":{"rendered":"<p>Depuis hier 18hr 54 nouveaux cas 28 nouvelles gu&eacute;risons Z&eacute;ro D&Eacute;C&Egrave;S Auteur: ALM Cliquez ici pour lire l&rsquo;article depuis sa source.<\/p>\n","protected":false},"author":1759,"featured_media":87082,"comment_status":"closed","ping_status":"closed","sticky":false,"template":"","format":"standard","meta":{"fifu_image_url":"","fifu_image_alt":"","footnotes":""},"categories":[73,54],"tags":[],"class_list":["post-87075","post","type-post","status-publish","format-standard","has-post-thumbnail","hentry","category-actualite","category-maroc"],"_links":{"self":[{"href":"https:\/\/linitiative.ca\/International\/wp-json\/wp\/v2\/posts\/87075","targetHints":{"allow":["GET"]}}],"collection":[{"href":"https:\/\/linitiative.ca\/International\/wp-json\/wp\/v2\/posts"}],"about":[{"href":"https:\/\/linitiative.ca\/International\/wp-json\/wp\/v2\/types\/post"}],"author":[{"embeddable":true,"href":"https:\/\/linitiative.ca\/International\/wp-json\/wp\/v2\/users\/1759"}],"replies":[{"embeddable":true,"href":"https:\/\/linitiative.ca\/International\/wp-json\/wp\/v2\/comments?post=87075"}],"version-history":[{"count":0,"href":"https:\/\/linitiative.ca\/International\/wp-json\/wp\/v2\/posts\/87075\/revisions"}],"wp:featuredmedia":[{"embeddable":true,"href":"https:\/\/linitiative.ca\/International\/wp-json\/"}],"wp:attachment":[{"href":"https:\/\/linitiative.ca\/International\/wp-json\/wp\/v2\/media?parent=87075"}],"wp:term":[{"taxonomy":"category","embeddable":true,"href":"https:\/\/linitiative.ca\/International\/wp-json\/wp\/v2\/categories?post=87075"},{"taxonomy":"post_tag","embeddable":true,"href":"https:\/\/linitiative.ca\/International\/wp-json\/wp\/v2\/tags?post=87075"}],"curies":[{"name":"wp","href":"https:\/\/api.w.org\/{rel}","templated":true}]}}