{"id":87090,"date":"2020-05-29T06:30:19","date_gmt":"2020-05-29T10:30:19","guid":{"rendered":"https:\/\/linitiative.ca\/International\/coronavirus-54-nouveaux-cas-confirmes-au-maroc-7-697-au-total\/"},"modified":"2020-05-29T06:30:19","modified_gmt":"2020-05-29T10:30:19","slug":"coronavirus-54-nouveaux-cas-confirmes-au-maroc-7-697-au-total","status":"publish","type":"post","link":"https:\/\/linitiative.ca\/International\/coronavirus-54-nouveaux-cas-confirmes-au-maroc-7-697-au-total\/","title":{"rendered":"Coronavirus: 54 nouveaux cas confirm\u00e9s au Maroc, 7.697 au total"},"content":{"rendered":"<header>\n<\/header>\n<div class=\"entry-content clearfix\" readability=\"51\"><img decoding=\"async\" class=\"post_layout_5_img\" src=\"http:\/\/aujourdhui.ma\/wp-content\/uploads\/2020\/05\/Lho\u0302pital-Moulay-Abd-Allah-Sale\u0301-enregistre-la-re\u0301cupe\u0301ration-de-3-cas-de-coronavirus.jpg\" alt=\"Coronavirus: 54 nouveaux cas confirm&#xE9;s au Maroc, 7.697 au total\"\/><\/p>\n<p><span class=\"c7\"><strong>Cinquante-quatre d\u2019infection au nouveau coronavirus (Covid-19) ont \u00e9t\u00e9 confirm\u00e9s au Maroc jusqu\u2019\u00e0 vendredi \u00e0 10h00, portant \u00e0 7.697 le nombre total des cas de contamination, annonce le minist\u00e8re de la Sant\u00e9.<\/strong><\/span><span id=\"more-346116\"\/><\/p>\n<p>Le nombre de cas gu\u00e9ris s\u2019\u00e9l\u00e8ve \u00e0 5.223 avec 28 nouvelles r\u00e9missions, alors que le nombre de d\u00e9c\u00e8s s\u2019\u00e9tablit \u00e0 202 cas, pr\u00e9cise le minist\u00e8re sur le portail \u00ab\u00a0<span class=\"c8\"><strong>www.covidmaroc.ma<\/strong><\/span>\u00ab\u00a0.<\/p>\n<p>Par ailleurs, le nombre des cas exclus apr\u00e8s des r\u00e9sultats n\u00e9gatifs d\u2019analyses effectu\u00e9es au laboratoire s\u2019\u00e9l\u00e8ve \u00e0 178.169, selon la m\u00eame source.<\/p>\n<p>Le minist\u00e8re invite les citoyens \u00e0 respecter les r\u00e8gles d\u2019hygi\u00e8ne et de s\u00e9curit\u00e9 sanitaire, ainsi que les mesures pr\u00e9ventives prises par les autorit\u00e9s marocaines en faisant preuve de responsabilit\u00e9 et de patriotisme.<\/p>\n<p><a href=\"https:http:\/\/aujourdhui.ma\/wp-content\/uploads\/2020\/05\/bilan-coronavirus-Maroc-29052020-10h00.jpg\"><img loading=\"lazy\" decoding=\"async\" class=\"alignnone size-full wp-image-346110\" src=\"http:\/\/aujourdhui.ma\/wp-content\/uploads\/2020\/05\/bilan-coronavirus-Maroc-29052020-10h00.jpg\" alt=\"\" width=\"805\" height=\"778\" srcset=\"http:\/\/aujourdhui.ma\/wp-content\/uploads\/2020\/05\/bilan-coronavirus-Maroc-29052020-10h00.jpg 805w, \/\/aujourdhui.ma\/wp-content\/uploads\/2020\/05\/bilan-coronavirus-Maroc-29052020-10h00-300x290.jpg 300w, \/\/aujourdhui.ma\/wp-content\/uploads\/2020\/05\/bilan-coronavirus-Maroc-29052020-10h00-768x742.jpg 768w, \/\/aujourdhui.ma\/wp-content\/uploads\/2020\/05\/bilan-coronavirus-Maroc-29052020-10h00-36x36.jpg 36w\" sizes=\"auto, (max-width: 805px) 100vw, 805px\"\/><\/a> <a href=\"https:http:\/\/aujourdhui.ma\/wp-content\/uploads\/2020\/05\/bilan-coronavirus-Maroc-29052020-10h00-regions.jpg\"><img loading=\"lazy\" decoding=\"async\" class=\"alignnone size-full wp-image-346109\" src=\"http:\/\/aujourdhui.ma\/wp-content\/uploads\/2020\/05\/bilan-coronavirus-Maroc-29052020-10h00-regions.jpg\" alt=\"\" width=\"1134\" height=\"731\" srcset=\"http:\/\/aujourdhui.ma\/wp-content\/uploads\/2020\/05\/bilan-coronavirus-Maroc-29052020-10h00-regions.jpg 1134w, \/\/aujourdhui.ma\/wp-content\/uploads\/2020\/05\/bilan-coronavirus-Maroc-29052020-10h00-regions-300x193.jpg 300w, \/\/aujourdhui.ma\/wp-content\/uploads\/2020\/05\/bilan-coronavirus-Maroc-29052020-10h00-regions-1024x660.jpg 1024w, \/\/aujourdhui.ma\/wp-content\/uploads\/2020\/05\/bilan-coronavirus-Maroc-29052020-10h00-regions-768x495.jpg 768w, \/\/aujourdhui.ma\/wp-content\/uploads\/2020\/05\/bilan-coronavirus-Maroc-29052020-10h00-regions-179x116.jpg 179w, \/\/aujourdhui.ma\/wp-content\/uploads\/2020\/05\/bilan-coronavirus-Maroc-29052020-10h00-regions-367x237.jpg 367w\" sizes=\"auto, (max-width: 1134px) 100vw, 1134px\"\/><\/a><\/p>\n<\/div>\n<p>Auteur: ALM<br \/>\n<a href=\"https:\/\/aujourdhui.ma\/societe\/coronavirus-54-nouveaux-cas-confirmes-au-maroc-7-697-au-total\">Cliquez ici pour lire l&rsquo;article depuis sa source.<\/a><\/p>\n","protected":false},"excerpt":{"rendered":"<p>Cinquante-quatre d\u2019infection au nouveau coronavirus (Covid-19) ont \u00e9t\u00e9 confirm\u00e9s au Maroc jusqu\u2019\u00e0 vendredi \u00e0 10h00, portant \u00e0 7.697 le nombre total des cas de contamination, annonce le minist\u00e8re de la Sant\u00e9. Le nombre de cas gu\u00e9ris s\u2019\u00e9l\u00e8ve \u00e0 5.223 avec 28 nouvelles r\u00e9missions, alors que le nombre de d\u00e9c\u00e8s s\u2019\u00e9tablit \u00e0 202 cas, pr\u00e9cise le [&hellip;]<\/p>\n","protected":false},"author":1759,"featured_media":87094,"comment_status":"closed","ping_status":"closed","sticky":false,"template":"","format":"standard","meta":{"fifu_image_url":"","fifu_image_alt":"","footnotes":""},"categories":[73,54],"tags":[],"class_list":["post-87090","post","type-post","status-publish","format-standard","has-post-thumbnail","hentry","category-actualite","category-maroc"],"_links":{"self":[{"href":"https:\/\/linitiative.ca\/International\/wp-json\/wp\/v2\/posts\/87090","targetHints":{"allow":["GET"]}}],"collection":[{"href":"https:\/\/linitiative.ca\/International\/wp-json\/wp\/v2\/posts"}],"about":[{"href":"https:\/\/linitiative.ca\/International\/wp-json\/wp\/v2\/types\/post"}],"author":[{"embeddable":true,"href":"https:\/\/linitiative.ca\/International\/wp-json\/wp\/v2\/users\/1759"}],"replies":[{"embeddable":true,"href":"https:\/\/linitiative.ca\/International\/wp-json\/wp\/v2\/comments?post=87090"}],"version-history":[{"count":0,"href":"https:\/\/linitiative.ca\/International\/wp-json\/wp\/v2\/posts\/87090\/revisions"}],"wp:featuredmedia":[{"embeddable":true,"href":"https:\/\/linitiative.ca\/International\/wp-json\/"}],"wp:attachment":[{"href":"https:\/\/linitiative.ca\/International\/wp-json\/wp\/v2\/media?parent=87090"}],"wp:term":[{"taxonomy":"category","embeddable":true,"href":"https:\/\/linitiative.ca\/International\/wp-json\/wp\/v2\/categories?post=87090"},{"taxonomy":"post_tag","embeddable":true,"href":"https:\/\/linitiative.ca\/International\/wp-json\/wp\/v2\/tags?post=87090"}],"curies":[{"name":"wp","href":"https:\/\/api.w.org\/{rel}","templated":true}]}}