{"id":87101,"date":"2020-05-29T09:36:00","date_gmt":"2020-05-29T13:36:00","guid":{"rendered":"https:\/\/linitiative.ca\/International\/deces-de-abderrahmane-el-youssoufi-une-icone-politique-nous-quitte\/"},"modified":"2020-05-29T09:36:00","modified_gmt":"2020-05-29T13:36:00","slug":"deces-de-abderrahmane-el-youssoufi-une-icone-politique-nous-quitte","status":"publish","type":"post","link":"https:\/\/linitiative.ca\/International\/deces-de-abderrahmane-el-youssoufi-une-icone-politique-nous-quitte\/","title":{"rendered":"D\u00e9c\u00e8s de Abderrahmane El Youssoufi : une ic\u00f4ne politique nous quitte"},"content":{"rendered":"<p><img decoding=\"async\" class=\"post_layout_5_img\" src=\"http:\/\/aujourdhui.ma\/wp-content\/uploads\/2020\/05\/Abderrahmane-El-Youssoufi-1.jpg\" alt=\"D&#xE9;c&#xE8;s de Abderrahmane El Youssoufi : une ic&#xF4;ne politique nous quitte\"\/><\/p>\n<p><span class=\"c7\"><strong>Le Maroc est en deuil. Le pays vient de perdre un symbole de toute une \u00e9poque. L\u2019ancien Premier ministre, Abderrahmane El Youssoufi, est d\u00e9c\u00e9d\u00e9 dans la nuit de jeudi \u00e0 vendredi \u00e0 Casablanca, \u00e0 l\u2019\u00e2ge de 96 ans.<\/strong><\/span><\/p>\n<p>L\u2019homme politique a su traverser les \u00e9tapes successives dans le milieu politique tout en restant fid\u00e8le \u00e0 ses principes et son combat. Tr\u00e8s t\u00f4t, ce natif de Tanger un 8 mars 1924, rejoint les rangs du mouvement national, alors qu\u2019il \u00e9tait encore \u00e9l\u00e8ve interne au Lyc\u00e9e Moulay Youssef de Rabat. Le d\u00e9funt fut membre du secr\u00e9tariat g\u00e9n\u00e9ral de l\u2019Union nationale des forces populaires, qui va devenir en 1975 l\u2019Union socialiste des forces populaires (USFP), et r\u00e9dacteur en chef de son organe \u00ab\u00a0Attahrir\u00a0\u00bb entre 1959 et 1965. L\u2019homme politique rentre d\u00e9finitivement dans l\u2019histoire du pays en \u00e9tant charg\u00e9 le 04 f\u00e9vrier 1998, par Feu SM le Roi Hassan II, de former le gouvernement d\u2019alternance qu\u2019il pr\u00e9sentera au Souverain le 14 mars de la m\u00eame ann\u00e9e.<\/p>\n<p>Apr\u00e8s la mort de feu SM le Roi Hassan II, SM le Roi Mohammed VI le maintient \u00e0 la t\u00eate du gouvernement en lui rendant un hommage remarquable.<br \/>Il a \u00e9t\u00e9 reconduit dans ses fonctions de Premier ministre dans le gouvernement form\u00e9 le 6 septembre 2000 et y restera jusqu\u2019au 9 octobre 2002. Le gouvernement d\u2019alternance qu\u2019il a conduit \u00e0 une \u00e9tape charni\u00e8re de l\u2019histoire du pays, restera dans les annales comme \u00e9tant un gouvernement qui a lanc\u00e9 de nombreux projets et initiatives politiques et \u00e9conomiques, destin\u00e9s \u00e0 r\u00e9concilier le grand public avec la politique.<\/p>\n<p>M\u00eame si Me Youssoufi a officiellement pris sa retraite politique \u00e0 la fin de son mandat \u00e0 la t\u00eate du gouvernement d\u2019alternance, il est rest\u00e9 respect\u00e9 et \u00e9cout\u00e9 par ses pairs \u00e0 la fois dans son propre parti, mais \u00e9galement dans le milieu politique. Avec sa longue exp\u00e9rience, il avait un regard perspicace et profond de la situation du pays mais \u00e9galement dans certains dossiers internationaux. Le grand public avait rendez vous il y a quelques mois, avec la publication de ses m\u00e9moires, co-dirig\u00e9s avec certains de ses compagnons de route. Des m\u00e9moires riches en enseignements.<\/p>\n<p>Il \u00e9tait un homme politique d\u2019une classe particuli\u00e8re. Car rares sont les hommes politiques ayant gard\u00e9 le respect et l\u2019admiration de toute la nation et des hauts lieux m\u00eame apr\u00e8s la retraite. Ainsi et en 2016, Sa Majest\u00e9 le Roi Mohammed VI avait inaugur\u00e9 \u00e0 Tanger une avenue portant le nom du d\u00e9funt, en hommage \u00e0 son patriotisme.<\/p>\n<p>En 2019, le Souverain, Chef supr\u00eame et Chef d\u2019\u00c9tat-major g\u00e9n\u00e9ral des FAR, avait pr\u00e9sid\u00e9 \u00e0 T\u00e9touan la c\u00e9r\u00e9monie de prestation de serment de 1.839 officiers laur\u00e9ats des diff\u00e9rents instituts et \u00e9coles militaires et paramilitaires et officiers issus des rangs, dont 283 officiers femmes, et avait baptis\u00e9 cette promotion du nom de Aderrahmane El Youssoufi, en hommage \u00e0 ses principes immuables de patriotisme, d\u2019attachement aux symboles sacr\u00e9s de la Nation et \u00e0 l\u2019int\u00e9grit\u00e9 territoriale du Royaume.<\/p>\n<p>L\u2019ancien Premier ministre, Abderrahmane El Youssoufi avait \u00e9t\u00e9 hospitalis\u00e9 dimanche dans la clinique Cheikh Khalifah \u00e0 Casablanca. Il avait \u00e9t\u00e9 admis en r\u00e9animation suite \u00e0 un probl\u00e8me de sant\u00e9. Il a \u00e9t\u00e9 inhum\u00e9 ce vendredi m\u00eame apr\u00e8s la pri\u00e8re d\u2019Addohr. Adieu Me Youssoufi. Vous resterez grav\u00e9 dans nos m\u00e9moires \u00e0 jamais. \u00abNous sommes \u00e0 Dieu et \u00e0 lui nous retournons\u00bb<\/p>\n<p>Auteur: Mohamed Badrane<br \/>\n<a href=\"https:\/\/aujourdhui.ma\/politique\/deces-de-abderrahmane-el-youssoufi-une-icone-politique-nous-quitte\">Cliquez ici pour lire l&rsquo;article depuis sa source.<\/a><\/p>\n","protected":false},"excerpt":{"rendered":"<p>Le Maroc est en deuil. Le pays vient de perdre un symbole de toute une \u00e9poque. L\u2019ancien Premier ministre, Abderrahmane El Youssoufi, est d\u00e9c\u00e9d\u00e9 dans la nuit de jeudi \u00e0 vendredi \u00e0 Casablanca, \u00e0 l\u2019\u00e2ge de 96 ans. L\u2019homme politique a su traverser les \u00e9tapes successives dans le milieu politique tout en restant fid\u00e8le \u00e0 [&hellip;]<\/p>\n","protected":false},"author":1759,"featured_media":87102,"comment_status":"closed","ping_status":"closed","sticky":false,"template":"","format":"standard","meta":{"fifu_image_url":"","fifu_image_alt":"","footnotes":""},"categories":[73,54],"tags":[],"class_list":["post-87101","post","type-post","status-publish","format-standard","has-post-thumbnail","hentry","category-actualite","category-maroc"],"_links":{"self":[{"href":"https:\/\/linitiative.ca\/International\/wp-json\/wp\/v2\/posts\/87101","targetHints":{"allow":["GET"]}}],"collection":[{"href":"https:\/\/linitiative.ca\/International\/wp-json\/wp\/v2\/posts"}],"about":[{"href":"https:\/\/linitiative.ca\/International\/wp-json\/wp\/v2\/types\/post"}],"author":[{"embeddable":true,"href":"https:\/\/linitiative.ca\/International\/wp-json\/wp\/v2\/users\/1759"}],"replies":[{"embeddable":true,"href":"https:\/\/linitiative.ca\/International\/wp-json\/wp\/v2\/comments?post=87101"}],"version-history":[{"count":0,"href":"https:\/\/linitiative.ca\/International\/wp-json\/wp\/v2\/posts\/87101\/revisions"}],"wp:featuredmedia":[{"embeddable":true,"href":"https:\/\/linitiative.ca\/International\/wp-json\/"}],"wp:attachment":[{"href":"https:\/\/linitiative.ca\/International\/wp-json\/wp\/v2\/media?parent=87101"}],"wp:term":[{"taxonomy":"category","embeddable":true,"href":"https:\/\/linitiative.ca\/International\/wp-json\/wp\/v2\/categories?post=87101"},{"taxonomy":"post_tag","embeddable":true,"href":"https:\/\/linitiative.ca\/International\/wp-json\/wp\/v2\/tags?post=87101"}],"curies":[{"name":"wp","href":"https:\/\/api.w.org\/{rel}","templated":true}]}}