{"id":87107,"date":"2020-05-29T11:06:29","date_gmt":"2020-05-29T15:06:29","guid":{"rendered":"https:\/\/linitiative.ca\/International\/partenariat-lue-porte-un-appui-financier-au-maroc-de-17-milliard-de-dhs\/"},"modified":"2020-05-29T11:06:29","modified_gmt":"2020-05-29T15:06:29","slug":"partenariat-lue-porte-un-appui-financier-au-maroc-de-17-milliard-de-dhs","status":"publish","type":"post","link":"https:\/\/linitiative.ca\/International\/partenariat-lue-porte-un-appui-financier-au-maroc-de-17-milliard-de-dhs\/","title":{"rendered":"Partenariat : L\u2019UE porte un appui financier au Maroc de 1,7 milliard de DHS"},"content":{"rendered":"<p><img decoding=\"async\" class=\"post_layout_5_img\" src=\"http:\/\/aujourdhui.ma\/wp-content\/uploads\/2020\/05\/Benchaaboun-et-Claudia-Wiedey-\u2019Union-europ\u00e9enne.jpg\" alt=\"Partenariat : L&#x2019;UE porte un appui financier au Maroc de 1,7 milliard de DHS\"\/><\/p>\n<p><span class=\"c8\"><span class=\"c7\"><strong>L\u2019Union Europ\u00e9enne et le Maroc renforcent leur partenariat strat\u00e9gique.<\/strong><\/span> <span id=\"more-346155\"\/><\/span><\/p>\n<p>En effet, Mohamed Benchaaboun, ministre de l\u2019Economie, des Finances et de la R\u00e9forme de l\u2019Administration du Royaume du Maroc, et Claudia Wiedey, l\u2019Ambassadrice de l\u2019Union europ\u00e9enne, se sont f\u00e9licit\u00e9s des versements de l\u2019UE intervenus au 26 mai, au b\u00e9n\u00e9fice du budget du Maroc, soulignent les deux parties dans un communiqu\u00e9, pr\u00e9cisant que cette initiative concerne un montant total de plus de 1,7 milliard de dirhams (157 millions d\u2019euros) en appui \u00e0 la lutte contre le COVID-19.<\/p>\n<p>\u00abCes versements ont \u00e9t\u00e9 effectu\u00e9s dans le cadre de programmes d\u2019appui de l\u2019Union europ\u00e9enne notamment \u00e0 la Sant\u00e9, \u00e0 la Protection Sociale, \u00e0 la Formation et l\u2019Enseignement,et \u00e0 la Comp\u00e9titivit\u00e9 des entreprises et la croissance verte. Ces subventions r\u00e9pondent aux efforts incessants men\u00e9s par l\u2019Etat marocain depuis les premiers jours de la pand\u00e9mie notamment \u00e0 travers le Fonds national de solidarit\u00e9 COVID-19 \u00bb, explique la m\u00eame source, relevant que l\u2019appui de l\u2019Union europ\u00e9enne vient soutenir l\u2019approche proactive poursuivie par le Royaume du Maroc, suite aux Hautes Orientations de Sa Majest\u00e9 le Roi Mohammed IV, dans la gestion de cette crise, et les mesures entreprises pour en att\u00e9nuer les cons\u00e9quences sanitaires, sociales et \u00e9conomiques.<\/p>\n<p>Dans ce sens, le Maroc et l\u2019Union europ\u00e9enne ont se disent r\u00e9ussir ensemble \u00e0 mettre en \u0153uvre les engagements pris en mars 2020, dans des d\u00e9lais extr\u00eamement courts, gr\u00e2ce \u00e0 la mobilisation continue de leurs \u00e9quipes \u00e0 Rabat et \u00e0 Bruxelles. Par ailleurs, d\u2019autres versements interviendront d\u2019ici la fin de l\u2019ann\u00e9e 2020 d\u2019un montant de plus de 3 milliards de dirhams (300 millions d\u2019euros) et participeront \u00e0 l\u2019att\u00e9nuation des cons\u00e9quences \u00e9conomiques et sociales de la crise sanitaire, notamment \u00e0 travers un programme sp\u00e9cifique d\u2019\u00abAppui europ\u00e9en \u00e0 la r\u00e9ponse \u00e0 la crise COVID-19\u00bb et une troisi\u00e8me phase du programme en appui \u00e0 la Sant\u00e9, assurent les deux partenaires.<\/p>\n<p>Auteur: ALM<br \/>\n<a href=\"https:\/\/aujourdhui.ma\/economie\/partenariat-lue-porte-un-appui-financier-au-maroc-de-17-milliard-de-dhs\">Cliquez ici pour lire l&rsquo;article depuis sa source.<\/a><\/p>\n","protected":false},"excerpt":{"rendered":"<p>L\u2019Union Europ\u00e9enne et le Maroc renforcent leur partenariat strat\u00e9gique. En effet, Mohamed Benchaaboun, ministre de l\u2019Economie, des Finances et de la R\u00e9forme de l\u2019Administration du Royaume du Maroc, et Claudia Wiedey, l\u2019Ambassadrice de l\u2019Union europ\u00e9enne, se sont f\u00e9licit\u00e9s des versements de l\u2019UE intervenus au 26 mai, au b\u00e9n\u00e9fice du budget du Maroc, soulignent les deux [&hellip;]<\/p>\n","protected":false},"author":1759,"featured_media":87108,"comment_status":"closed","ping_status":"closed","sticky":false,"template":"","format":"standard","meta":{"fifu_image_url":"","fifu_image_alt":"","footnotes":""},"categories":[73,54],"tags":[],"class_list":["post-87107","post","type-post","status-publish","format-standard","has-post-thumbnail","hentry","category-actualite","category-maroc"],"_links":{"self":[{"href":"https:\/\/linitiative.ca\/International\/wp-json\/wp\/v2\/posts\/87107","targetHints":{"allow":["GET"]}}],"collection":[{"href":"https:\/\/linitiative.ca\/International\/wp-json\/wp\/v2\/posts"}],"about":[{"href":"https:\/\/linitiative.ca\/International\/wp-json\/wp\/v2\/types\/post"}],"author":[{"embeddable":true,"href":"https:\/\/linitiative.ca\/International\/wp-json\/wp\/v2\/users\/1759"}],"replies":[{"embeddable":true,"href":"https:\/\/linitiative.ca\/International\/wp-json\/wp\/v2\/comments?post=87107"}],"version-history":[{"count":0,"href":"https:\/\/linitiative.ca\/International\/wp-json\/wp\/v2\/posts\/87107\/revisions"}],"wp:featuredmedia":[{"embeddable":true,"href":"https:\/\/linitiative.ca\/International\/wp-json\/"}],"wp:attachment":[{"href":"https:\/\/linitiative.ca\/International\/wp-json\/wp\/v2\/media?parent=87107"}],"wp:term":[{"taxonomy":"category","embeddable":true,"href":"https:\/\/linitiative.ca\/International\/wp-json\/wp\/v2\/categories?post=87107"},{"taxonomy":"post_tag","embeddable":true,"href":"https:\/\/linitiative.ca\/International\/wp-json\/wp\/v2\/tags?post=87107"}],"curies":[{"name":"wp","href":"https:\/\/api.w.org\/{rel}","templated":true}]}}